{"id":15105,"date":"2021-10-29T01:14:05","date_gmt":"2021-10-28T22:14:05","guid":{"rendered":"https:\/\/stj-sy.org\/suriye-ras-al-ain-serekaniye-sultan-murat-ve-al-mutasim-sanayi-bolgesini-yagiyorlar\/"},"modified":"2021-10-29T01:19:10","modified_gmt":"2021-10-28T22:19:10","slug":"suriye-ras-al-ain-serekaniye-sultan-murat-ve-al-mutasim-sanayi-bolgesini-yagiyorlar","status":"publish","type":"post","link":"https:\/\/stj-sy.org\/tr\/suriye-ras-al-ain-serekaniye-sultan-murat-ve-al-mutasim-sanayi-bolgesini-yagiyorlar\/","title":{"rendered":"Suriye: Ras Al-Ain\/Serekaniye: &#8220;Sultan Murat&#8221; ve &#8220;Al-Mutas\u0131m&#8221; sanayi b\u00f6lgesini ya\u011f\u0131yorlar"},"content":{"rendered":"<h4 style=\"text-align: justify;\"><strong>Y\u00f6netici \u00d6zet:<\/strong><\/h4>\n<p style=\"text-align: justify;\">T\u00fcrkiye&#8217;nin 9 Ekim 2020 y\u0131l\u0131nda ba\u015flayan &#8220;Bar\u0131\u015f P\u0131nar\u0131&#8221; harek\u00e2t\u0131 s\u0131ras\u0131nda Ras Al-Ain\/Serekaniye ile T\u0131l Abyad aras\u0131ndaki b\u00f6lgenin kontrol\u00fcn\u00fc ele ge\u00e7irmesinin ard\u0131ndan, Suriye Ulusal Ordusu&#8217;na (Suriye muhalefet koalisyonu) ba\u011fl\u0131 askeri gruplar hem kamu hem de \u00f6zel m\u00fclkiyeti etkileyen kapsaml\u0131 ya\u011fma ve m\u00fclk ya\u011fma operasyonlar\u0131 ger\u00e7ekle\u015ftirdi. Ras Al-Ain\/serekaniye, 220&#8217;den fazla ma\u011faza ve end\u00fcstriyel at\u00f6lye i\u00e7eren sanayi b\u00f6lgesinde yer alan ma\u011faza, at\u00f6lye ve depolar\u0131n i\u00e7erikleri d\u00e2hil ve m\u00fclk\u00fcn as\u0131l sahipleri ya\u011fmalanan malzemelerin de\u011feri milyonlarca dolar etti\u011fi tahmin ettiler.<\/p>\n<p style=\"text-align: justify;\">Sanayi b\u00f6lgesinden ya\u011fmalanan ve \u00e7al\u0131nan malzemelerin \u00e7ok k\u00fc\u00e7\u00fck bir k\u0131sm\u0131 Suriye Ulusal Ordusu gruplar\u0131 taraf\u0131ndan as\u0131l sahiplerine yeniden sat\u0131ld\u0131. T\u00fcrkiye&#8217;nin destekledi\u011fi silahl\u0131 gruplar \u00e7al\u0131nan mallar\u0131 sat\u0131p bir k\u0131sm\u0131n\u0131 da erittiler ve yerel Suriyeli ve T\u00fcrk t\u00fcccarlar\u0131n (T\u00fcrkiye&#8217;den geldiler) yarar\u0131na ticaretini yapt\u0131lar.<\/p>\n<p style=\"text-align: justify;\">Esas olarak &#8220;Sultan Murat\/Fahim \u0130sa \u00f6nderli\u011findeki&#8221; fraksiyonu sanayi b\u00f6lgesindeki d\u00fckk\u00e2nlar\u0131 ele ge\u00e7irdi ard\u0131ndan fraksiyon \u00fcyeleri ya\u011fmalad\u0131, \u00e7ald\u0131 veya t\u00fcm i\u00e7eri\u011fine el koydu. Di\u011fer tan\u0131kl\u0131klar, &#8220;Mutas\u0131m Abbas komutanl\u0131\u011f\u0131ndaki Al-Mutas\u0131m T\u00fcmeni&#8217;nin&#8221; bu ya\u011fma ve h\u0131rs\u0131zl\u0131k operasyonlar\u0131na ancak daha az bir \u00f6l\u00e7\u00fcde kar\u0131\u015ft\u0131\u011f\u0131n\u0131 do\u011frulad\u0131. T\u00fcm bu operasyonlar b\u00f6lgede yo\u011fun olarak bulunan T\u00fcrk Ordusu taraf\u0131ndan bu ihlallerin \u00f6n\u00fcne ge\u00e7mek hi\u00e7bir ad\u0131m at\u0131lmadan ger\u00e7ekle\u015ftirildi.<\/p>\n<p style=\"text-align: justify;\">Ayr\u0131ca T\u0131l Abyad \u015fehri ile Ras Al-Ain\/Serekaniye aras\u0131ndaki b\u00f6lgede bulunan di\u011fer gruplar da (Sukur Al-\u015eamal Tugay\u0131 \u2013 Ahrar Al-\u015earkiye grubu) &#8220;bak\u0131r&#8221; \u00e7\u0131karmak i\u00e7in kamu mallar\u0131n\u0131 ya\u011fmalad\u0131lar. Buda elektrik ve sulama \u015febekelerinin sabote edilmesine ve bir\u00e7ok bina ve arazisinin zara g\u00f6rmesine neden oldu.<\/p>\n<p style=\"text-align: justify;\">Bu rapor \u00fczerinde, \u00e7al\u0131\u015fan \u00fc\u00e7 ortaktan (Bell-Sivil Dalgalar, Hakikat ve Adalet i\u00e7in Suriyeliler ve Hevdesti (Tazur) Derne\u011fi\/kuzeydo\u011fu Suriye&#8217;deki T\u00fcrk askeri i\u015fgalinin ma\u011fdurlar\u0131 i\u00e7in olan) saha ara\u015ft\u0131rmac\u0131lar\u0131 taraf\u0131ndan toplanan tan\u0131kl\u0131klara g\u00f6re. Suriye Ge\u00e7ici H\u00fck\u00fcmeti&#8217;ne (Suriye Muhalefet Koalisyonu) ba\u011fl\u0131 Ras Al-Ain yerel meclisi, ya\u011fmalanan madenlerin kolayla\u015ft\u0131rma s\u00fcrecinde para kar\u015f\u0131l\u0131\u011f\u0131nda ya\u011fmalanmas\u0131n\u0131 ve sat\u0131lmas\u0131n\u0131 kar\u0131\u015ft\u0131\u011f\u0131n\u0131 ortaya koyuyor.<\/p>\n<p style=\"text-align: justify;\">Ayr\u0131ca Hakikat ve Adalet i\u00e7in Suriyelilerin &#8220;demir sat\u0131\u015f&#8221; operasyonlar\u0131n\u0131 yak\u0131ndan tan\u0131yan yerel bir kaynak, &#8220;Bar\u0131\u015f P\u0131nar\u0131&#8221; b\u00f6lgesindeki bu sat\u0131\u015f operasyonlar\u0131n\u0131n T\u00fcrk t\u00fcccarlar\u0131 ila Sultan Murat ve Al-Hamza t\u00fcmenlerin aras\u0131nda, \u015eanl\u0131urfa Valisi&#8217;nin bilgisi ve onun koordinasyonunda ger\u00e7ekle\u015fti\u011fini ortaya koydu. Ve bu ithalat s\u00fcreci, T\u00fcrk yerel \u00fcr\u00fcnleriyle rekabetten ka\u00e7\u0131nmak i\u00e7in makamlar\u0131 taraf\u0131ndan engelleniyor. Suriye&#8217;den \u00e7al\u0131nan hammaddeler, T\u00fcrkiye pazar\u0131ndaki normal fiyat\u0131n alt\u0131nda bir fiyata geldi\u011fi i\u00e7inde.<\/p>\n<p style=\"text-align: justify;\">&#8220;Suriyeliler&#8221; ya\u011fmalanan malzemelerin bir k\u0131sm\u0131n\u0131 &#8220;4.T\u00fcmen&#8221; arac\u0131\u011f\u0131yla Suriye H\u00fck\u00fcmetine ve \u015eam&#8217;dan gelen di\u011fer t\u00fcccarlar taraf\u0131ndan Ahrar Al-\u015earkiye ve Al-\u015earkiye Ordusu ila koordineli olarak sat\u0131ld\u0131\u011f\u0131n\u0131 \u00f6\u011frendi. Ya\u011fmalanan malzemeler Bar\u0131\u015f P\u0131nar\u0131 Harek\u00e2t\u0131&#8217;ndan yakla\u015f\u0131k \u00fc\u00e7 ay sonra &#8220;Tuffaha s\u0131n\u0131r kap\u0131s\u0131ndan&#8221; &#8220;Ham\u015fo&#8221; fabrikalar\u0131na do\u011fru yola \u00e7\u0131kt\u0131.<\/p>\n<p style=\"text-align: justify;\">Bu rapordaki \u00fc\u00e7 orta\u011f\u0131n bulgular\u0131 Uluslararas\u0131 Ba\u011f\u0131ms\u0131z Suriye Soru\u015fturma Komisyonu&#8217;nun 14 A\u011fustos 2020 y\u0131l\u0131nda yay\u0131nlanan raporunda (A\/HRC\/45\/31) bulgular\u0131n\u0131 peki\u015ftiriyor. Buda Ras Al-Ain\/Serekaniye b\u00f6lgesinde d\u00fczenli ve yayg\u0131n olarak ya\u011fma ve m\u00fclk el konulmas\u0131n\u0131n varl\u0131\u011f\u0131n\u0131 do\u011frulad\u0131.<\/p>\n<p style=\"text-align: justify;\">Bu raporda a\u00e7\u0131klanan eylemler bir dizi sava\u015f yasas\u0131n\u0131 ihlal ediyor. Ek olarak Amerika Birle\u015fik Devletleri ile T\u00fcrkiye aras\u0131nda, T\u00fcrkiye&#8217;nin kuzeydo\u011fu Suriye&#8217;yi i\u015fgal etmensin ard\u0131ndan ate\u015fkese konusunda imzalanan &#8220;Tarihi anla\u015fman\u0131n&#8221; baz\u0131 h\u00fck\u00fcmleri. Dini ve etnik topluluklar\u0131n korunmas\u0131n\u0131 sa\u011flayan 4.madde d\u00e2hil. Ve T\u00fcrkiye sivillere ve zarar vermemeye ve t\u00fcm n\u00fcfus merkezlerinde ya\u015fayanlar\u0131n g\u00fcvenlik ve esenli\u011fini sa\u011flamay\u0131 taahh\u00fct etti (7.madde).<\/p>\n<p style=\"text-align: justify;\">Bu raporda yer alan ifadeler, T\u00fcrkiye&#8217;nin Amerika Birle\u015fik Devletleri ile imzalad\u0131\u011f\u0131 anla\u015fmada imzalad\u0131\u011f\u0131 taahh\u00fctlere uyumad\u0131\u011f\u0131n\u0131 mahal b\u0131rakmayacak \u015fekilde teyit etmektedir. Bunun yerine, g\u00f6z devirdi ve bazen sava\u015f su\u00e7u ve belki de insanl\u0131\u011fa kar\u015f\u0131 su\u00e7 te\u015fkil edebilecek eylemlerde bulundu.<\/p>\n<p style=\"text-align: justify;\"><strong>\u00dc\u00e7 ortak, Amerika Birle\u015fik Devletleri&#8217;nden 2021 Temmuz ay\u0131 boyunca Suriyeli muhalif &#8220;Ahrar Al-\u015earkiye&#8221; grubuna uygulad\u0131\u011f\u0131 cezalar\u0131n kapsam\u0131n\u0131 geni\u015fletmesini talep ediyor ve bu iki birimi (Sultan Murat fraksiyonu ve Al-Mutas\u0131m t\u00fcmeni) ve onlar\u0131n askeri komutanlar\u0131n\u0131 ek olarak Ras Al-Ain yerel konseyine, Ras Al-Ain\/serekaniye b\u00f6lgesindeki yayg\u0131n ya\u011fmalama ve sivil m\u00fclk\u00fcn soygununa (\u00f6zellikle Suriyeli K\u00fcrtlerin) kar\u0131\u015fmalar\u0131 nedeniyle d\u00e2hil etmek. <\/strong><\/p>\n<p style=\"text-align: justify;\">Suriye Adalet ve Hesap Verebilirlik Merkezi, T\u00fcrkiye taraf\u0131ndan desteklenen silahl\u0131 fraksiyon &#8220;Ahrar Al-\u015earkiye&#8221;ye ABD yapt\u0131r\u0131mlar\u0131n\u0131n uygulamas\u0131n\u0131n kuzey Suriye&#8217;deki insan haklar\u0131n\u0131 korumada ileriye do\u011fru bir ad\u0131m oldu\u011funu d\u00fc\u015f\u00fcnd\u00fc. Yapt\u0131r\u0131mlar\u0131n, Suriye Ulusal Ordusu&#8217;nun Sultan S\u00fcleyman \u015eah Tugay\u0131 gibi fraksiyonlar\u0131 d\u00e2hil olmak \u00fczere, b\u00f6lgede ceza almadan ihlal yapan di\u011fer silahl\u0131 gruplar\u0131 da kapsayacak \u015fekilde geni\u015fletilmesi \u00e7a\u011fr\u0131s\u0131nda bulundu. Bu yapt\u0131r\u0131mlar, T\u00fcrkiye&#8217;nin kuzeybat\u0131 Suriye&#8217;deki i\u015fgalini normalle\u015ftirme giri\u015fimlerine direnmek i\u00e7in diplomatik bask\u0131yla birle\u015ftirilmelidir.<\/p>\n<h4 style=\"text-align: justify;\"><strong>\u00a0<\/strong><strong>Hukuki Analiz<\/strong><strong>:<\/strong><\/h4>\n<p style=\"text-align: justify;\">1907 tarihli Lahay S\u00f6zle\u015fmesinin kara sava\u015f kanun ve \u00f6rflerine ili\u015fkin y\u00f6netmeli\u011fin 42.Maddesine dayan\u0131larak, T\u00fcrkiye&#8217;nin Suriye&#8217;deki varl\u0131\u011f\u0131 ve Bar\u0131\u015f P\u0131nar\u0131 Harek\u00e2t\u0131&#8217;ndan sonra Suriye topraklar\u0131n\u0131n baz\u0131 k\u0131s\u0131mlar\u0131n\u0131 do\u011frudan veya \u00fcyeleri arac\u0131\u011f\u0131yla kapsaml\u0131 bir \u015fekilde kontrol etmesi bir i\u015fgal olarak kabul ediliyor. 1949 tarihli d\u00f6rt Cenevre S\u00f6zle\u015fmesinin ortak 2.Maddesinde a\u00e7\u0131k\u00e7a belirtildi\u011fi gibi, b\u00f6yle bir durum Uluslararas\u0131 silahl\u0131 \u00e7at\u0131\u015fmalar i\u00e7in uluslararas\u0131 insanc\u0131l hukuk taraf\u0131ndan y\u00f6netilir. Buna g\u00f6re, bu raporda at\u0131ftan bulunulan ve i\u015fgal alt\u0131ndaki bu topraklarda sivillere ve m\u00fclklerine kar\u015f\u0131 i\u015flenen ihlaller, uluslararas\u0131 insanc\u0131l hukukuna a\u00e7\u0131k ihlaller ve \u00e7o\u011fu durumda, ayn\u0131 zamanda sava\u015f su\u00e7lar\u0131 olan Cenevre S\u00f6zle\u015fmelerinin a\u011f\u0131r ihlalleri olu\u015fturuyor.<\/p>\n<p style=\"text-align: justify;\">D\u00f6rd\u00fcnc\u00fc Cenevre S\u00f6zle\u015fmesi&#8217;nin 49.Maddesi, i\u015fgalci g\u00fcc\u00fc i\u015fgal alt\u0131ndaki topraklardaki sivillerin g\u00fcvenli\u011finden ve emniyetinden sorumlu olmaya mecbur k\u0131l\u0131yor. Buna ek olarak, bu S\u00f6zle\u015fmenin 147.Maddesi &#8220;geni\u015f \u00e7apta askeri gerekliliklerle gerek\u00e7elendirilmeyen m\u00fclk\u00fcn yasad\u0131\u015f\u0131 olarak yok edilmesi ve el konulmas\u0131&#8221; i\u015flemlerinin t\u00fcm\u00fcn\u00fcn Cenevre S\u00f6zle\u015fmelerinin ciddi ihlalleri oldu\u011funu kabul eder. Ve ek olarak, devletin sorumlulu\u011funa, ayn\u0131 anla\u015fman\u0131n 146.Maddesine g\u00f6re su\u00e7u i\u015fleyen ki\u015fi ve komutanlar i\u00e7in de cezai hesap verebilirlik gerektirir.<\/p>\n<p style=\"text-align: justify;\">Yukar\u0131dakilere ek olarak, T\u00fcrkiye&#8217;nin yasal olarak t\u00fcm uluslararas\u0131 s\u00f6zle\u015fme ve geleneksel y\u00fck\u00fcml\u00fcl\u00fcklerine uymakla y\u00fck\u00fcml\u00fc oldu\u011funu belirtmek gerekir. Sadece silahl\u0131 \u00e7at\u0131\u015fmalarla ilgili olanlar de\u011fil, ayn\u0131 zamanda t\u00fcm uluslararas\u0131 insan haklar\u0131 hukuku anla\u015fmalar\u0131, silahl\u0131 \u00e7at\u0131\u015fma durumlar\u0131nda ve s\u0131n\u0131rlar\u0131n\u0131n d\u0131\u015f\u0131nda bile ge\u00e7erli ve uygulanabilir olanlar. \u00d6zellikle, a\u00e7\u0131k\u00e7a kendi yetkisi alt\u0131nda olan sivillere veya m\u00fclklerine y\u00f6nelik muamele ile ilgili i\u015fgal durumlar\u0131nda.<\/p>\n<p style=\"text-align: justify;\">Dolay\u0131s\u0131yla s\u00f6z konusu t\u00fcm ihlal ve su\u00e7lardan do\u011frudan T\u00fcrk devleti sorumludur. Ve i\u015fgal etti\u011fi topraklarda sivillere, korunan ki\u015filere ve onlar\u0131n mallar\u0131na kar\u015f\u0131 i\u015flenen bu uygulamalara ve su\u00e7lara son vermelidir. \u0130\u015fgalci bir g\u00fc\u00e7 ve bir y\u00fcksek s\u00f6zle\u015fmeci taraf olarak T\u00fcrk devleti, D\u00f6rd\u00fcnc\u00fc Cenevre S\u00f6zle\u015fmesi&#8217;nin 146.Maddesine g\u00f6re, &#8220;bu t\u00fcr a\u011f\u0131r ihlalleri i\u015flemekle veya emretmekle su\u00e7lananlar\u0131, uyru\u011fu ne olursa olsun, mahkeme \u00f6n\u00fcne \u00e7\u0131karmakla&#8221; takip etmek zorunda. Ayr\u0131ca i\u015fgal etti\u011fi topraklarda sivilleri ve m\u00fclklerini koruma konusunda t\u00fcm sorumluluklar\u0131n\u0131 \u00fcstlenmelidir.<\/p>\n<h4 style=\"text-align: justify;\"><strong>Rapor Metodolojisi:<\/strong><\/h4>\n<p style=\"text-align: justify;\">Bu rapor &#8220;Bell-Sivil Dalgalar&#8221;, &#8220;Hakikat ve Adalet i\u00e7in Suriyeliler&#8221; ve &#8220;Tazur Derne\u011fi&#8221; kuzeydo\u011fu Suriye&#8217;deki T\u00fcrk askeri i\u015fgalinin ma\u011fdurlar\u0131 i\u00e7in olan taraf\u0131ndan ortakla\u015fa haz\u0131rlanm\u0131\u015ft\u0131r.<\/p>\n<p style=\"text-align: justify;\">Ortak raporunda, Ocak-Eyl\u00fcl 2021 d\u00f6neminde, Suriye Ulusal Ordusu, Sivil Polis ve yerel aktivistlere ek olarak tan\u0131klardan kazalara ve m\u00fclklerine el konan ve ya\u011fmalanan ki\u015filere kadar, \u00fc\u00e7 ortak taraf\u0131ndan elde edilen 24 ifadeye ve do\u011frudan bir g\u00f6r\u00fc\u015fmeye dayand\u0131. Ayr\u0131ca &#8220;Suriyeliler&#8221; ve &#8220;Hevdesti (Tazur)&#8221; saha ara\u015ft\u0131rmac\u0131lar\u0131 taraf\u0131ndan toplanan ve do\u011frulanan di\u011fer bilgiler ve ek olarak Ras Al-Ain\/Serekaniye&#8217;deki m\u00fclkiyet hakk\u0131 ihlallerinin belgelenmesi i\u00e7in y\u00fcr\u00fct\u00fclen bir proje kapsam\u0131nda Bell Derne\u011fi&#8217;nin elde etti\u011fi ifadeler d\u00e2hil.<\/p>\n<p style=\"text-align: justify;\">\u00dc\u00e7 derne\u011fin ba\u015fka bir tan\u0131k gurubu ve kaynaklarla elde edilen bilgileri kesintiye u\u011fratt\u0131 (s\u00f6zleri do\u011frudan al\u0131nt\u0131lanmad\u0131, ancak ama\u00e7 onlarla bilgiyi kesmek ve do\u011frulamakt\u0131). &#8220;Suriyelilerle&#8221; saha ara\u015ft\u0131rmac\u0131s\u0131, Ulusal Ordu&#8217;nun Ras Al-Ain k\u0131rsal\u0131ndaki bir onar\u0131m at\u00f6lyesini devralmas\u0131 olay\u0131n\u0131, bir komutan taraf\u0131ndan at\u00f6lyenin ya\u011fmalanmas\u0131na itiraz etti\u011fi i\u00e7in tutuklayan bir adamla ileti\u015fim kurarak takip etti.<\/p>\n<p style=\"text-align: justify;\"><strong>Toplamda, bu raporun amac\u0131 do\u011frultusunda, 24 ki\u015finin ifadeleri listelenmi\u015f ve al\u0131nt\u0131lanm\u0131\u015f olan 34&#8217;ten fazla ki\u015fiyle g\u00f6r\u00fc\u015f\u00fclm\u00fc\u015ft\u00fcr.<\/strong><\/p>\n<p style=\"text-align: justify;\">Bu ya\u011fma operasyonlar\u0131n\u0131 ger\u00e7ekle\u015ftiren &#8220;Muhalefet&#8221;ler olan Suriye Ulusal Ordusu&#8217;na ba\u011fl\u0131 fraksiyonlar, Ras Al-Ain b\u00f6lgesindeki etki alanlar\u0131n\u0131 \u015fu \u015fekilde payla\u015f\u0131yorlar:<strong> Ras Al-Ain \u015fehri ve do\u011fu ve g\u00fcney k\u0131rsal\u0131: <\/strong>\u0130kinci Kolordu&#8217;nun fraksiyonlar\u0131 taraf\u0131ndan kontrol ediliyor, onlarda &#8220;Sultan Murat, Al-Hamza, Sukur Al-\u015eamal, \u0130slam Ordusu ve Al-Mutas\u0131m&#8221; T\u00fcmenleri. <strong>Bat\u0131 k\u0131rsal\u0131: <\/strong>burada \u0130lk Kolordu&#8217;nun fraksiyonlar\u0131, ba\u015f\u0131nda i\u015fledi\u011fi su\u00e7lar ve ihlaller nedeniyle yapt\u0131r\u0131m listesine al\u0131nan &#8220;Ahrar Al-\u015earkiye grubu&#8221; fraksiyonu yer al\u0131nan yay\u0131l\u0131yor.<\/p>\n<p><img decoding=\"async\" class=\" wp-image-15107 aligncenter\" src=\"https:\/\/stj-sy.org\/wp-content\/uploads\/2021\/10\/\u0627\u0644\u0645\u0639\u0627\u062f\u0646-English-1-780x497.jpg\" alt=\"\" width=\"500\" height=\"319\" srcset=\"https:\/\/stj-sy.org\/wp-content\/uploads\/2021\/10\/\u0627\u0644\u0645\u0639\u0627\u062f\u0646-English-1-780x497.jpg 780w, https:\/\/stj-sy.org\/wp-content\/uploads\/2021\/10\/\u0627\u0644\u0645\u0639\u0627\u062f\u0646-English-1-1256x800.jpg 1256w, https:\/\/stj-sy.org\/wp-content\/uploads\/2021\/10\/\u0627\u0644\u0645\u0639\u0627\u062f\u0646-English-1-707x450.jpg 707w, https:\/\/stj-sy.org\/wp-content\/uploads\/2021\/10\/\u0627\u0644\u0645\u0639\u0627\u062f\u0646-English-1-768x489.jpg 768w, https:\/\/stj-sy.org\/wp-content\/uploads\/2021\/10\/\u0627\u0644\u0645\u0639\u0627\u062f\u0646-English-1-1536x978.jpg 1536w, https:\/\/stj-sy.org\/wp-content\/uploads\/2021\/10\/\u0627\u0644\u0645\u0639\u0627\u062f\u0646-English-1-1170x745.jpg 1170w, https:\/\/stj-sy.org\/wp-content\/uploads\/2021\/10\/\u0627\u0644\u0645\u0639\u0627\u062f\u0646-English-1-585x373.jpg 585w, https:\/\/stj-sy.org\/wp-content\/uploads\/2021\/10\/\u0627\u0644\u0645\u0639\u0627\u062f\u0646-English-1.jpg 1696w\" sizes=\"(max-width: 500px) 100vw, 500px\" \/><\/p>\n<p style=\"text-align: center;\">Ras Al-Ain\/Serekaniye b\u00f6lgesindeki silahl\u0131 Suriyeli muhalif gruplar\u0131n kontrol alanlar\u0131n\u0131n da\u011f\u0131l\u0131m\u0131n\u0131 g\u00f6steren bir harita.<\/p>\n<p>&nbsp;<\/p>\n<div class=\"module-message__container-outer\">\n<div class=\"module-message__container module-message__container--incoming\">\n<div class=\"module-message__text module-message__text--incoming\" dir=\"auto\"><strong><a href=\"https:\/\/stj-sy.org\/ar\/%d8%b3%d9%88%d8%b1%d9%8a%d8%a7-%d8%b1%d8%a3%d8%b3-%d8%a7%d9%84%d8%b9%d9%8a%d9%86-%d8%b3%d8%b1%d9%8a-%d9%83%d8%a7%d9%86%d9%8a%d9%87-%d8%a7%d9%84%d8%b3%d9%84%d8%b7%d8%a7%d9%86-%d9%85%d8%b1%d8%a7\/\">Bu makale Arap\u00e7adan \u00e7evrilmi\u015ftir. Orijinal makaleyi okumak i\u00e7in, l\u00fctfen a\u015fa\u011f\u0131daki ba\u011flant\u0131y\u0131\u00a0kullan\u0131n.<\/a><\/strong><\/div>\n<\/div>\n<\/div>\n","protected":false},"excerpt":{"rendered":"<p>Y\u00f6netici \u00d6zet: T\u00fcrkiye&#8217;nin 9 Ekim 2020 y\u0131l\u0131nda ba\u015flayan &#8220;Bar\u0131\u015f P\u0131nar\u0131&#8221; harek\u00e2t\u0131 s\u0131ras\u0131nda Ras Al-Ain\/Serekaniye ile T\u0131l Abyad aras\u0131ndaki b\u00f6lgenin kontrol\u00fcn\u00fc ele ge\u00e7irmesinin ard\u0131ndan, Suriye Ulusal Ordusu&#8217;na (Suriye muhalefet koalisyonu) ba\u011fl\u0131&hellip;<\/p>\n","protected":false},"author":12,"featured_media":14848,"comment_status":"open","ping_status":"open","sticky":false,"template":"","format":"link","meta":{"_lmt_disableupdate":"","_lmt_disable":"","footnotes":""},"categories":[840,868],"tags":[846,870,873,871,874,858,872,843,869,586,844],"class_list":["post-15105","post","type-post","status-publish","format-link","has-post-thumbnail","hentry","category-editorun-sectikleri","category-tematik-raporlar","tag-baris-pinari-harekati","tag-mulke-el-konulmasi","tag-mutasim","tag-ras-al-ain-serekaniye","tag-sanayi-bolgesi","tag-savas-suclari","tag-sultan-murat-bandosu","tag-suriye","tag-suriye-demokratik-gucleri-sdg","tag-turkiye","tag-ulusal-ordu-suriye-devrimci-ve-muhalif-gucler-ulusal-koalisyonu","post_format-post-format-link"],"yoast_head":"<!-- This site is optimized with the Yoast SEO plugin v26.8 - https:\/\/yoast.com\/product\/yoast-seo-wordpress\/ -->\n<title>Suriye: Ras Al-Ain\/Serekaniye: &quot;Sultan Murat&quot; ve &quot;Al-Mutas\u0131m&quot; sanayi b\u00f6lgesini ya\u011f\u0131yorlar - \u0633\u0648\u0631\u064a\u0648\u0646 \u0645\u0646 \u0623\u062c\u0644 \u0627\u0644\u062d\u0642\u064a\u0642\u0629 \u0648\u0627\u0644\u0639\u062f\u0627\u0644\u0629<\/title>\n<meta name=\"robots\" content=\"index, follow, max-snippet:-1, max-image-preview:large, max-video-preview:-1\" \/>\n<link rel=\"canonical\" href=\"https:\/\/stj-sy.org\/tr\/suriye-ras-al-ain-serekaniye-sultan-murat-ve-al-mutasim-sanayi-bolgesini-yagiyorlar\/\" \/>\n<meta property=\"og:locale\" content=\"tr_TR\" \/>\n<meta property=\"og:type\" content=\"article\" \/>\n<meta property=\"og:title\" content=\"Suriye: Ras Al-Ain\/Serekaniye: &quot;Sultan Murat&quot; ve &quot;Al-Mutas\u0131m&quot; sanayi b\u00f6lgesini ya\u011f\u0131yorlar - \u0633\u0648\u0631\u064a\u0648\u0646 \u0645\u0646 \u0623\u062c\u0644 \u0627\u0644\u062d\u0642\u064a\u0642\u0629 \u0648\u0627\u0644\u0639\u062f\u0627\u0644\u0629\" \/>\n<meta property=\"og:description\" content=\"Y\u00f6netici \u00d6zet: T\u00fcrkiye&#8217;nin 9 Ekim 2020 y\u0131l\u0131nda ba\u015flayan &#8220;Bar\u0131\u015f P\u0131nar\u0131&#8221; harek\u00e2t\u0131 s\u0131ras\u0131nda Ras Al-Ain\/Serekaniye ile T\u0131l Abyad aras\u0131ndaki b\u00f6lgenin kontrol\u00fcn\u00fc ele ge\u00e7irmesinin ard\u0131ndan, Suriye Ulusal Ordusu&#8217;na (Suriye muhalefet koalisyonu) ba\u011fl\u0131&hellip;\" \/>\n<meta property=\"og:url\" content=\"https:\/\/stj-sy.org\/tr\/suriye-ras-al-ain-serekaniye-sultan-murat-ve-al-mutasim-sanayi-bolgesini-yagiyorlar\/\" \/>\n<meta property=\"og:site_name\" content=\"\u0633\u0648\u0631\u064a\u0648\u0646 \u0645\u0646 \u0623\u062c\u0644 \u0627\u0644\u062d\u0642\u064a\u0642\u0629 \u0648\u0627\u0644\u0639\u062f\u0627\u0644\u0629\" \/>\n<meta property=\"article:publisher\" content=\"https:\/\/www.facebook.com\/SyriaSTJ\/\" \/>\n<meta property=\"article:published_time\" content=\"2021-10-28T22:14:05+00:00\" \/>\n<meta property=\"article:modified_time\" content=\"2021-10-28T22:19:10+00:00\" \/>\n<meta property=\"og:image\" content=\"https:\/\/stj-sy.org\/wp-content\/uploads\/2021\/10\/Cover-For-web-2.jpg\" \/>\n\t<meta property=\"og:image:width\" content=\"850\" \/>\n\t<meta property=\"og:image:height\" content=\"450\" \/>\n\t<meta property=\"og:image:type\" content=\"image\/jpeg\" \/>\n<meta name=\"twitter:card\" content=\"summary_large_image\" \/>\n<meta name=\"twitter:creator\" content=\"@STJ_SYRIA_ENG\" \/>\n<meta name=\"twitter:site\" content=\"@STJ_SYRIA_ENG\" \/>\n<meta name=\"twitter:label1\" content=\"Yazan:\" \/>\n\t<meta name=\"twitter:data1\" content=\"communication\" \/>\n\t<meta name=\"twitter:label2\" content=\"Tahmini okuma s\u00fcresi\" \/>\n\t<meta name=\"twitter:data2\" content=\"6 dakika\" \/>\n<script type=\"application\/ld+json\" class=\"yoast-schema-graph\">{\"@context\":\"https:\/\/schema.org\",\"@graph\":[{\"@type\":\"Article\",\"@id\":\"https:\/\/stj-sy.org\/tr\/suriye-ras-al-ain-serekaniye-sultan-murat-ve-al-mutasim-sanayi-bolgesini-yagiyorlar\/#article\",\"isPartOf\":{\"@id\":\"https:\/\/stj-sy.org\/tr\/suriye-ras-al-ain-serekaniye-sultan-murat-ve-al-mutasim-sanayi-bolgesini-yagiyorlar\/\"},\"author\":{\"name\":\"communication\",\"@id\":\"https:\/\/stj-sy.org\/tr\/#\/schema\/person\/a2fd33978dc6e37e9c970d3003be6114\"},\"headline\":\"Suriye: Ras Al-Ain\/Serekaniye: &#8220;Sultan Murat&#8221; ve &#8220;Al-Mutas\u0131m&#8221; sanayi b\u00f6lgesini ya\u011f\u0131yorlar\",\"datePublished\":\"2021-10-28T22:14:05+00:00\",\"dateModified\":\"2021-10-28T22:19:10+00:00\",\"mainEntityOfPage\":{\"@id\":\"https:\/\/stj-sy.org\/tr\/suriye-ras-al-ain-serekaniye-sultan-murat-ve-al-mutasim-sanayi-bolgesini-yagiyorlar\/\"},\"wordCount\":1779,\"commentCount\":0,\"publisher\":{\"@id\":\"https:\/\/stj-sy.org\/tr\/#organization\"},\"image\":{\"@id\":\"https:\/\/stj-sy.org\/tr\/suriye-ras-al-ain-serekaniye-sultan-murat-ve-al-mutasim-sanayi-bolgesini-yagiyorlar\/#primaryimage\"},\"thumbnailUrl\":\"https:\/\/stj-sy.org\/wp-content\/uploads\/2021\/10\/Cover-For-web-2.jpg\",\"keywords\":[\"'Bar\u0131\u015f P\u0131nar\u0131 Harek\u00e2t\u0131'\",\"m\u00fclke el konulmas\u0131\",\"Mutas\u0131m\",\"Ras Al-Ain\/Serekaniye\",\"Sanayi B\u00f6lgesi\",\"sava\u015f su\u00e7lar\u0131\",\"Sultan Murat Bandosu\",\"Suriye\",\"Suriye Demokratik G\u00fc\u00e7leri - SDG\",\"T\u00fcrkiye\",\"Ulusal Ordu\/Suriye Devrimci ve Muhalif G\u00fc\u00e7ler Ulusal Koalisyonu\"],\"articleSection\":[\"Edit\u00f6r'\u00fcn se\u00e7tikleri\",\"Tematik Raporlar\"],\"inLanguage\":\"tr\",\"potentialAction\":[{\"@type\":\"CommentAction\",\"name\":\"Comment\",\"target\":[\"https:\/\/stj-sy.org\/tr\/suriye-ras-al-ain-serekaniye-sultan-murat-ve-al-mutasim-sanayi-bolgesini-yagiyorlar\/#respond\"]}]},{\"@type\":\"WebPage\",\"@id\":\"https:\/\/stj-sy.org\/tr\/suriye-ras-al-ain-serekaniye-sultan-murat-ve-al-mutasim-sanayi-bolgesini-yagiyorlar\/\",\"url\":\"https:\/\/stj-sy.org\/tr\/suriye-ras-al-ain-serekaniye-sultan-murat-ve-al-mutasim-sanayi-bolgesini-yagiyorlar\/\",\"name\":\"Suriye: Ras Al-Ain\/Serekaniye: \\\"Sultan Murat\\\" ve \\\"Al-Mutas\u0131m\\\" sanayi b\u00f6lgesini ya\u011f\u0131yorlar - \u0633\u0648\u0631\u064a\u0648\u0646 \u0645\u0646 \u0623\u062c\u0644 \u0627\u0644\u062d\u0642\u064a\u0642\u0629 \u0648\u0627\u0644\u0639\u062f\u0627\u0644\u0629\",\"isPartOf\":{\"@id\":\"https:\/\/stj-sy.org\/tr\/#website\"},\"primaryImageOfPage\":{\"@id\":\"https:\/\/stj-sy.org\/tr\/suriye-ras-al-ain-serekaniye-sultan-murat-ve-al-mutasim-sanayi-bolgesini-yagiyorlar\/#primaryimage\"},\"image\":{\"@id\":\"https:\/\/stj-sy.org\/tr\/suriye-ras-al-ain-serekaniye-sultan-murat-ve-al-mutasim-sanayi-bolgesini-yagiyorlar\/#primaryimage\"},\"thumbnailUrl\":\"https:\/\/stj-sy.org\/wp-content\/uploads\/2021\/10\/Cover-For-web-2.jpg\",\"datePublished\":\"2021-10-28T22:14:05+00:00\",\"dateModified\":\"2021-10-28T22:19:10+00:00\",\"breadcrumb\":{\"@id\":\"https:\/\/stj-sy.org\/tr\/suriye-ras-al-ain-serekaniye-sultan-murat-ve-al-mutasim-sanayi-bolgesini-yagiyorlar\/#breadcrumb\"},\"inLanguage\":\"tr\",\"potentialAction\":[{\"@type\":\"ReadAction\",\"target\":[\"https:\/\/stj-sy.org\/tr\/suriye-ras-al-ain-serekaniye-sultan-murat-ve-al-mutasim-sanayi-bolgesini-yagiyorlar\/\"]}]},{\"@type\":\"ImageObject\",\"inLanguage\":\"tr\",\"@id\":\"https:\/\/stj-sy.org\/tr\/suriye-ras-al-ain-serekaniye-sultan-murat-ve-al-mutasim-sanayi-bolgesini-yagiyorlar\/#primaryimage\",\"url\":\"https:\/\/stj-sy.org\/wp-content\/uploads\/2021\/10\/Cover-For-web-2.jpg\",\"contentUrl\":\"https:\/\/stj-sy.org\/wp-content\/uploads\/2021\/10\/Cover-For-web-2.jpg\",\"width\":850,\"height\":450,\"caption\":\"\u0635\u0648\u0631\u0629 \u0645\u0623\u062e\u0648\u0630\u0629 \u0628\u0648\u0627\u0633\u0637\u0629 \u0627\u0644\u0623\u0642\u0645\u0627\u0631 \u0627\u0644\u0627\u0635\u0637\u0646\u0627\u0639\u064a\u0629 \u062a\u064f\u0638\u0647\u0631 \u0627\u0644\u0645\u062f\u064a\u0646\u0629 \u0627\u0644\u0635\u0646\u0627\u0639\u064a\u0629 \u0641\u064a \u0631\u0623\u0633 \u0627\u0644\u0639\u064a\u0646\/\u0633\u0631\u064a \u0643\u0627\u0646\u064a\u0647 \u0628\u062a\u0648\u0627\u0631\u064a\u062e \u0645\u062e\u062a\u0644\u0641\u0629.\"},{\"@type\":\"BreadcrumbList\",\"@id\":\"https:\/\/stj-sy.org\/tr\/suriye-ras-al-ain-serekaniye-sultan-murat-ve-al-mutasim-sanayi-bolgesini-yagiyorlar\/#breadcrumb\",\"itemListElement\":[{\"@type\":\"ListItem\",\"position\":1,\"name\":\"\u0627\u0644\u0631\u0626\u064a\u0633\u064a\u0629\",\"item\":\"https:\/\/stj-sy.org\/tr\/\"},{\"@type\":\"ListItem\",\"position\":2,\"name\":\"Suriye: Ras Al-Ain\/Serekaniye: &#8220;Sultan Murat&#8221; ve &#8220;Al-Mutas\u0131m&#8221; sanayi b\u00f6lgesini ya\u011f\u0131yorlar\"}]},{\"@type\":\"WebSite\",\"@id\":\"https:\/\/stj-sy.org\/tr\/#website\",\"url\":\"https:\/\/stj-sy.org\/tr\/\",\"name\":\"\u0633\u0648\u0631\u064a\u0648\u0646 \u0645\u0646 \u0623\u062c\u0644 \u0627\u0644\u062d\u0642\u064a\u0642\u0629 \u0648\u0627\u0644\u0639\u062f\u0627\u0644\u0629\",\"description\":\"\u0645\u0648\u0642\u0639 \u0648\u0648\u0631\u062f\u0628\u0631\u064a\u0633 \u0639\u0631\u0628\u064a \u0622\u062e\u0631\",\"publisher\":{\"@id\":\"https:\/\/stj-sy.org\/tr\/#organization\"},\"potentialAction\":[{\"@type\":\"SearchAction\",\"target\":{\"@type\":\"EntryPoint\",\"urlTemplate\":\"https:\/\/stj-sy.org\/tr\/?s={search_term_string}\"},\"query-input\":{\"@type\":\"PropertyValueSpecification\",\"valueRequired\":true,\"valueName\":\"search_term_string\"}}],\"inLanguage\":\"tr\"},{\"@type\":\"Organization\",\"@id\":\"https:\/\/stj-sy.org\/tr\/#organization\",\"name\":\"Syrians for Truth and Justice\",\"url\":\"https:\/\/stj-sy.org\/tr\/\",\"logo\":{\"@type\":\"ImageObject\",\"inLanguage\":\"tr\",\"@id\":\"https:\/\/stj-sy.org\/tr\/#\/schema\/logo\/image\/\",\"url\":\"https:\/\/stj-sy.org\/wp-content\/uploads\/2019\/05\/logo.png\",\"contentUrl\":\"https:\/\/stj-sy.org\/wp-content\/uploads\/2019\/05\/logo.png\",\"width\":231,\"height\":70,\"caption\":\"Syrians for Truth and Justice\"},\"image\":{\"@id\":\"https:\/\/stj-sy.org\/tr\/#\/schema\/logo\/image\/\"},\"sameAs\":[\"https:\/\/www.facebook.com\/SyriaSTJ\/\",\"https:\/\/x.com\/STJ_SYRIA_ENG\",\"https:\/\/www.instagram.com\/syrians_for_truth_and_justice\/\",\"https:\/\/www.linkedin.com\/in\/syrians-for-truth-and-justice-8a0119172\/\"]},{\"@type\":\"Person\",\"@id\":\"https:\/\/stj-sy.org\/tr\/#\/schema\/person\/a2fd33978dc6e37e9c970d3003be6114\",\"name\":\"communication\",\"image\":{\"@type\":\"ImageObject\",\"inLanguage\":\"tr\",\"@id\":\"https:\/\/stj-sy.org\/tr\/#\/schema\/person\/image\/\",\"url\":\"https:\/\/secure.gravatar.com\/avatar\/3286489a5c58069211660a59084c2d74cb161ba3ae3d7373192e1fb81dad274f?s=96&d=mm&r=g\",\"contentUrl\":\"https:\/\/secure.gravatar.com\/avatar\/3286489a5c58069211660a59084c2d74cb161ba3ae3d7373192e1fb81dad274f?s=96&d=mm&r=g\",\"caption\":\"communication\"}}]}<\/script>\n<!-- \/ Yoast SEO plugin. -->","yoast_head_json":{"title":"Suriye: Ras Al-Ain\/Serekaniye: \"Sultan Murat\" ve \"Al-Mutas\u0131m\" sanayi b\u00f6lgesini ya\u011f\u0131yorlar - \u0633\u0648\u0631\u064a\u0648\u0646 \u0645\u0646 \u0623\u062c\u0644 \u0627\u0644\u062d\u0642\u064a\u0642\u0629 \u0648\u0627\u0644\u0639\u062f\u0627\u0644\u0629","robots":{"index":"index","follow":"follow","max-snippet":"max-snippet:-1","max-image-preview":"max-image-preview:large","max-video-preview":"max-video-preview:-1"},"canonical":"https:\/\/stj-sy.org\/tr\/suriye-ras-al-ain-serekaniye-sultan-murat-ve-al-mutasim-sanayi-bolgesini-yagiyorlar\/","og_locale":"tr_TR","og_type":"article","og_title":"Suriye: Ras Al-Ain\/Serekaniye: \"Sultan Murat\" ve \"Al-Mutas\u0131m\" sanayi b\u00f6lgesini ya\u011f\u0131yorlar - \u0633\u0648\u0631\u064a\u0648\u0646 \u0645\u0646 \u0623\u062c\u0644 \u0627\u0644\u062d\u0642\u064a\u0642\u0629 \u0648\u0627\u0644\u0639\u062f\u0627\u0644\u0629","og_description":"Y\u00f6netici \u00d6zet: T\u00fcrkiye&#8217;nin 9 Ekim 2020 y\u0131l\u0131nda ba\u015flayan &#8220;Bar\u0131\u015f P\u0131nar\u0131&#8221; harek\u00e2t\u0131 s\u0131ras\u0131nda Ras Al-Ain\/Serekaniye ile T\u0131l Abyad aras\u0131ndaki b\u00f6lgenin kontrol\u00fcn\u00fc ele ge\u00e7irmesinin ard\u0131ndan, Suriye Ulusal Ordusu&#8217;na (Suriye muhalefet koalisyonu) ba\u011fl\u0131&hellip;","og_url":"https:\/\/stj-sy.org\/tr\/suriye-ras-al-ain-serekaniye-sultan-murat-ve-al-mutasim-sanayi-bolgesini-yagiyorlar\/","og_site_name":"\u0633\u0648\u0631\u064a\u0648\u0646 \u0645\u0646 \u0623\u062c\u0644 \u0627\u0644\u062d\u0642\u064a\u0642\u0629 \u0648\u0627\u0644\u0639\u062f\u0627\u0644\u0629","article_publisher":"https:\/\/www.facebook.com\/SyriaSTJ\/","article_published_time":"2021-10-28T22:14:05+00:00","article_modified_time":"2021-10-28T22:19:10+00:00","og_image":[{"width":850,"height":450,"url":"https:\/\/stj-sy.org\/wp-content\/uploads\/2021\/10\/Cover-For-web-2.jpg","type":"image\/jpeg"}],"twitter_card":"summary_large_image","twitter_creator":"@STJ_SYRIA_ENG","twitter_site":"@STJ_SYRIA_ENG","twitter_misc":{"Yazan:":"communication","Tahmini okuma s\u00fcresi":"6 dakika"},"schema":{"@context":"https:\/\/schema.org","@graph":[{"@type":"Article","@id":"https:\/\/stj-sy.org\/tr\/suriye-ras-al-ain-serekaniye-sultan-murat-ve-al-mutasim-sanayi-bolgesini-yagiyorlar\/#article","isPartOf":{"@id":"https:\/\/stj-sy.org\/tr\/suriye-ras-al-ain-serekaniye-sultan-murat-ve-al-mutasim-sanayi-bolgesini-yagiyorlar\/"},"author":{"name":"communication","@id":"https:\/\/stj-sy.org\/tr\/#\/schema\/person\/a2fd33978dc6e37e9c970d3003be6114"},"headline":"Suriye: Ras Al-Ain\/Serekaniye: &#8220;Sultan Murat&#8221; ve &#8220;Al-Mutas\u0131m&#8221; sanayi b\u00f6lgesini ya\u011f\u0131yorlar","datePublished":"2021-10-28T22:14:05+00:00","dateModified":"2021-10-28T22:19:10+00:00","mainEntityOfPage":{"@id":"https:\/\/stj-sy.org\/tr\/suriye-ras-al-ain-serekaniye-sultan-murat-ve-al-mutasim-sanayi-bolgesini-yagiyorlar\/"},"wordCount":1779,"commentCount":0,"publisher":{"@id":"https:\/\/stj-sy.org\/tr\/#organization"},"image":{"@id":"https:\/\/stj-sy.org\/tr\/suriye-ras-al-ain-serekaniye-sultan-murat-ve-al-mutasim-sanayi-bolgesini-yagiyorlar\/#primaryimage"},"thumbnailUrl":"https:\/\/stj-sy.org\/wp-content\/uploads\/2021\/10\/Cover-For-web-2.jpg","keywords":["'Bar\u0131\u015f P\u0131nar\u0131 Harek\u00e2t\u0131'","m\u00fclke el konulmas\u0131","Mutas\u0131m","Ras Al-Ain\/Serekaniye","Sanayi B\u00f6lgesi","sava\u015f su\u00e7lar\u0131","Sultan Murat Bandosu","Suriye","Suriye Demokratik G\u00fc\u00e7leri - SDG","T\u00fcrkiye","Ulusal Ordu\/Suriye Devrimci ve Muhalif G\u00fc\u00e7ler Ulusal Koalisyonu"],"articleSection":["Edit\u00f6r'\u00fcn se\u00e7tikleri","Tematik Raporlar"],"inLanguage":"tr","potentialAction":[{"@type":"CommentAction","name":"Comment","target":["https:\/\/stj-sy.org\/tr\/suriye-ras-al-ain-serekaniye-sultan-murat-ve-al-mutasim-sanayi-bolgesini-yagiyorlar\/#respond"]}]},{"@type":"WebPage","@id":"https:\/\/stj-sy.org\/tr\/suriye-ras-al-ain-serekaniye-sultan-murat-ve-al-mutasim-sanayi-bolgesini-yagiyorlar\/","url":"https:\/\/stj-sy.org\/tr\/suriye-ras-al-ain-serekaniye-sultan-murat-ve-al-mutasim-sanayi-bolgesini-yagiyorlar\/","name":"Suriye: Ras Al-Ain\/Serekaniye: \"Sultan Murat\" ve \"Al-Mutas\u0131m\" sanayi b\u00f6lgesini ya\u011f\u0131yorlar - \u0633\u0648\u0631\u064a\u0648\u0646 \u0645\u0646 \u0623\u062c\u0644 \u0627\u0644\u062d\u0642\u064a\u0642\u0629 \u0648\u0627\u0644\u0639\u062f\u0627\u0644\u0629","isPartOf":{"@id":"https:\/\/stj-sy.org\/tr\/#website"},"primaryImageOfPage":{"@id":"https:\/\/stj-sy.org\/tr\/suriye-ras-al-ain-serekaniye-sultan-murat-ve-al-mutasim-sanayi-bolgesini-yagiyorlar\/#primaryimage"},"image":{"@id":"https:\/\/stj-sy.org\/tr\/suriye-ras-al-ain-serekaniye-sultan-murat-ve-al-mutasim-sanayi-bolgesini-yagiyorlar\/#primaryimage"},"thumbnailUrl":"https:\/\/stj-sy.org\/wp-content\/uploads\/2021\/10\/Cover-For-web-2.jpg","datePublished":"2021-10-28T22:14:05+00:00","dateModified":"2021-10-28T22:19:10+00:00","breadcrumb":{"@id":"https:\/\/stj-sy.org\/tr\/suriye-ras-al-ain-serekaniye-sultan-murat-ve-al-mutasim-sanayi-bolgesini-yagiyorlar\/#breadcrumb"},"inLanguage":"tr","potentialAction":[{"@type":"ReadAction","target":["https:\/\/stj-sy.org\/tr\/suriye-ras-al-ain-serekaniye-sultan-murat-ve-al-mutasim-sanayi-bolgesini-yagiyorlar\/"]}]},{"@type":"ImageObject","inLanguage":"tr","@id":"https:\/\/stj-sy.org\/tr\/suriye-ras-al-ain-serekaniye-sultan-murat-ve-al-mutasim-sanayi-bolgesini-yagiyorlar\/#primaryimage","url":"https:\/\/stj-sy.org\/wp-content\/uploads\/2021\/10\/Cover-For-web-2.jpg","contentUrl":"https:\/\/stj-sy.org\/wp-content\/uploads\/2021\/10\/Cover-For-web-2.jpg","width":850,"height":450,"caption":"\u0635\u0648\u0631\u0629 \u0645\u0623\u062e\u0648\u0630\u0629 \u0628\u0648\u0627\u0633\u0637\u0629 \u0627\u0644\u0623\u0642\u0645\u0627\u0631 \u0627\u0644\u0627\u0635\u0637\u0646\u0627\u0639\u064a\u0629 \u062a\u064f\u0638\u0647\u0631 \u0627\u0644\u0645\u062f\u064a\u0646\u0629 \u0627\u0644\u0635\u0646\u0627\u0639\u064a\u0629 \u0641\u064a \u0631\u0623\u0633 \u0627\u0644\u0639\u064a\u0646\/\u0633\u0631\u064a \u0643\u0627\u0646\u064a\u0647 \u0628\u062a\u0648\u0627\u0631\u064a\u062e \u0645\u062e\u062a\u0644\u0641\u0629."},{"@type":"BreadcrumbList","@id":"https:\/\/stj-sy.org\/tr\/suriye-ras-al-ain-serekaniye-sultan-murat-ve-al-mutasim-sanayi-bolgesini-yagiyorlar\/#breadcrumb","itemListElement":[{"@type":"ListItem","position":1,"name":"\u0627\u0644\u0631\u0626\u064a\u0633\u064a\u0629","item":"https:\/\/stj-sy.org\/tr\/"},{"@type":"ListItem","position":2,"name":"Suriye: Ras Al-Ain\/Serekaniye: &#8220;Sultan Murat&#8221; ve &#8220;Al-Mutas\u0131m&#8221; sanayi b\u00f6lgesini ya\u011f\u0131yorlar"}]},{"@type":"WebSite","@id":"https:\/\/stj-sy.org\/tr\/#website","url":"https:\/\/stj-sy.org\/tr\/","name":"\u0633\u0648\u0631\u064a\u0648\u0646 \u0645\u0646 \u0623\u062c\u0644 \u0627\u0644\u062d\u0642\u064a\u0642\u0629 \u0648\u0627\u0644\u0639\u062f\u0627\u0644\u0629","description":"\u0645\u0648\u0642\u0639 \u0648\u0648\u0631\u062f\u0628\u0631\u064a\u0633 \u0639\u0631\u0628\u064a \u0622\u062e\u0631","publisher":{"@id":"https:\/\/stj-sy.org\/tr\/#organization"},"potentialAction":[{"@type":"SearchAction","target":{"@type":"EntryPoint","urlTemplate":"https:\/\/stj-sy.org\/tr\/?s={search_term_string}"},"query-input":{"@type":"PropertyValueSpecification","valueRequired":true,"valueName":"search_term_string"}}],"inLanguage":"tr"},{"@type":"Organization","@id":"https:\/\/stj-sy.org\/tr\/#organization","name":"Syrians for Truth and Justice","url":"https:\/\/stj-sy.org\/tr\/","logo":{"@type":"ImageObject","inLanguage":"tr","@id":"https:\/\/stj-sy.org\/tr\/#\/schema\/logo\/image\/","url":"https:\/\/stj-sy.org\/wp-content\/uploads\/2019\/05\/logo.png","contentUrl":"https:\/\/stj-sy.org\/wp-content\/uploads\/2019\/05\/logo.png","width":231,"height":70,"caption":"Syrians for Truth and Justice"},"image":{"@id":"https:\/\/stj-sy.org\/tr\/#\/schema\/logo\/image\/"},"sameAs":["https:\/\/www.facebook.com\/SyriaSTJ\/","https:\/\/x.com\/STJ_SYRIA_ENG","https:\/\/www.instagram.com\/syrians_for_truth_and_justice\/","https:\/\/www.linkedin.com\/in\/syrians-for-truth-and-justice-8a0119172\/"]},{"@type":"Person","@id":"https:\/\/stj-sy.org\/tr\/#\/schema\/person\/a2fd33978dc6e37e9c970d3003be6114","name":"communication","image":{"@type":"ImageObject","inLanguage":"tr","@id":"https:\/\/stj-sy.org\/tr\/#\/schema\/person\/image\/","url":"https:\/\/secure.gravatar.com\/avatar\/3286489a5c58069211660a59084c2d74cb161ba3ae3d7373192e1fb81dad274f?s=96&d=mm&r=g","contentUrl":"https:\/\/secure.gravatar.com\/avatar\/3286489a5c58069211660a59084c2d74cb161ba3ae3d7373192e1fb81dad274f?s=96&d=mm&r=g","caption":"communication"}}]}},"_links":{"self":[{"href":"https:\/\/stj-sy.org\/tr\/wp-json\/wp\/v2\/posts\/15105","targetHints":{"allow":["GET"]}}],"collection":[{"href":"https:\/\/stj-sy.org\/tr\/wp-json\/wp\/v2\/posts"}],"about":[{"href":"https:\/\/stj-sy.org\/tr\/wp-json\/wp\/v2\/types\/post"}],"author":[{"embeddable":true,"href":"https:\/\/stj-sy.org\/tr\/wp-json\/wp\/v2\/users\/12"}],"replies":[{"embeddable":true,"href":"https:\/\/stj-sy.org\/tr\/wp-json\/wp\/v2\/comments?post=15105"}],"version-history":[{"count":2,"href":"https:\/\/stj-sy.org\/tr\/wp-json\/wp\/v2\/posts\/15105\/revisions"}],"predecessor-version":[{"id":15112,"href":"https:\/\/stj-sy.org\/tr\/wp-json\/wp\/v2\/posts\/15105\/revisions\/15112"}],"wp:featuredmedia":[{"embeddable":true,"href":"https:\/\/stj-sy.org\/tr\/wp-json\/wp\/v2\/media\/14848"}],"wp:attachment":[{"href":"https:\/\/stj-sy.org\/tr\/wp-json\/wp\/v2\/media?parent=15105"}],"wp:term":[{"taxonomy":"category","embeddable":true,"href":"https:\/\/stj-sy.org\/tr\/wp-json\/wp\/v2\/categories?post=15105"},{"taxonomy":"post_tag","embeddable":true,"href":"https:\/\/stj-sy.org\/tr\/wp-json\/wp\/v2\/tags?post=15105"}],"curies":[{"name":"wp","href":"https:\/\/api.w.org\/{rel}","templated":true}]}}