{"id":15076,"date":"2021-10-28T22:42:00","date_gmt":"2021-10-28T19:42:00","guid":{"rendered":"https:\/\/stj-sy.org\/rakka-suluk-sukur-al-sunne-unsurlari-tarafindan-vahsice-sivil-bir-gence-iskence-edilmesi\/"},"modified":"2021-10-28T23:32:29","modified_gmt":"2021-10-28T20:32:29","slug":"sukur-al-sunne-unsurlari-tarafindan-vahsice-sivil-bir-gence-iskence-edilmesi","status":"publish","type":"post","link":"https:\/\/stj-sy.org\/tr\/sukur-al-sunne-unsurlari-tarafindan-vahsice-sivil-bir-gence-iskence-edilmesi\/","title":{"rendered":"Rakka\/suluk: &#8220;Sukur Al-Sunne&#8221; unsurlar\u0131 taraf\u0131ndan vah\u015fice sivil bir gence i\u015fkence edilmesi"},"content":{"rendered":"<p style=\"text-align: justify;\">9 Eyl\u00fcl 2021 tarihinde sosyal medyada, Suriyeli bir gencin T\u00fcrkiye taraf\u0131ndan desteklenen Suriye Ulusal Ordusu\/muhalefetinin bir fraksiyonun \u00fcyeleri taraf\u0131ndan vah\u015fice i\u015fkence g\u00f6rd\u00fc\u011f\u00fc bir video yay\u0131ld\u0131 ve ayn\u0131 g\u00fcn ayn\u0131 gencin ba\u015fka bir videoda, &#8220;Der Al-Zor&#8221; halk\u0131ndan \u00e7\u0131plak ve v\u00fccudunda i\u015fkence izleriyle &#8216;\u00f6z\u00fcr dilemeye&#8217; zorland\u0131.<\/p>\n<p style=\"text-align: justify;\">Hakikat ve Adalet i\u00e7in Suriyeliler iki videonun ba\u011flant\u0131s\u0131n\u0131 takip ettiler ve olay tarihinin 7 Eyl\u00fcl 2021&#8217;e ait oldu\u011funu belirlediler, yani videolar yay\u0131nlanmadan iki g\u00fcn \u00f6nce, &#8220;Sukur Al-Sunne&#8221;\u00a0 20. t\u00fcmen saflar\u0131 i\u00e7inde \u00f6zellikle komutan &#8220;Hassan Abu Al-Nur&#8221;un sekiz \u00fcyesi\u00a0 &#8220;Ali Sultan Al-Faraj&#8221;\u0131 (Suluk il\u00e7esi 2001 do\u011fumlu) bir kahvede tutuklad\u0131\u011f\u0131 an, ve onu Rakka&#8217;n\u0131n kuzeyindeki Suluk il\u00e7esinin\u00a0 &#8220;Ali Bajliye&#8221; k\u00f6y\u00fc yak\u0131nlar\u0131nda terk edilmi\u015f bir eve g\u00f6t\u00fcrd\u00fcler, onu soydular ve daha sonra \u2018\u2019kablolar ve su hortumu \u2018\u2019 kullanarak bir bu\u00e7uk saat boyunca i\u015fkence ettiler.<\/p>\n<p style=\"text-align: justify;\">12 saniye uzunlu\u011funda \u00e7ekilen ilk video, &#8220;Ali Al-Faraj&#8221;\u0131 tamamen \u00e7\u0131plak ve \u00e7\u0131\u011fl\u0131k at\u0131p a\u011flarken vah\u015fice d\u00f6v\u00fcld\u00fc\u011f\u00fc g\u00f6sterildi. 35 saniye uzunlu\u011fundaki ikinci videoda ma\u011fdur \u00e7\u0131plak vaziyette \u00e7\u0131kt\u0131 ve<\/p>\n<p style=\"text-align: justify;\">&#8220;Ben Ali Sultan Al-Faraj Rakka-Suluk-Beloa k\u00f6y\u00fcnden, Derliynin halk\u0131na hata ettim ve onlardan \u00f6z\u00fcr dilerim..&#8221; dedi.<\/p>\n<p style=\"text-align: justify;\">\u0130\u015fkence olay\u0131 bittikten sonra \u00fcyeler genci &#8220;Hammam Al-T\u00fcr\u00fckmen&#8221; k\u00f6y\u00fc \u00e7evresinde yol kenar\u0131na at\u0131yorlar, Ordan yolda ge\u00e7en biri ona yard\u0131m edip onu k\u00f6y\u00fc &#8220;Beloa&#8221; ya g\u00f6t\u00fcr\u00fcyor.<\/p>\n<p><img decoding=\"async\" class=\" wp-image-14748 aligncenter\" src=\"https:\/\/stj-sy.org\/wp-content\/uploads\/2021\/09\/\u0635\u0648\u0631-\u0645\u0646-\u0627\u0644\u0645\u0642\u0637\u0639-\u0627\u0644\u0623\u0648\u0644jpg-535x516.jpg\" alt=\"\" width=\"401\" height=\"387\" srcset=\"https:\/\/stj-sy.org\/wp-content\/uploads\/2021\/09\/\u0635\u0648\u0631-\u0645\u0646-\u0627\u0644\u0645\u0642\u0637\u0639-\u0627\u0644\u0623\u0648\u0644jpg-535x516.jpg 535w, https:\/\/stj-sy.org\/wp-content\/uploads\/2021\/09\/\u0635\u0648\u0631-\u0645\u0646-\u0627\u0644\u0645\u0642\u0637\u0639-\u0627\u0644\u0623\u0648\u0644jpg-830x800.jpg 830w, https:\/\/stj-sy.org\/wp-content\/uploads\/2021\/09\/\u0635\u0648\u0631-\u0645\u0646-\u0627\u0644\u0645\u0642\u0637\u0639-\u0627\u0644\u0623\u0648\u0644jpg-467x450.jpg 467w, https:\/\/stj-sy.org\/wp-content\/uploads\/2021\/09\/\u0635\u0648\u0631-\u0645\u0646-\u0627\u0644\u0645\u0642\u0637\u0639-\u0627\u0644\u0623\u0648\u0644jpg-768x740.jpg 768w, https:\/\/stj-sy.org\/wp-content\/uploads\/2021\/09\/\u0635\u0648\u0631-\u0645\u0646-\u0627\u0644\u0645\u0642\u0637\u0639-\u0627\u0644\u0623\u0648\u0644jpg-1170x1128.jpg 1170w, https:\/\/stj-sy.org\/wp-content\/uploads\/2021\/09\/\u0635\u0648\u0631-\u0645\u0646-\u0627\u0644\u0645\u0642\u0637\u0639-\u0627\u0644\u0623\u0648\u0644jpg-585x564.jpg 585w, https:\/\/stj-sy.org\/wp-content\/uploads\/2021\/09\/\u0635\u0648\u0631-\u0645\u0646-\u0627\u0644\u0645\u0642\u0637\u0639-\u0627\u0644\u0623\u0648\u0644jpg.jpg 1276w\" sizes=\"(max-width: 401px) 100vw, 401px\" \/><\/p>\n<p style=\"text-align: center;\">Resim NO(1) \u2013 Ali&#8217;nin i\u015fkence g\u00f6rd\u00fc\u011f\u00fc ilk videodan al\u0131nan resimler.<\/p>\n<p style=\"text-align: justify;\">S\u0131zd\u0131r\u0131lan i\u015fkence videolar\u0131, \u00f6zellikle gencin a\u015fireti aras\u0131nda \u00f6fkeye yol a\u00e7t\u0131, bu da a\u015fireti &#8220;Sukur Al-Sunne&#8221;nin kar\u015f\u0131nda infial yaratmas\u0131na sebep oldu, daha sonra 9 Eyl\u00fclde, Al-Naim ve Al-jamil a\u015firetlerinin \u00fcyeleri ve di\u011ferleri, gurubun Suluk il\u00e7esi pazar\u0131ndaki karargah \u00f6n\u00fcnde toplanarak il\u00e7eyi terk etmelerini talep ettiler, ard\u0131ndan grup halk\u0131 da\u011f\u0131tmak i\u00e7in ate\u015f a\u00e7t\u0131.<\/p>\n<p><img decoding=\"async\" class=\" wp-image-14720 aligncenter\" src=\"https:\/\/stj-sy.org\/wp-content\/uploads\/2021\/09\/SH-Pic-3-357x516.jpg\" alt=\"\" width=\"400\" height=\"578\" srcset=\"https:\/\/stj-sy.org\/wp-content\/uploads\/2021\/09\/SH-Pic-3-357x516.jpg 357w, https:\/\/stj-sy.org\/wp-content\/uploads\/2021\/09\/SH-Pic-3-311x450.jpg 311w, https:\/\/stj-sy.org\/wp-content\/uploads\/2021\/09\/SH-Pic-3.jpg 468w\" sizes=\"(max-width: 400px) 100vw, 400px\" \/><\/p>\n<p style=\"text-align: center;\">Resim NO(2)- &#8220;Ali&#8221; i\u015fkencesi olay\u0131na ili\u015fkin &#8220;Naim Bey A\u015fireti \u015eura Meclisi&#8221;nin a\u00e7\u0131klamas\u0131n\u0131 g\u00f6steriyor ve ihlal edenlerin 20. T\u00fcmene (Ansar Al-Sunne taburu) ait olduklar\u0131n\u0131 iddia ettiler, hatta cezaland\u0131rmalar\u0131n\u0131 istediler.<\/p>\n<p style=\"text-align: justify;\">20. T\u00fcmene ba\u011fl\u0131 olan &#8220;Sukur Al-Sunne&#8221; unsurlar\u0131 9 Eyl\u00fcl 2021&#8217;de olayla ba\u011flant\u0131s\u0131n\u0131 ink\u00e2r eden bir a\u00e7\u0131klama yay\u0131nlad\u0131, ard\u0131ndan &#8220;Askeri Polis Te\u015fkilat\u0131&#8221; &#8220;Ali&#8221;yi tutuklayan ve i\u015fkence yapan sekiz ki\u015fiden be\u015fini tutuklad\u0131klar\u0131n\u0131 belirten ba\u015fka bir a\u00e7\u0131klama yay\u0131nlad\u0131.<\/p>\n<p><img decoding=\"async\" class=\" wp-image-14715 aligncenter\" src=\"https:\/\/stj-sy.org\/wp-content\/uploads\/2021\/09\/SH-Pic-4-405x516.jpg\" alt=\"\" width=\"401\" height=\"511\" srcset=\"https:\/\/stj-sy.org\/wp-content\/uploads\/2021\/09\/SH-Pic-4-405x516.jpg 405w, https:\/\/stj-sy.org\/wp-content\/uploads\/2021\/09\/SH-Pic-4-353x450.jpg 353w, https:\/\/stj-sy.org\/wp-content\/uploads\/2021\/09\/SH-Pic-4.jpg 507w\" sizes=\"(max-width: 401px) 100vw, 401px\" \/><\/p>\n<p style=\"text-align: center;\">Resim NO(3)- 20.\u00a0 T\u00fcmen &#8220;Ali&#8221;ye i\u015fkence eden ki\u015filerin kendileriyle\u00a0 ili\u015fkisini oldu\u011fu inkar eden bir ifadenin kopyas\u0131.<\/p>\n<p><img decoding=\"async\" class=\" wp-image-14710 aligncenter\" src=\"https:\/\/stj-sy.org\/wp-content\/uploads\/2021\/09\/SH-Pic-5-364x516.jpg\" alt=\"\" width=\"401\" height=\"568\" srcset=\"https:\/\/stj-sy.org\/wp-content\/uploads\/2021\/09\/SH-Pic-5-364x516.jpg 364w, https:\/\/stj-sy.org\/wp-content\/uploads\/2021\/09\/SH-Pic-5-318x450.jpg 318w, https:\/\/stj-sy.org\/wp-content\/uploads\/2021\/09\/SH-Pic-5.jpg 464w\" sizes=\"(max-width: 401px) 100vw, 401px\" \/><\/p>\n<p style=\"text-align: center;\">Resim NO(4)- &#8220;20. T\u00fcmen&#8221;in g\u00fcvenli\u011fiyle i\u015fbirli\u011fi i\u00e7inde olaya kar\u0131\u015fan be\u015f ki\u015finin tutukland\u0131\u011f\u0131n\u0131 teyit eden &#8220;Askeri Polis&#8221; ifadesinin bir kopyas\u0131.<\/p>\n<p style=\"text-align: justify;\">20.T\u00fcmen grubundan bir g\u00fcvenlik kayna\u011f\u0131, Hakikat ve Adalet i\u00e7in Suriyelilere olaydan &#8220;Sukur Al-Sunne&#8221;nin sorumlu oldu\u011funun kan\u0131tland\u0131\u011f\u0131n\u0131 s\u00f6yledi, ve Ali&#8217;nin kahvede tutukland\u0131\u011f\u0131n\u0131 g\u00f6steren g\u00fcvenlik kameralar\u0131 ki\u015fileri kesin olarak tespit edildi, ve ba\u015fka kameralar grubun arabas\u0131n\u0131n di\u011fer kontrol noktalar\u0131ndan ge\u00e7ti\u011fini g\u00f6sterdi.<\/p>\n<p style=\"text-align: justify;\">Ayn\u0131 kaynak, Hakikat ve Adalet i\u00e7in Suriyelilere &#8220;Ali Al-Faraj&#8221;\u0131n tutuklanmas\u0131n\u0131n, kendisi ile \u015fu anda T\u00fcrkiye&#8217;de ikamet eden &#8220;Sukur Al-Sunne&#8221;nin komutanlar\u0131ndan biri aralar\u0131ndaki bir anla\u015fmazl\u0131\u011f\u0131n ard\u0131ndan geldi\u011fini s\u00f6yledi, ve kaynak ekledi:<\/p>\n<p style=\"text-align: justify;\"><strong>&#8220;T\u00fcrkiye&#8217;deki komutan bir grup unsurdan Ali&#8217;yi tutuklamalar\u0131n\u0131, d\u00f6vmelerini, i\u015fkence s\u0131ras\u0131nda videosuna \u00e7ekmelerini ve ayr\u0131ca Derliyin\/Der Al-Zor halk\u0131ndan \u00f6z\u00fcr dileyip video \u00e7ekmelerini ve videolar\u0131 kendisine g\u00f6ndermelerini istedi&#8221; (kaynak ismini s\u00f6ylemeyen).<\/strong><\/p>\n<p style=\"text-align: justify;\">Buna kar\u015f\u0131l\u0131k, yerel aktivistler, Ali Al-Faraj&#8217;a i\u015fkence yapanlar\u0131n kendileri oldu\u011funu s\u00f6yleyen be\u015f ki\u015finin foto\u011fraflar\u0131n\u0131 da\u011f\u0131tt\u0131 ve &#8220;Suriyeliler&#8221; bu bilgiyi \u015fuana kadar kesin olarak do\u011frulayamad\u0131, ancak ad\u0131 ge\u00e7en g\u00fcvenlik kayna\u011f\u0131 \u015f\u00f6yle s\u00f6yledi:<\/p>\n<p style=\"text-align: justify;\"><strong>&#8220;Ali Al-Faraj&#8217;\u0131 tutuklayan ve ona i\u015fkence eden sekiz ki\u015fiden be\u015fi tutukland\u0131 ve daha \u00f6nce adam ka\u00e7\u0131rma ve para i\u00e7in tutuklama, h\u0131rs\u0131zl\u0131k ve di\u011ferleri gibi su\u00e7lar i\u015fledikleri biliniyor&#8221;.<\/strong><\/p>\n<p style=\"text-align: justify;\">10 Eyl\u00fcl&#8217;de Ali Al-Faraj, tutuklanmas\u0131n\u0131n ve i\u015fkencenin ayr\u0131nt\u0131lar\u0131n\u0131 anlatt\u0131\u011f\u0131 59 saniyelik yeni bir video yay\u0131nlad\u0131 ve bunu &#8220;Sukur Al-Sunne&#8221; \u00fcyelerinin yapt\u0131\u011f\u0131n\u0131 do\u011frulad\u0131.<\/p>\n<p><img decoding=\"async\" class=\" wp-image-14743 aligncenter\" src=\"https:\/\/stj-sy.org\/wp-content\/uploads\/2021\/09\/Ali-774x516.jpg\" alt=\"\" width=\"401\" height=\"267\" srcset=\"https:\/\/stj-sy.org\/wp-content\/uploads\/2021\/09\/Ali-774x516.jpg 774w, https:\/\/stj-sy.org\/wp-content\/uploads\/2021\/09\/Ali-675x450.jpg 675w, https:\/\/stj-sy.org\/wp-content\/uploads\/2021\/09\/Ali-768x512.jpg 768w, https:\/\/stj-sy.org\/wp-content\/uploads\/2021\/09\/Ali-585x390.jpg 585w, https:\/\/stj-sy.org\/wp-content\/uploads\/2021\/09\/Ali-263x175.jpg 263w, https:\/\/stj-sy.org\/wp-content\/uploads\/2021\/09\/Ali.jpg 900w\" sizes=\"(max-width: 401px) 100vw, 401px\" \/><\/p>\n<p style=\"text-align: center;\">Resim NO(5)- ma\u011fdur &#8220;Ali Al-Faraj&#8221; taraf\u0131ndan yay\u0131nlanan ve olay\u0131n ayr\u0131nt\u0131lar\u0131 a\u00e7\u0131klad\u0131\u011f\u0131 bir videodan \u00e7ekilmi\u015f bir resim.<\/p>\n<p style=\"text-align: justify;\">Ayn\u0131 g\u00fcn, 10 Eyl\u00fcl, olayla ilgili daha \u00f6nce sorumlulu\u011funu ink\u00e2r etmesinin ard\u0131ndan, &#8220;Sukur Al-Sunne&#8221; fraksiyonu \u00fcyelerinin &#8220;Ali Al-Faraj&#8221;a i\u015fkence yapt\u0131\u011f\u0131n\u0131 ve karalad\u0131\u011f\u0131n\u0131 kabul etti\u011fi bir bildiri yay\u0131nlad\u0131.<\/p>\n<p><img decoding=\"async\" class=\" wp-image-14705 aligncenter\" src=\"https:\/\/stj-sy.org\/wp-content\/uploads\/2021\/09\/SH-Pic-7.jpg\" alt=\"\" width=\"399\" height=\"565\" srcset=\"https:\/\/stj-sy.org\/wp-content\/uploads\/2021\/09\/SH-Pic-7.jpg 364w, https:\/\/stj-sy.org\/wp-content\/uploads\/2021\/09\/SH-Pic-7-318x450.jpg 318w\" sizes=\"(max-width: 399px) 100vw, 399px\" \/><\/p>\n<p style=\"text-align: center;\">Resim NO(6)- &#8220;Ali&#8221;ye i\u015fkence eden unsurlar\u0131n fraksiyonla ba\u011flant\u0131s\u0131n\u0131 kabul eden &#8220;Sukur Al-Sunne&#8221;nin ifadesinin bir kopyas\u0131.<\/p>\n<p style=\"text-align: justify;\"><strong>Ayr\u0131ca ertesi g\u00fcn, 10 Eyl\u00fcl\u2019de , &#8220;Sukur Al-Sunne&#8221; fraksiyonu, fraksiyon ve Ali\u00a0 Al-Faraj&#8217;a y\u00f6nelik uygulamalar\u0131n\u0131 ele\u015ftirmesi nedeniyle Suluk il\u00e7esinde bir sivili tutuklad\u0131.<\/strong><\/p>\n<p style=\"text-align: justify;\">Belirtilmelidir 9 Ekim 2019&#8217;da Suriye&#8217;nin kuzeydo\u011fusundaki &#8220;Bar\u0131\u015f P\u0131nar\u0131&#8221; adl\u0131 T\u00fcrk harek\u00e2t\u0131n\u0131n ard\u0131ndan 20. T\u00fcmen (&#8220;Sukur Al-Sunne&#8221; fraksiyonu da buna d\u00e2hildir) yayg\u0131n insan haklar\u0131 ihlallerine kar\u0131\u015ft\u0131.<\/p>\n<p style=\"text-align: justify;\">Temmuz ay\u0131nda 2020 K\u00fcrt \u0130nsan Haklar\u0131 Komitesi &#8220;Al-Ras\u0131d&#8221; ve Hakikat ve Adalet i\u00e7in Suriyeliler aras\u0131ndaki ortak bir rapor da, T\u00fcrk h\u00fck\u00fcmeti taraf\u0131ndan Suriyeli sivillerin yasad\u0131\u015f\u0131 olarak T\u00fcrkiye topraklar\u0131na nakledildi\u011fi ortaya \u00e7\u0131kar\u0131ld\u0131. Soru\u015fturmalar, &#8220;Ebu Berzan&#8221; adl\u0131 bir ki\u015finin liderli\u011findeki &#8220;20. T\u00fcmen\u2019in\u00a0 Suriyelileri T\u00fcrk ordusuna teslim etmeden \u00f6nce tutuklama ve ka\u00e7\u0131rma olaylar\u0131na kar\u0131\u015ft\u0131\u011f\u0131n\u0131 g\u00f6sterdi ve ka\u00e7\u0131ranlar\u0131n\u0131n \u015eanl\u0131urfa vilayetinin Hilvan hapishanesine yat\u0131r\u0131ld\u0131\u011f\u0131 \u00f6\u011frenildi.<\/p>\n<p style=\"text-align: justify;\">\u015eubat 2021 &#8220;\u0130nsan Haklar\u0131 \u0130zleme \u00d6rg\u00fct\u00fc (HRW)&#8221; T\u00fcrkiye topraklar\u0131na zorla nakledilen baz\u0131 ki\u015filer i\u00e7in m\u00fcebbet hapis cezas\u0131 verildi\u011fi a\u00e7\u0131klad\u0131 ve i\u015fgalci bir g\u00fc\u00e7 olarak T\u00fcrk yetkililere, kuzeydo\u011fu Suriye de i\u015fgal yasas\u0131 alt\u0131ndaki insanlar\u0131n haklar\u0131na sayg\u0131 g\u00f6stermelidir, Keyfi g\u00f6zalt\u0131 yasaklanmas\u0131 ve insanlar\u0131 kendi topraklar\u0131na nakledilmesi d\u00e2hil.<\/p>\n<p>&nbsp;<\/p>\n<div class=\"module-message__container-outer\">\n<div class=\"module-message__container module-message__container--incoming\">\n<div class=\"module-message__text module-message__text--incoming\" dir=\"auto\"><a href=\"https:\/\/stj-sy.org\/ar\/%d8%a7%d9%84%d8%b1%d9%82%d8%a9-%d8%b3%d9%84%d9%88%d9%83-%d8%aa%d8%b9%d8%b0%d9%8a%d8%a8-%d9%88%d8%ad%d8%b4%d9%8a-%d9%84%d8%b4%d8%a7%d8%a8-%d9%85%d8%af%d9%86%d9%8a-%d8%b9%d9%84%d9%89-%d9%8a%d8%af\/\"><strong>Bu makale Arap\u00e7adan \u00e7evrilmi\u015ftir. Orijinal makaleyi okumak i\u00e7in, l\u00fctfen a\u015fa\u011f\u0131daki ba\u011flant\u0131y\u0131\u00a0kullan\u0131n.<\/strong><\/a><\/div>\n<\/div>\n<\/div>\n<div class=\"module-message__buttons module-message__buttons--incoming\"><\/div>\n","protected":false},"excerpt":{"rendered":"<p>9 Eyl\u00fcl 2021 tarihinde sosyal medyada, Suriyeli bir gencin T\u00fcrkiye taraf\u0131ndan desteklenen Suriye Ulusal Ordusu\/muhalefetinin bir fraksiyonun \u00fcyeleri taraf\u0131ndan vah\u015fice i\u015fkence g\u00f6rd\u00fc\u011f\u00fc bir video yay\u0131ld\u0131 ve ayn\u0131 g\u00fcn ayn\u0131 gencin&hellip;<\/p>\n","protected":false},"author":12,"featured_media":14753,"comment_status":"open","ping_status":"open","sticky":false,"template":"","format":"link","meta":{"_lmt_disableupdate":"","_lmt_disable":"","footnotes":""},"categories":[840,839],"tags":[846,849,850,841,842,848,847,843,586,845,844],"class_list":["post-15076","post","type-post","status-publish","format-link","has-post-thumbnail","hentry","category-editorun-sectikleri","category-insan-haklari-gazeteciligi","tag-baris-pinari-harekati","tag-20-tumen","tag-ali-al-faraj-tr","tag-iskence-ve-kotu-muamele","tag-rakka","tag-sukur-al-sunne","tag-suluk-tr","tag-suriye","tag-turkiye","tag-tutuklamalar","tag-ulusal-ordu-suriye-devrimci-ve-muhalif-gucler-ulusal-koalisyonu","post_format-post-format-link"],"yoast_head":"<!-- This site is optimized with the Yoast SEO plugin v26.8 - https:\/\/yoast.com\/product\/yoast-seo-wordpress\/ -->\n<title>Rakka\/suluk: &quot;Sukur Al-Sunne&quot; unsurlar\u0131 taraf\u0131ndan vah\u015fice sivil bir gence i\u015fkence edilmesi - \u0633\u0648\u0631\u064a\u0648\u0646 \u0645\u0646 \u0623\u062c\u0644 \u0627\u0644\u062d\u0642\u064a\u0642\u0629 \u0648\u0627\u0644\u0639\u062f\u0627\u0644\u0629<\/title>\n<meta name=\"robots\" content=\"index, follow, max-snippet:-1, max-image-preview:large, max-video-preview:-1\" \/>\n<link rel=\"canonical\" href=\"https:\/\/stj-sy.org\/tr\/sukur-al-sunne-unsurlari-tarafindan-vahsice-sivil-bir-gence-iskence-edilmesi\/\" \/>\n<meta property=\"og:locale\" content=\"tr_TR\" \/>\n<meta property=\"og:type\" content=\"article\" \/>\n<meta property=\"og:title\" content=\"Rakka\/suluk: &quot;Sukur Al-Sunne&quot; unsurlar\u0131 taraf\u0131ndan vah\u015fice sivil bir gence i\u015fkence edilmesi - \u0633\u0648\u0631\u064a\u0648\u0646 \u0645\u0646 \u0623\u062c\u0644 \u0627\u0644\u062d\u0642\u064a\u0642\u0629 \u0648\u0627\u0644\u0639\u062f\u0627\u0644\u0629\" \/>\n<meta property=\"og:description\" content=\"9 Eyl\u00fcl 2021 tarihinde sosyal medyada, Suriyeli bir gencin T\u00fcrkiye taraf\u0131ndan desteklenen Suriye Ulusal Ordusu\/muhalefetinin bir fraksiyonun \u00fcyeleri taraf\u0131ndan vah\u015fice i\u015fkence g\u00f6rd\u00fc\u011f\u00fc bir video yay\u0131ld\u0131 ve ayn\u0131 g\u00fcn ayn\u0131 gencin&hellip;\" \/>\n<meta property=\"og:url\" content=\"https:\/\/stj-sy.org\/tr\/sukur-al-sunne-unsurlari-tarafindan-vahsice-sivil-bir-gence-iskence-edilmesi\/\" \/>\n<meta property=\"og:site_name\" content=\"\u0633\u0648\u0631\u064a\u0648\u0646 \u0645\u0646 \u0623\u062c\u0644 \u0627\u0644\u062d\u0642\u064a\u0642\u0629 \u0648\u0627\u0644\u0639\u062f\u0627\u0644\u0629\" \/>\n<meta property=\"article:publisher\" content=\"https:\/\/www.facebook.com\/SyriaSTJ\/\" \/>\n<meta property=\"article:published_time\" content=\"2021-10-28T19:42:00+00:00\" \/>\n<meta property=\"article:modified_time\" content=\"2021-10-28T20:32:29+00:00\" \/>\n<meta property=\"og:image\" content=\"https:\/\/stj-sy.org\/wp-content\/uploads\/2021\/09\/\u063a\u0644\u0627\u0641-1.jpg\" \/>\n\t<meta property=\"og:image:width\" content=\"850\" \/>\n\t<meta property=\"og:image:height\" content=\"450\" \/>\n\t<meta property=\"og:image:type\" content=\"image\/jpeg\" \/>\n<meta name=\"twitter:card\" content=\"summary_large_image\" \/>\n<meta name=\"twitter:creator\" content=\"@STJ_SYRIA_ENG\" \/>\n<meta name=\"twitter:site\" content=\"@STJ_SYRIA_ENG\" \/>\n<meta name=\"twitter:label1\" content=\"Yazan:\" \/>\n\t<meta name=\"twitter:data1\" content=\"communication\" \/>\n\t<meta name=\"twitter:label2\" content=\"Tahmini okuma s\u00fcresi\" \/>\n\t<meta name=\"twitter:data2\" content=\"5 dakika\" \/>\n<script type=\"application\/ld+json\" class=\"yoast-schema-graph\">{\"@context\":\"https:\/\/schema.org\",\"@graph\":[{\"@type\":\"Article\",\"@id\":\"https:\/\/stj-sy.org\/tr\/sukur-al-sunne-unsurlari-tarafindan-vahsice-sivil-bir-gence-iskence-edilmesi\/#article\",\"isPartOf\":{\"@id\":\"https:\/\/stj-sy.org\/tr\/sukur-al-sunne-unsurlari-tarafindan-vahsice-sivil-bir-gence-iskence-edilmesi\/\"},\"author\":{\"name\":\"communication\",\"@id\":\"https:\/\/stj-sy.org\/tr\/#\/schema\/person\/a2fd33978dc6e37e9c970d3003be6114\"},\"headline\":\"Rakka\/suluk: &#8220;Sukur Al-Sunne&#8221; unsurlar\u0131 taraf\u0131ndan vah\u015fice sivil bir gence i\u015fkence edilmesi\",\"datePublished\":\"2021-10-28T19:42:00+00:00\",\"dateModified\":\"2021-10-28T20:32:29+00:00\",\"mainEntityOfPage\":{\"@id\":\"https:\/\/stj-sy.org\/tr\/sukur-al-sunne-unsurlari-tarafindan-vahsice-sivil-bir-gence-iskence-edilmesi\/\"},\"wordCount\":1074,\"commentCount\":0,\"publisher\":{\"@id\":\"https:\/\/stj-sy.org\/tr\/#organization\"},\"image\":{\"@id\":\"https:\/\/stj-sy.org\/tr\/sukur-al-sunne-unsurlari-tarafindan-vahsice-sivil-bir-gence-iskence-edilmesi\/#primaryimage\"},\"thumbnailUrl\":\"https:\/\/stj-sy.org\/wp-content\/uploads\/2021\/09\/\u063a\u0644\u0627\u0641-1.jpg\",\"keywords\":[\"'Bar\u0131\u015f P\u0131nar\u0131 Harek\u00e2t\u0131'\",\"20. T\u00fcmen\",\"Ali Al-Faraj\",\"\u0130\u015fkence ve K\u00f6t\u00fc Muamele\",\"Rakka\",\"Sukur Al-Sunne\",\"Suluk\",\"Suriye\",\"T\u00fcrkiye\",\"tutuklamalar\",\"Ulusal Ordu\/Suriye Devrimci ve Muhalif G\u00fc\u00e7ler Ulusal Koalisyonu\"],\"articleSection\":[\"Edit\u00f6r'\u00fcn se\u00e7tikleri\",\"\u0130nsan Haklar\u0131 Gazetecili\u011fi\"],\"inLanguage\":\"tr\",\"potentialAction\":[{\"@type\":\"CommentAction\",\"name\":\"Comment\",\"target\":[\"https:\/\/stj-sy.org\/tr\/sukur-al-sunne-unsurlari-tarafindan-vahsice-sivil-bir-gence-iskence-edilmesi\/#respond\"]}]},{\"@type\":\"WebPage\",\"@id\":\"https:\/\/stj-sy.org\/tr\/sukur-al-sunne-unsurlari-tarafindan-vahsice-sivil-bir-gence-iskence-edilmesi\/\",\"url\":\"https:\/\/stj-sy.org\/tr\/sukur-al-sunne-unsurlari-tarafindan-vahsice-sivil-bir-gence-iskence-edilmesi\/\",\"name\":\"Rakka\/suluk: \\\"Sukur Al-Sunne\\\" unsurlar\u0131 taraf\u0131ndan vah\u015fice sivil bir gence i\u015fkence edilmesi - \u0633\u0648\u0631\u064a\u0648\u0646 \u0645\u0646 \u0623\u062c\u0644 \u0627\u0644\u062d\u0642\u064a\u0642\u0629 \u0648\u0627\u0644\u0639\u062f\u0627\u0644\u0629\",\"isPartOf\":{\"@id\":\"https:\/\/stj-sy.org\/tr\/#website\"},\"primaryImageOfPage\":{\"@id\":\"https:\/\/stj-sy.org\/tr\/sukur-al-sunne-unsurlari-tarafindan-vahsice-sivil-bir-gence-iskence-edilmesi\/#primaryimage\"},\"image\":{\"@id\":\"https:\/\/stj-sy.org\/tr\/sukur-al-sunne-unsurlari-tarafindan-vahsice-sivil-bir-gence-iskence-edilmesi\/#primaryimage\"},\"thumbnailUrl\":\"https:\/\/stj-sy.org\/wp-content\/uploads\/2021\/09\/\u063a\u0644\u0627\u0641-1.jpg\",\"datePublished\":\"2021-10-28T19:42:00+00:00\",\"dateModified\":\"2021-10-28T20:32:29+00:00\",\"breadcrumb\":{\"@id\":\"https:\/\/stj-sy.org\/tr\/sukur-al-sunne-unsurlari-tarafindan-vahsice-sivil-bir-gence-iskence-edilmesi\/#breadcrumb\"},\"inLanguage\":\"tr\",\"potentialAction\":[{\"@type\":\"ReadAction\",\"target\":[\"https:\/\/stj-sy.org\/tr\/sukur-al-sunne-unsurlari-tarafindan-vahsice-sivil-bir-gence-iskence-edilmesi\/\"]}]},{\"@type\":\"ImageObject\",\"inLanguage\":\"tr\",\"@id\":\"https:\/\/stj-sy.org\/tr\/sukur-al-sunne-unsurlari-tarafindan-vahsice-sivil-bir-gence-iskence-edilmesi\/#primaryimage\",\"url\":\"https:\/\/stj-sy.org\/wp-content\/uploads\/2021\/09\/\u063a\u0644\u0627\u0641-1.jpg\",\"contentUrl\":\"https:\/\/stj-sy.org\/wp-content\/uploads\/2021\/09\/\u063a\u0644\u0627\u0641-1.jpg\",\"width\":850,\"height\":450,\"caption\":\"Ali'nin \\\"\u00f6z\u00fcr diledi\u011fi\\\" bir videodan al\u0131nan resimler.\"},{\"@type\":\"BreadcrumbList\",\"@id\":\"https:\/\/stj-sy.org\/tr\/sukur-al-sunne-unsurlari-tarafindan-vahsice-sivil-bir-gence-iskence-edilmesi\/#breadcrumb\",\"itemListElement\":[{\"@type\":\"ListItem\",\"position\":1,\"name\":\"\u0627\u0644\u0631\u0626\u064a\u0633\u064a\u0629\",\"item\":\"https:\/\/stj-sy.org\/tr\/\"},{\"@type\":\"ListItem\",\"position\":2,\"name\":\"Rakka\/suluk: &#8220;Sukur Al-Sunne&#8221; unsurlar\u0131 taraf\u0131ndan vah\u015fice sivil bir gence i\u015fkence edilmesi\"}]},{\"@type\":\"WebSite\",\"@id\":\"https:\/\/stj-sy.org\/tr\/#website\",\"url\":\"https:\/\/stj-sy.org\/tr\/\",\"name\":\"\u0633\u0648\u0631\u064a\u0648\u0646 \u0645\u0646 \u0623\u062c\u0644 \u0627\u0644\u062d\u0642\u064a\u0642\u0629 \u0648\u0627\u0644\u0639\u062f\u0627\u0644\u0629\",\"description\":\"\u0645\u0648\u0642\u0639 \u0648\u0648\u0631\u062f\u0628\u0631\u064a\u0633 \u0639\u0631\u0628\u064a \u0622\u062e\u0631\",\"publisher\":{\"@id\":\"https:\/\/stj-sy.org\/tr\/#organization\"},\"potentialAction\":[{\"@type\":\"SearchAction\",\"target\":{\"@type\":\"EntryPoint\",\"urlTemplate\":\"https:\/\/stj-sy.org\/tr\/?s={search_term_string}\"},\"query-input\":{\"@type\":\"PropertyValueSpecification\",\"valueRequired\":true,\"valueName\":\"search_term_string\"}}],\"inLanguage\":\"tr\"},{\"@type\":\"Organization\",\"@id\":\"https:\/\/stj-sy.org\/tr\/#organization\",\"name\":\"Syrians for Truth and Justice\",\"url\":\"https:\/\/stj-sy.org\/tr\/\",\"logo\":{\"@type\":\"ImageObject\",\"inLanguage\":\"tr\",\"@id\":\"https:\/\/stj-sy.org\/tr\/#\/schema\/logo\/image\/\",\"url\":\"https:\/\/stj-sy.org\/wp-content\/uploads\/2019\/05\/logo.png\",\"contentUrl\":\"https:\/\/stj-sy.org\/wp-content\/uploads\/2019\/05\/logo.png\",\"width\":231,\"height\":70,\"caption\":\"Syrians for Truth and Justice\"},\"image\":{\"@id\":\"https:\/\/stj-sy.org\/tr\/#\/schema\/logo\/image\/\"},\"sameAs\":[\"https:\/\/www.facebook.com\/SyriaSTJ\/\",\"https:\/\/x.com\/STJ_SYRIA_ENG\",\"https:\/\/www.instagram.com\/syrians_for_truth_and_justice\/\",\"https:\/\/www.linkedin.com\/in\/syrians-for-truth-and-justice-8a0119172\/\"]},{\"@type\":\"Person\",\"@id\":\"https:\/\/stj-sy.org\/tr\/#\/schema\/person\/a2fd33978dc6e37e9c970d3003be6114\",\"name\":\"communication\",\"image\":{\"@type\":\"ImageObject\",\"inLanguage\":\"tr\",\"@id\":\"https:\/\/stj-sy.org\/tr\/#\/schema\/person\/image\/\",\"url\":\"https:\/\/secure.gravatar.com\/avatar\/3286489a5c58069211660a59084c2d74cb161ba3ae3d7373192e1fb81dad274f?s=96&d=mm&r=g\",\"contentUrl\":\"https:\/\/secure.gravatar.com\/avatar\/3286489a5c58069211660a59084c2d74cb161ba3ae3d7373192e1fb81dad274f?s=96&d=mm&r=g\",\"caption\":\"communication\"}}]}<\/script>\n<!-- \/ Yoast SEO plugin. -->","yoast_head_json":{"title":"Rakka\/suluk: \"Sukur Al-Sunne\" unsurlar\u0131 taraf\u0131ndan vah\u015fice sivil bir gence i\u015fkence edilmesi - \u0633\u0648\u0631\u064a\u0648\u0646 \u0645\u0646 \u0623\u062c\u0644 \u0627\u0644\u062d\u0642\u064a\u0642\u0629 \u0648\u0627\u0644\u0639\u062f\u0627\u0644\u0629","robots":{"index":"index","follow":"follow","max-snippet":"max-snippet:-1","max-image-preview":"max-image-preview:large","max-video-preview":"max-video-preview:-1"},"canonical":"https:\/\/stj-sy.org\/tr\/sukur-al-sunne-unsurlari-tarafindan-vahsice-sivil-bir-gence-iskence-edilmesi\/","og_locale":"tr_TR","og_type":"article","og_title":"Rakka\/suluk: \"Sukur Al-Sunne\" unsurlar\u0131 taraf\u0131ndan vah\u015fice sivil bir gence i\u015fkence edilmesi - \u0633\u0648\u0631\u064a\u0648\u0646 \u0645\u0646 \u0623\u062c\u0644 \u0627\u0644\u062d\u0642\u064a\u0642\u0629 \u0648\u0627\u0644\u0639\u062f\u0627\u0644\u0629","og_description":"9 Eyl\u00fcl 2021 tarihinde sosyal medyada, Suriyeli bir gencin T\u00fcrkiye taraf\u0131ndan desteklenen Suriye Ulusal Ordusu\/muhalefetinin bir fraksiyonun \u00fcyeleri taraf\u0131ndan vah\u015fice i\u015fkence g\u00f6rd\u00fc\u011f\u00fc bir video yay\u0131ld\u0131 ve ayn\u0131 g\u00fcn ayn\u0131 gencin&hellip;","og_url":"https:\/\/stj-sy.org\/tr\/sukur-al-sunne-unsurlari-tarafindan-vahsice-sivil-bir-gence-iskence-edilmesi\/","og_site_name":"\u0633\u0648\u0631\u064a\u0648\u0646 \u0645\u0646 \u0623\u062c\u0644 \u0627\u0644\u062d\u0642\u064a\u0642\u0629 \u0648\u0627\u0644\u0639\u062f\u0627\u0644\u0629","article_publisher":"https:\/\/www.facebook.com\/SyriaSTJ\/","article_published_time":"2021-10-28T19:42:00+00:00","article_modified_time":"2021-10-28T20:32:29+00:00","og_image":[{"width":850,"height":450,"url":"https:\/\/stj-sy.org\/wp-content\/uploads\/2021\/09\/\u063a\u0644\u0627\u0641-1.jpg","type":"image\/jpeg"}],"twitter_card":"summary_large_image","twitter_creator":"@STJ_SYRIA_ENG","twitter_site":"@STJ_SYRIA_ENG","twitter_misc":{"Yazan:":"communication","Tahmini okuma s\u00fcresi":"5 dakika"},"schema":{"@context":"https:\/\/schema.org","@graph":[{"@type":"Article","@id":"https:\/\/stj-sy.org\/tr\/sukur-al-sunne-unsurlari-tarafindan-vahsice-sivil-bir-gence-iskence-edilmesi\/#article","isPartOf":{"@id":"https:\/\/stj-sy.org\/tr\/sukur-al-sunne-unsurlari-tarafindan-vahsice-sivil-bir-gence-iskence-edilmesi\/"},"author":{"name":"communication","@id":"https:\/\/stj-sy.org\/tr\/#\/schema\/person\/a2fd33978dc6e37e9c970d3003be6114"},"headline":"Rakka\/suluk: &#8220;Sukur Al-Sunne&#8221; unsurlar\u0131 taraf\u0131ndan vah\u015fice sivil bir gence i\u015fkence edilmesi","datePublished":"2021-10-28T19:42:00+00:00","dateModified":"2021-10-28T20:32:29+00:00","mainEntityOfPage":{"@id":"https:\/\/stj-sy.org\/tr\/sukur-al-sunne-unsurlari-tarafindan-vahsice-sivil-bir-gence-iskence-edilmesi\/"},"wordCount":1074,"commentCount":0,"publisher":{"@id":"https:\/\/stj-sy.org\/tr\/#organization"},"image":{"@id":"https:\/\/stj-sy.org\/tr\/sukur-al-sunne-unsurlari-tarafindan-vahsice-sivil-bir-gence-iskence-edilmesi\/#primaryimage"},"thumbnailUrl":"https:\/\/stj-sy.org\/wp-content\/uploads\/2021\/09\/\u063a\u0644\u0627\u0641-1.jpg","keywords":["'Bar\u0131\u015f P\u0131nar\u0131 Harek\u00e2t\u0131'","20. T\u00fcmen","Ali Al-Faraj","\u0130\u015fkence ve K\u00f6t\u00fc Muamele","Rakka","Sukur Al-Sunne","Suluk","Suriye","T\u00fcrkiye","tutuklamalar","Ulusal Ordu\/Suriye Devrimci ve Muhalif G\u00fc\u00e7ler Ulusal Koalisyonu"],"articleSection":["Edit\u00f6r'\u00fcn se\u00e7tikleri","\u0130nsan Haklar\u0131 Gazetecili\u011fi"],"inLanguage":"tr","potentialAction":[{"@type":"CommentAction","name":"Comment","target":["https:\/\/stj-sy.org\/tr\/sukur-al-sunne-unsurlari-tarafindan-vahsice-sivil-bir-gence-iskence-edilmesi\/#respond"]}]},{"@type":"WebPage","@id":"https:\/\/stj-sy.org\/tr\/sukur-al-sunne-unsurlari-tarafindan-vahsice-sivil-bir-gence-iskence-edilmesi\/","url":"https:\/\/stj-sy.org\/tr\/sukur-al-sunne-unsurlari-tarafindan-vahsice-sivil-bir-gence-iskence-edilmesi\/","name":"Rakka\/suluk: \"Sukur Al-Sunne\" unsurlar\u0131 taraf\u0131ndan vah\u015fice sivil bir gence i\u015fkence edilmesi - \u0633\u0648\u0631\u064a\u0648\u0646 \u0645\u0646 \u0623\u062c\u0644 \u0627\u0644\u062d\u0642\u064a\u0642\u0629 \u0648\u0627\u0644\u0639\u062f\u0627\u0644\u0629","isPartOf":{"@id":"https:\/\/stj-sy.org\/tr\/#website"},"primaryImageOfPage":{"@id":"https:\/\/stj-sy.org\/tr\/sukur-al-sunne-unsurlari-tarafindan-vahsice-sivil-bir-gence-iskence-edilmesi\/#primaryimage"},"image":{"@id":"https:\/\/stj-sy.org\/tr\/sukur-al-sunne-unsurlari-tarafindan-vahsice-sivil-bir-gence-iskence-edilmesi\/#primaryimage"},"thumbnailUrl":"https:\/\/stj-sy.org\/wp-content\/uploads\/2021\/09\/\u063a\u0644\u0627\u0641-1.jpg","datePublished":"2021-10-28T19:42:00+00:00","dateModified":"2021-10-28T20:32:29+00:00","breadcrumb":{"@id":"https:\/\/stj-sy.org\/tr\/sukur-al-sunne-unsurlari-tarafindan-vahsice-sivil-bir-gence-iskence-edilmesi\/#breadcrumb"},"inLanguage":"tr","potentialAction":[{"@type":"ReadAction","target":["https:\/\/stj-sy.org\/tr\/sukur-al-sunne-unsurlari-tarafindan-vahsice-sivil-bir-gence-iskence-edilmesi\/"]}]},{"@type":"ImageObject","inLanguage":"tr","@id":"https:\/\/stj-sy.org\/tr\/sukur-al-sunne-unsurlari-tarafindan-vahsice-sivil-bir-gence-iskence-edilmesi\/#primaryimage","url":"https:\/\/stj-sy.org\/wp-content\/uploads\/2021\/09\/\u063a\u0644\u0627\u0641-1.jpg","contentUrl":"https:\/\/stj-sy.org\/wp-content\/uploads\/2021\/09\/\u063a\u0644\u0627\u0641-1.jpg","width":850,"height":450,"caption":"Ali'nin \"\u00f6z\u00fcr diledi\u011fi\" bir videodan al\u0131nan resimler."},{"@type":"BreadcrumbList","@id":"https:\/\/stj-sy.org\/tr\/sukur-al-sunne-unsurlari-tarafindan-vahsice-sivil-bir-gence-iskence-edilmesi\/#breadcrumb","itemListElement":[{"@type":"ListItem","position":1,"name":"\u0627\u0644\u0631\u0626\u064a\u0633\u064a\u0629","item":"https:\/\/stj-sy.org\/tr\/"},{"@type":"ListItem","position":2,"name":"Rakka\/suluk: &#8220;Sukur Al-Sunne&#8221; unsurlar\u0131 taraf\u0131ndan vah\u015fice sivil bir gence i\u015fkence edilmesi"}]},{"@type":"WebSite","@id":"https:\/\/stj-sy.org\/tr\/#website","url":"https:\/\/stj-sy.org\/tr\/","name":"\u0633\u0648\u0631\u064a\u0648\u0646 \u0645\u0646 \u0623\u062c\u0644 \u0627\u0644\u062d\u0642\u064a\u0642\u0629 \u0648\u0627\u0644\u0639\u062f\u0627\u0644\u0629","description":"\u0645\u0648\u0642\u0639 \u0648\u0648\u0631\u062f\u0628\u0631\u064a\u0633 \u0639\u0631\u0628\u064a \u0622\u062e\u0631","publisher":{"@id":"https:\/\/stj-sy.org\/tr\/#organization"},"potentialAction":[{"@type":"SearchAction","target":{"@type":"EntryPoint","urlTemplate":"https:\/\/stj-sy.org\/tr\/?s={search_term_string}"},"query-input":{"@type":"PropertyValueSpecification","valueRequired":true,"valueName":"search_term_string"}}],"inLanguage":"tr"},{"@type":"Organization","@id":"https:\/\/stj-sy.org\/tr\/#organization","name":"Syrians for Truth and Justice","url":"https:\/\/stj-sy.org\/tr\/","logo":{"@type":"ImageObject","inLanguage":"tr","@id":"https:\/\/stj-sy.org\/tr\/#\/schema\/logo\/image\/","url":"https:\/\/stj-sy.org\/wp-content\/uploads\/2019\/05\/logo.png","contentUrl":"https:\/\/stj-sy.org\/wp-content\/uploads\/2019\/05\/logo.png","width":231,"height":70,"caption":"Syrians for Truth and Justice"},"image":{"@id":"https:\/\/stj-sy.org\/tr\/#\/schema\/logo\/image\/"},"sameAs":["https:\/\/www.facebook.com\/SyriaSTJ\/","https:\/\/x.com\/STJ_SYRIA_ENG","https:\/\/www.instagram.com\/syrians_for_truth_and_justice\/","https:\/\/www.linkedin.com\/in\/syrians-for-truth-and-justice-8a0119172\/"]},{"@type":"Person","@id":"https:\/\/stj-sy.org\/tr\/#\/schema\/person\/a2fd33978dc6e37e9c970d3003be6114","name":"communication","image":{"@type":"ImageObject","inLanguage":"tr","@id":"https:\/\/stj-sy.org\/tr\/#\/schema\/person\/image\/","url":"https:\/\/secure.gravatar.com\/avatar\/3286489a5c58069211660a59084c2d74cb161ba3ae3d7373192e1fb81dad274f?s=96&d=mm&r=g","contentUrl":"https:\/\/secure.gravatar.com\/avatar\/3286489a5c58069211660a59084c2d74cb161ba3ae3d7373192e1fb81dad274f?s=96&d=mm&r=g","caption":"communication"}}]}},"_links":{"self":[{"href":"https:\/\/stj-sy.org\/tr\/wp-json\/wp\/v2\/posts\/15076","targetHints":{"allow":["GET"]}}],"collection":[{"href":"https:\/\/stj-sy.org\/tr\/wp-json\/wp\/v2\/posts"}],"about":[{"href":"https:\/\/stj-sy.org\/tr\/wp-json\/wp\/v2\/types\/post"}],"author":[{"embeddable":true,"href":"https:\/\/stj-sy.org\/tr\/wp-json\/wp\/v2\/users\/12"}],"replies":[{"embeddable":true,"href":"https:\/\/stj-sy.org\/tr\/wp-json\/wp\/v2\/comments?post=15076"}],"version-history":[{"count":3,"href":"https:\/\/stj-sy.org\/tr\/wp-json\/wp\/v2\/posts\/15076\/revisions"}],"predecessor-version":[{"id":15085,"href":"https:\/\/stj-sy.org\/tr\/wp-json\/wp\/v2\/posts\/15076\/revisions\/15085"}],"wp:featuredmedia":[{"embeddable":true,"href":"https:\/\/stj-sy.org\/tr\/wp-json\/wp\/v2\/media\/14753"}],"wp:attachment":[{"href":"https:\/\/stj-sy.org\/tr\/wp-json\/wp\/v2\/media?parent=15076"}],"wp:term":[{"taxonomy":"category","embeddable":true,"href":"https:\/\/stj-sy.org\/tr\/wp-json\/wp\/v2\/categories?post=15076"},{"taxonomy":"post_tag","embeddable":true,"href":"https:\/\/stj-sy.org\/tr\/wp-json\/wp\/v2\/tags?post=15076"}],"curies":[{"name":"wp","href":"https:\/\/api.w.org\/{rel}","templated":true}]}}