{"id":898,"date":"2018-10-23T14:50:07","date_gmt":"2018-10-23T14:50:07","guid":{"rendered":"https:\/\/stj-sy.org\/ku\/898\/"},"modified":"2019-05-29T21:36:27","modified_gmt":"2019-05-29T18:36:27","slug":"898","status":"publish","type":"post","link":"https:\/\/stj-sy.org\/kmr\/898\/","title":{"rendered":"Kurdish-Kurmanji: &#8220;Tu mekt\u00fbm\u00ee, \u00fb ti\u015ftek\u00ee te li ba me tune ye, v\u00eaca ji vir bar bike&#8221;"},"content":{"rendered":"<p style=\"direction: ltr; text-align: justify;\"><span style=\"font-size: 14px;\">&#8220;Nesired\u00een&#8221; nikar\u00eeb\u00fb ku wek\u00ee hemwelatiy\u00ean din y\u00ea S\u00fbriy\u00ea, maf\u00ea arz\u00eetiy\u00ea bikar b\u00eene, \u00fb dema ku w\u00ee ji xwe re mak\u00eeneyek \u00e7andiniy\u00ea kir\u00ee da ku li ser kar bike \u00fb malbata xwe xwed\u00ee bike, maf\u00ea w\u00ee tune b\u00fb ku w\u00ea mak\u00eeney\u00ea ser nav\u00ea xwe tomar bike, ji ber ku ew ji encama serjim\u00eariya awarte, yek ji Kurd\u00ean S\u00fbriy\u00ea y\u00ean b\u00ea nasnamet\u00ee ye, \u00fb bi taybet mekt\u00fbm e.<\/span><\/p>\n<p style=\"direction: ltr; text-align: justify;\"><span style=\"font-size: 14px;\">&#8220;Nesired\u00een Ardam Ibrah\u00eem&#8221; ji tevahiya maf\u00ean xwe y\u00ean siyas\u00ee \u00fb siv\u00eel b\u00eapar b\u00fb, tev ku w\u00ee gelek hewldan kirin da ku rew\u015fa xwe a yasay\u00ee sererast bike, l\u00ea tevde t\u00eak \u00e7\u00fbn.<\/span><\/p>\n<p style=\"direction: ltr; text-align: justify;\"><span style=\"font-size: 14px;\">Di sala 1965an de &#8220;Nesired\u00een Ardam Ibrah\u00eem&#8221; li bajar\u00ea <a href=\"https:\/\/www.google.com\/maps\/place\/%D8%B1%D8%A3%D8%B3+%D8%A7%D9%84%D8%B9%D9%8A%D9%86%D8%8C+%D8%B3%D9%88%D8%B1%D9%8A%D8%A7%E2%80%AD\/@36.844733,40.0905707,14z\/data=!3m1!4b1!4m5!3m4!1s0x154a8755baff3ac9:0x9c45b1bad25ae374!8m2!3d36.8481076!4d40.0786867?hl=ar\">Ser\u00ea Kaniy\u00ea<\/a> y\u00ea par\u00eazgeha Hisi\u00e7ay\u00ea jidayik b\u00fbye, \u00fb ew ji malbatek\u00ea ye ku tevahiya endam\u00ean w\u00ea ji Kurd\u00ean S\u00fbriy\u00ea y\u00ean b\u00ea nasnamet\u00ee ne, \u00fb bi taybet ji be\u015f\u00ea &#8220;mekt\u00fbman&#8221; e, an ku bav\u00ea w\u00ee, hevj\u00eena w\u00ee, \u00fb zarok\u00ean w\u00ee j\u00ee tevde mekt\u00fbmin, \u00fb di v\u00ea bar\u00ea de, w\u00ee ji l\u00eakol\u00eener\u00ea ser erd\u00ea &#8220;gerok&#8221; li ba S\u00fbriy\u00ean ji bo Rasteq\u00een\u00ee \u00fb Dadmendiy\u00ea re, di Avdara sala 2018an de got:<br \/>\n&#8220;<strong>Dema ku serjim\u00ear\u00ee li nav\u00e7eya Gir\u00ea M\u00eer \u00fb \u015eer\u015fek li gundewar\u00ean Ser\u00ea Kaniy\u00ea hate encam dan, nav\u00ea me nehat tomar kirin, \u00fb me gelek\u00ee hewl da ku em rew\u015fa xwe sererast bikin, \u00fb em \u00e7end caran \u00e7\u00fbn saziya nif\u00fbs\u00ea li bajar\u00ea Hisi\u00e7ay\u00ea j\u00ee da ku em mijar\u00ea bi\u015fop\u00eenin, l\u00ea ev yek b\u00ea s\u00fbde b\u00fb, tev ku me pere &#8220;bert\u00eel&#8221; j\u00ee didan, d\u00eamek ber\u00ee (25) salan, &#8220;A.B&#8221; karmendek\u00ee nif\u00fbs\u00ea li bajar\u00ea Ser\u00ea Kaniy\u00ea b\u00fb, \u00fb me gelek\u00ee p\u00ea re hewl da ji bo ku rew\u015fa me a yasay\u00ee sererast bike, l\u00ea ew j\u00ee b\u00ea encam b\u00fb, \u00fb hewldan\u00ean me bi daw\u00ee nedib\u00fbn, l\u00ea karmend\u00ean nif\u00fbs\u00ea herdem\u00ea ji mer digotin ku pelik \u00fb belgey\u00ean me \u00e7\u00fbne \u015eama paytext \u00fb h\u00een venegeriya ne, \u00fb rew\u015fa me wilo ma, ta ku min xaniyek ji malbat\u00ea re li Ser\u00ea Kaniy\u00ea kir\u00ee, \u00fb min xwest ku w\u00ee ser nav\u00ea kur\u00ea xal\u00ea xwe tomar bikim, l\u00ea ev yek ji aliy\u00ea \u015fax\u00ea ewlekariya siyas\u00ee ve nehat pejirandin, v\u00eaca min biryar girt ku ez li wan vegerim, \u00fb min ji xwe re got: &#8220;ma qey ser\u00ea min j\u00ea nakin&#8221;. Ez \u00e7\u00fbm \u015fax\u00ea wan \u00fb min berpirsek\u00ee wan d\u00eet, \u00ea ku dan\u00fbstendina w\u00ee bi min re gelek\u00ee er\u00ean\u00ee b\u00fb, ku min rew\u015fa xwe j\u00ea re \u015firove kir \u00fb min j\u00ea re got ku ez dixwazim xan\u00ee ser nav\u00ea kur\u00ea xal\u00ea xwe tomar bikim, \u00fb pi\u015ft\u00ee li doseya min vegeriya \u00fb j\u00ea pi\u015ftrast b\u00fb, ji min re da zan\u00een ku w\u00ea kar\u00ea min bime\u015fe, \u00fb ji min xwest ku ez pelik\u00ean xwe careke din ji \u015faredariy\u00ea re p\u00ea\u015fk\u00ea\u015f bikim, b\u00ea ku ez ji wan re b\u00eajim ku min ber\u00ea p\u00ea\u015fk\u00ea\u015f kir\u00ee ye, l\u00ea tev\u00ee v\u00ea j\u00ee d\u00eesa hewldan\u00ean min t\u00eak \u00e7\u00fbn.<\/strong>&#8220;<\/span><\/p>\n<p style=\"direction: ltr; text-align: justify;\"><span style=\"font-size: 14px;\">Derfet ji Nesired\u00een re \u00e7\u00eab\u00fb, ku ji xwe re mak\u00eeneyeke \u00e7andiniy\u00ea bikire da ku li ser kar bike, l\u00ea w\u00ee nikar\u00eeb\u00fb ku w\u00ea ser nav\u00ea xwe tomar bike, \u00fb carek\u00ea ji caran di navbera w\u00ee \u00fb hevkarek\u00ee w\u00ee de nakok\u00ee derket, v\u00eaca hevkar\u00ea w\u00ee j\u00ea re got: &#8220;Tu li vir \u00e7i dik\u00ee, tu mekt\u00fbm\u00ee, \u00fb ti\u015ftek\u00ee te li ba me tune ye, v\u00eaca ji vir bi\u00e7e&#8221;. Di bar\u00ea hin astengiy\u00ean d\u00eetir de Nesired\u00een got:<br \/>\n&#8220;<strong>Her dem\u00ea ez di\u00e7\u00fbm bajar\u00ean wek\u00ee Heleb\u00ea, Hemay\u00ea, Hums\u00ea, \u00fb \u015eam\u00ea, \u00fb dema ku ez derdiketim kernek\u00ea min belgenameya xwe a p\u00eanas\u00eene bi xwe re radikir, herwiha min pelikek r\u00eadan\u00ea ji r\u00eaveberiya xewxaneyan di an\u00ee da ku karibim li wir raz\u00eam, l\u00ea carek\u00ea ji caran dema ez li Heleb\u00ea b\u00fbm, min r\u00eadan ji bo razan\u00ea ji r\u00eaveberiya xewxaneyan an\u00ee, v\u00eaca endmek\u00ee r\u00eaveberiy\u00ea ji min re got: ma tu nirx\u00ea \u015f\u00eev\u00ea nad\u00ee min? Min l\u00ea vegerand: ez ji xwe re li hinekan digerim ku \u015f\u00eev\u00ea bidin min, v\u00eaca \u00e7awa ez\u00ea nirx\u00ea w\u00ea bidim te.<\/strong>&#8220;<\/span><\/p>\n<p style=\"direction: ltr; text-align: justify;\"><span style=\"font-size: 14px;\">Nesired\u00een di kar\u00ean dartiro\u015fiy\u00ea \u00fb firotina motor\u00ean du teker de xebit\u00ee ye, \u00fb dema ku w\u00ee zarok\u00ean xwe li dibistan\u00ea tomar dikir rast\u00ee gelek astengiyan dihat, ji ber ku p\u00eadiv\u00eat b\u00fb ku belgenameya p\u00eanas\u00een\u00ea, \u00fb carnan j\u00ee pelikeke pejirandin\u00ea ji ba \u015fax\u00ea ewlekariya siyas\u00ee b\u00eene, \u00fb di v\u00ea bar\u00ea de got:<\/span><br \/>\n<span style=\"font-size: 14px;\"><span dir=\"RTL\">&#8220;<\/span><strong>Di 4\u00ea Gulan\u00ea ji sala 2012an de, min pelik\u00ean xwe, y\u00ean s\u00ea biray\u00ean xwe, \u00fb y\u00ean dayika xwe, careke din ji saziya nif\u00fbs\u00ea a bajar\u00ea Hisi\u00e7ay\u00ea re p\u00ea\u015fk\u00ea\u015f kir, \u00fb karmend\u00ean w\u00ea ji min re gotin ku ew\u00ea pelikan bi\u015f\u00eenin \u015eam\u00ea \u00fb div\u00ea ku ez li heviya vegera wan bim, \u00fb li wir min hejmara telefona karmendek\u00ee nif\u00fbs\u00ea li \u015eam\u00ea peyda kir, \u00fb min p\u00eawend\u00ee p\u00ea re gir\u00ea da \u00fb pirsa doseya xwe, a biray\u00ean xwe \u00fb dayika xwe j\u00ea kir, v\u00eaca w\u00ee ji min re got ku yek ji doseyan ji \u015fax\u00ea ewlekariya siyas\u00ee re li \u015eam\u00ea hatiye p\u00ea\u015fk\u00ea\u015f kirin, \u00fb h\u00een venegeriya ye, \u00fb yeke din vegeriya ye Hisi\u00e7ay\u00ea, l\u00ea ev yek b\u00ea encam b\u00fb, ji lewre min hewl da ku bi karmendek\u00ee din y\u00ea nif\u00fbs\u00ea re p\u00eawendiy\u00ea bikim, \u00fb pereyan &#8220;bert\u00eel&#8221; bidim w\u00ee da ku rew\u015fa min sererast bike, l\u00ea w\u00ee j\u00ee ji min re got ku div\u00ea ez daxwaza xwe careke din p\u00ea\u015fk\u00ea\u015f bikim.<\/strong>&#8220;<\/span><\/p>\n","protected":false},"excerpt":{"rendered":"<p>&#8220;Nesired\u00een&#8221; nikar\u00eeb\u00fb ku wek\u00ee hemwelatiy\u00ean din y\u00ea S\u00fbriy\u00ea, maf\u00ea arz\u00eetiy\u00ea bikar b\u00eene, \u00fb dema ku w\u00ee ji xwe re mak\u00eeneyek \u00e7andiniy\u00ea kir\u00ee da ku li ser kar bike \u00fb malbata&hellip;<\/p>\n","protected":false},"author":16,"featured_media":2104,"comment_status":"open","ping_status":"open","sticky":false,"template":"","format":"link","meta":{"_lmt_disableupdate":"","_lmt_disable":"","footnotes":""},"categories":[5],"tags":[130,54,131,172],"class_list":["post-898","post","type-post","status-publish","format-link","has-post-thumbnail","hentry","category-recorded-stories","tag-al-Hasakah-Census-1962","tag-Stateless","tag-Stateless-Kurds-of-Syria","tag-Syria","post_format-post-format-link"],"yoast_head":"<!-- This site is optimized with the Yoast SEO plugin v26.8 - https:\/\/yoast.com\/product\/yoast-seo-wordpress\/ -->\n<title>Kurdish-Kurmanji: &quot;Tu mekt\u00fbm\u00ee, \u00fb ti\u015ftek\u00ee te li ba me tune ye, v\u00eaca ji vir bar bike&quot; - \u0633\u0648\u0631\u064a\u0648\u0646 \u0645\u0646 \u0623\u062c\u0644 \u0627\u0644\u062d\u0642\u064a\u0642\u0629 \u0648\u0627\u0644\u0639\u062f\u0627\u0644\u0629<\/title>\n<meta name=\"robots\" content=\"index, follow, max-snippet:-1, max-image-preview:large, max-video-preview:-1\" \/>\n<link rel=\"canonical\" href=\"https:\/\/stj-sy.org\/kmr\/898\/\" \/>\n<meta property=\"og:locale\" content=\"en_US\" \/>\n<meta property=\"og:type\" content=\"article\" \/>\n<meta property=\"og:title\" content=\"Kurdish-Kurmanji: &quot;Tu mekt\u00fbm\u00ee, \u00fb ti\u015ftek\u00ee te li ba me tune ye, v\u00eaca ji vir bar bike&quot; - \u0633\u0648\u0631\u064a\u0648\u0646 \u0645\u0646 \u0623\u062c\u0644 \u0627\u0644\u062d\u0642\u064a\u0642\u0629 \u0648\u0627\u0644\u0639\u062f\u0627\u0644\u0629\" \/>\n<meta property=\"og:description\" content=\"&#8220;Nesired\u00een&#8221; nikar\u00eeb\u00fb ku wek\u00ee hemwelatiy\u00ean din y\u00ea S\u00fbriy\u00ea, maf\u00ea arz\u00eetiy\u00ea bikar b\u00eene, \u00fb dema ku w\u00ee ji xwe re mak\u00eeneyek \u00e7andiniy\u00ea kir\u00ee da ku li ser kar bike \u00fb malbata&hellip;\" \/>\n<meta property=\"og:url\" content=\"https:\/\/stj-sy.org\/kmr\/898\/\" \/>\n<meta property=\"og:site_name\" content=\"\u0633\u0648\u0631\u064a\u0648\u0646 \u0645\u0646 \u0623\u062c\u0644 \u0627\u0644\u062d\u0642\u064a\u0642\u0629 \u0648\u0627\u0644\u0639\u062f\u0627\u0644\u0629\" \/>\n<meta property=\"article:publisher\" content=\"https:\/\/www.facebook.com\/SyriaSTJ\/\" \/>\n<meta property=\"article:published_time\" content=\"2018-10-23T14:50:07+00:00\" \/>\n<meta property=\"article:modified_time\" content=\"2019-05-29T18:36:27+00:00\" \/>\n<meta property=\"og:image\" content=\"https:\/\/stj-sy.org\/wp-content\/uploads\/cover_images\/2018-_\u0645\u0646\u0638\u0645\u0629-\u0633\u0648\u0631\u064a\u0648\u0646-\u0645\u0646-\u0627\u0654\u062c\u0644-\u0627\u0644\u0639\u062f\u0627\u0644\u0629-\u0648\u0627\u0644\u062d\u0642\u064a\u0642\u0629-\u0642\u0635\u0635-\u0645\u0643\u062a\u0648\u0628\u0629-\u0635\u0648\u0631\u0629-\u0627\u0644\u063a\u0644\u0627\u0641_1.jpg\" \/>\n\t<meta property=\"og:image:width\" content=\"1140\" \/>\n\t<meta property=\"og:image:height\" content=\"600\" \/>\n\t<meta property=\"og:image:type\" content=\"image\/jpeg\" \/>\n<meta name=\"twitter:card\" content=\"summary_large_image\" \/>\n<meta name=\"twitter:creator\" content=\"@STJ_SYRIA_ENG\" \/>\n<meta name=\"twitter:site\" content=\"@STJ_SYRIA_ENG\" \/>\n<meta name=\"twitter:label1\" content=\"Written by\" \/>\n\t<meta name=\"twitter:data1\" content=\"author\" \/>\n\t<meta name=\"twitter:label2\" content=\"Est. reading time\" \/>\n\t<meta name=\"twitter:data2\" content=\"5 minutes\" \/>\n<script type=\"application\/ld+json\" class=\"yoast-schema-graph\">{\"@context\":\"https:\/\/schema.org\",\"@graph\":[{\"@type\":\"Article\",\"@id\":\"https:\/\/stj-sy.org\/kmr\/898\/#article\",\"isPartOf\":{\"@id\":\"https:\/\/stj-sy.org\/kmr\/898\/\"},\"author\":{\"name\":\"author\",\"@id\":\"https:\/\/stj-sy.org\/kmr\/#\/schema\/person\/cf37e037b13c79d2a7341c1f849f42d0\"},\"headline\":\"Kurdish-Kurmanji: &#8220;Tu mekt\u00fbm\u00ee, \u00fb ti\u015ftek\u00ee te li ba me tune ye, v\u00eaca ji vir bar bike&#8221;\",\"datePublished\":\"2018-10-23T14:50:07+00:00\",\"dateModified\":\"2019-05-29T18:36:27+00:00\",\"mainEntityOfPage\":{\"@id\":\"https:\/\/stj-sy.org\/kmr\/898\/\"},\"wordCount\":935,\"commentCount\":0,\"publisher\":{\"@id\":\"https:\/\/stj-sy.org\/kmr\/#organization\"},\"image\":{\"@id\":\"https:\/\/stj-sy.org\/kmr\/898\/#primaryimage\"},\"thumbnailUrl\":\"https:\/\/stj-sy.org\/wp-content\/uploads\/cover_images\/2018-_\u0645\u0646\u0638\u0645\u0629-\u0633\u0648\u0631\u064a\u0648\u0646-\u0645\u0646-\u0627\u0654\u062c\u0644-\u0627\u0644\u0639\u062f\u0627\u0644\u0629-\u0648\u0627\u0644\u062d\u0642\u064a\u0642\u0629-\u0642\u0635\u0635-\u0645\u0643\u062a\u0648\u0628\u0629-\u0635\u0648\u0631\u0629-\u0627\u0644\u063a\u0644\u0627\u0641_1.jpg\",\"keywords\":[\"al-Hasakah Census 1962\",\"Stateless\",\"Stateless Kurds of Syria\",\"Syria\"],\"articleSection\":[\"Recorded Stories\"],\"inLanguage\":\"kmr\",\"potentialAction\":[{\"@type\":\"CommentAction\",\"name\":\"Comment\",\"target\":[\"https:\/\/stj-sy.org\/kmr\/898\/#respond\"]}]},{\"@type\":\"WebPage\",\"@id\":\"https:\/\/stj-sy.org\/kmr\/898\/\",\"url\":\"https:\/\/stj-sy.org\/kmr\/898\/\",\"name\":\"Kurdish-Kurmanji: \\\"Tu mekt\u00fbm\u00ee, \u00fb ti\u015ftek\u00ee te li ba me tune ye, v\u00eaca ji vir bar bike\\\" - \u0633\u0648\u0631\u064a\u0648\u0646 \u0645\u0646 \u0623\u062c\u0644 \u0627\u0644\u062d\u0642\u064a\u0642\u0629 \u0648\u0627\u0644\u0639\u062f\u0627\u0644\u0629\",\"isPartOf\":{\"@id\":\"https:\/\/stj-sy.org\/kmr\/#website\"},\"primaryImageOfPage\":{\"@id\":\"https:\/\/stj-sy.org\/kmr\/898\/#primaryimage\"},\"image\":{\"@id\":\"https:\/\/stj-sy.org\/kmr\/898\/#primaryimage\"},\"thumbnailUrl\":\"https:\/\/stj-sy.org\/wp-content\/uploads\/cover_images\/2018-_\u0645\u0646\u0638\u0645\u0629-\u0633\u0648\u0631\u064a\u0648\u0646-\u0645\u0646-\u0627\u0654\u062c\u0644-\u0627\u0644\u0639\u062f\u0627\u0644\u0629-\u0648\u0627\u0644\u062d\u0642\u064a\u0642\u0629-\u0642\u0635\u0635-\u0645\u0643\u062a\u0648\u0628\u0629-\u0635\u0648\u0631\u0629-\u0627\u0644\u063a\u0644\u0627\u0641_1.jpg\",\"datePublished\":\"2018-10-23T14:50:07+00:00\",\"dateModified\":\"2019-05-29T18:36:27+00:00\",\"breadcrumb\":{\"@id\":\"https:\/\/stj-sy.org\/kmr\/898\/#breadcrumb\"},\"inLanguage\":\"kmr\",\"potentialAction\":[{\"@type\":\"ReadAction\",\"target\":[\"https:\/\/stj-sy.org\/kmr\/898\/\"]}]},{\"@type\":\"ImageObject\",\"inLanguage\":\"kmr\",\"@id\":\"https:\/\/stj-sy.org\/kmr\/898\/#primaryimage\",\"url\":\"https:\/\/stj-sy.org\/wp-content\/uploads\/cover_images\/2018-_\u0645\u0646\u0638\u0645\u0629-\u0633\u0648\u0631\u064a\u0648\u0646-\u0645\u0646-\u0627\u0654\u062c\u0644-\u0627\u0644\u0639\u062f\u0627\u0644\u0629-\u0648\u0627\u0644\u062d\u0642\u064a\u0642\u0629-\u0642\u0635\u0635-\u0645\u0643\u062a\u0648\u0628\u0629-\u0635\u0648\u0631\u0629-\u0627\u0644\u063a\u0644\u0627\u0641_1.jpg\",\"contentUrl\":\"https:\/\/stj-sy.org\/wp-content\/uploads\/cover_images\/2018-_\u0645\u0646\u0638\u0645\u0629-\u0633\u0648\u0631\u064a\u0648\u0646-\u0645\u0646-\u0627\u0654\u062c\u0644-\u0627\u0644\u0639\u062f\u0627\u0644\u0629-\u0648\u0627\u0644\u062d\u0642\u064a\u0642\u0629-\u0642\u0635\u0635-\u0645\u0643\u062a\u0648\u0628\u0629-\u0635\u0648\u0631\u0629-\u0627\u0644\u063a\u0644\u0627\u0641_1.jpg\",\"width\":1140,\"height\":600},{\"@type\":\"BreadcrumbList\",\"@id\":\"https:\/\/stj-sy.org\/kmr\/898\/#breadcrumb\",\"itemListElement\":[{\"@type\":\"ListItem\",\"position\":1,\"name\":\"\u0627\u0644\u0631\u0626\u064a\u0633\u064a\u0629\",\"item\":\"https:\/\/stj-sy.org\/kmr\/\"},{\"@type\":\"ListItem\",\"position\":2,\"name\":\"Kurdish-Kurmanji: &#8220;Tu mekt\u00fbm\u00ee, \u00fb ti\u015ftek\u00ee te li ba me tune ye, v\u00eaca ji vir bar bike&#8221;\"}]},{\"@type\":\"WebSite\",\"@id\":\"https:\/\/stj-sy.org\/kmr\/#website\",\"url\":\"https:\/\/stj-sy.org\/kmr\/\",\"name\":\"\u0633\u0648\u0631\u064a\u0648\u0646 \u0645\u0646 \u0623\u062c\u0644 \u0627\u0644\u062d\u0642\u064a\u0642\u0629 \u0648\u0627\u0644\u0639\u062f\u0627\u0644\u0629\",\"description\":\"\u0645\u0648\u0642\u0639 \u0648\u0648\u0631\u062f\u0628\u0631\u064a\u0633 \u0639\u0631\u0628\u064a \u0622\u062e\u0631\",\"publisher\":{\"@id\":\"https:\/\/stj-sy.org\/kmr\/#organization\"},\"potentialAction\":[{\"@type\":\"SearchAction\",\"target\":{\"@type\":\"EntryPoint\",\"urlTemplate\":\"https:\/\/stj-sy.org\/kmr\/?s={search_term_string}\"},\"query-input\":{\"@type\":\"PropertyValueSpecification\",\"valueRequired\":true,\"valueName\":\"search_term_string\"}}],\"inLanguage\":\"kmr\"},{\"@type\":\"Organization\",\"@id\":\"https:\/\/stj-sy.org\/kmr\/#organization\",\"name\":\"Syrians for Truth and Justice\",\"url\":\"https:\/\/stj-sy.org\/kmr\/\",\"logo\":{\"@type\":\"ImageObject\",\"inLanguage\":\"kmr\",\"@id\":\"https:\/\/stj-sy.org\/kmr\/#\/schema\/logo\/image\/\",\"url\":\"https:\/\/stj-sy.org\/wp-content\/uploads\/2019\/05\/logo.png\",\"contentUrl\":\"https:\/\/stj-sy.org\/wp-content\/uploads\/2019\/05\/logo.png\",\"width\":231,\"height\":70,\"caption\":\"Syrians for Truth and Justice\"},\"image\":{\"@id\":\"https:\/\/stj-sy.org\/kmr\/#\/schema\/logo\/image\/\"},\"sameAs\":[\"https:\/\/www.facebook.com\/SyriaSTJ\/\",\"https:\/\/x.com\/STJ_SYRIA_ENG\",\"https:\/\/www.instagram.com\/syrians_for_truth_and_justice\/\",\"https:\/\/www.linkedin.com\/in\/syrians-for-truth-and-justice-8a0119172\/\"]},{\"@type\":\"Person\",\"@id\":\"https:\/\/stj-sy.org\/kmr\/#\/schema\/person\/cf37e037b13c79d2a7341c1f849f42d0\",\"name\":\"author\",\"image\":{\"@type\":\"ImageObject\",\"inLanguage\":\"kmr\",\"@id\":\"https:\/\/stj-sy.org\/kmr\/#\/schema\/person\/image\/\",\"url\":\"https:\/\/secure.gravatar.com\/avatar\/d47d5031495f6b155f53b6d5b7b320f9475775ea25a524b901ac5a5cc30f1bdc?s=96&d=mm&r=g\",\"contentUrl\":\"https:\/\/secure.gravatar.com\/avatar\/d47d5031495f6b155f53b6d5b7b320f9475775ea25a524b901ac5a5cc30f1bdc?s=96&d=mm&r=g\",\"caption\":\"author\"},\"sameAs\":[\"https:\/\/stj-sy.org\/\"]}]}<\/script>\n<!-- \/ Yoast SEO plugin. -->","yoast_head_json":{"title":"Kurdish-Kurmanji: \"Tu mekt\u00fbm\u00ee, \u00fb ti\u015ftek\u00ee te li ba me tune ye, v\u00eaca ji vir bar bike\" - \u0633\u0648\u0631\u064a\u0648\u0646 \u0645\u0646 \u0623\u062c\u0644 \u0627\u0644\u062d\u0642\u064a\u0642\u0629 \u0648\u0627\u0644\u0639\u062f\u0627\u0644\u0629","robots":{"index":"index","follow":"follow","max-snippet":"max-snippet:-1","max-image-preview":"max-image-preview:large","max-video-preview":"max-video-preview:-1"},"canonical":"https:\/\/stj-sy.org\/kmr\/898\/","og_locale":"en_US","og_type":"article","og_title":"Kurdish-Kurmanji: \"Tu mekt\u00fbm\u00ee, \u00fb ti\u015ftek\u00ee te li ba me tune ye, v\u00eaca ji vir bar bike\" - \u0633\u0648\u0631\u064a\u0648\u0646 \u0645\u0646 \u0623\u062c\u0644 \u0627\u0644\u062d\u0642\u064a\u0642\u0629 \u0648\u0627\u0644\u0639\u062f\u0627\u0644\u0629","og_description":"&#8220;Nesired\u00een&#8221; nikar\u00eeb\u00fb ku wek\u00ee hemwelatiy\u00ean din y\u00ea S\u00fbriy\u00ea, maf\u00ea arz\u00eetiy\u00ea bikar b\u00eene, \u00fb dema ku w\u00ee ji xwe re mak\u00eeneyek \u00e7andiniy\u00ea kir\u00ee da ku li ser kar bike \u00fb malbata&hellip;","og_url":"https:\/\/stj-sy.org\/kmr\/898\/","og_site_name":"\u0633\u0648\u0631\u064a\u0648\u0646 \u0645\u0646 \u0623\u062c\u0644 \u0627\u0644\u062d\u0642\u064a\u0642\u0629 \u0648\u0627\u0644\u0639\u062f\u0627\u0644\u0629","article_publisher":"https:\/\/www.facebook.com\/SyriaSTJ\/","article_published_time":"2018-10-23T14:50:07+00:00","article_modified_time":"2019-05-29T18:36:27+00:00","og_image":[{"width":1140,"height":600,"url":"https:\/\/stj-sy.org\/wp-content\/uploads\/cover_images\/2018-_\u0645\u0646\u0638\u0645\u0629-\u0633\u0648\u0631\u064a\u0648\u0646-\u0645\u0646-\u0627\u0654\u062c\u0644-\u0627\u0644\u0639\u062f\u0627\u0644\u0629-\u0648\u0627\u0644\u062d\u0642\u064a\u0642\u0629-\u0642\u0635\u0635-\u0645\u0643\u062a\u0648\u0628\u0629-\u0635\u0648\u0631\u0629-\u0627\u0644\u063a\u0644\u0627\u0641_1.jpg","type":"image\/jpeg"}],"twitter_card":"summary_large_image","twitter_creator":"@STJ_SYRIA_ENG","twitter_site":"@STJ_SYRIA_ENG","twitter_misc":{"Written by":"author","Est. reading time":"5 minutes"},"schema":{"@context":"https:\/\/schema.org","@graph":[{"@type":"Article","@id":"https:\/\/stj-sy.org\/kmr\/898\/#article","isPartOf":{"@id":"https:\/\/stj-sy.org\/kmr\/898\/"},"author":{"name":"author","@id":"https:\/\/stj-sy.org\/kmr\/#\/schema\/person\/cf37e037b13c79d2a7341c1f849f42d0"},"headline":"Kurdish-Kurmanji: &#8220;Tu mekt\u00fbm\u00ee, \u00fb ti\u015ftek\u00ee te li ba me tune ye, v\u00eaca ji vir bar bike&#8221;","datePublished":"2018-10-23T14:50:07+00:00","dateModified":"2019-05-29T18:36:27+00:00","mainEntityOfPage":{"@id":"https:\/\/stj-sy.org\/kmr\/898\/"},"wordCount":935,"commentCount":0,"publisher":{"@id":"https:\/\/stj-sy.org\/kmr\/#organization"},"image":{"@id":"https:\/\/stj-sy.org\/kmr\/898\/#primaryimage"},"thumbnailUrl":"https:\/\/stj-sy.org\/wp-content\/uploads\/cover_images\/2018-_\u0645\u0646\u0638\u0645\u0629-\u0633\u0648\u0631\u064a\u0648\u0646-\u0645\u0646-\u0627\u0654\u062c\u0644-\u0627\u0644\u0639\u062f\u0627\u0644\u0629-\u0648\u0627\u0644\u062d\u0642\u064a\u0642\u0629-\u0642\u0635\u0635-\u0645\u0643\u062a\u0648\u0628\u0629-\u0635\u0648\u0631\u0629-\u0627\u0644\u063a\u0644\u0627\u0641_1.jpg","keywords":["al-Hasakah Census 1962","Stateless","Stateless Kurds of Syria","Syria"],"articleSection":["Recorded Stories"],"inLanguage":"kmr","potentialAction":[{"@type":"CommentAction","name":"Comment","target":["https:\/\/stj-sy.org\/kmr\/898\/#respond"]}]},{"@type":"WebPage","@id":"https:\/\/stj-sy.org\/kmr\/898\/","url":"https:\/\/stj-sy.org\/kmr\/898\/","name":"Kurdish-Kurmanji: \"Tu mekt\u00fbm\u00ee, \u00fb ti\u015ftek\u00ee te li ba me tune ye, v\u00eaca ji vir bar bike\" - \u0633\u0648\u0631\u064a\u0648\u0646 \u0645\u0646 \u0623\u062c\u0644 \u0627\u0644\u062d\u0642\u064a\u0642\u0629 \u0648\u0627\u0644\u0639\u062f\u0627\u0644\u0629","isPartOf":{"@id":"https:\/\/stj-sy.org\/kmr\/#website"},"primaryImageOfPage":{"@id":"https:\/\/stj-sy.org\/kmr\/898\/#primaryimage"},"image":{"@id":"https:\/\/stj-sy.org\/kmr\/898\/#primaryimage"},"thumbnailUrl":"https:\/\/stj-sy.org\/wp-content\/uploads\/cover_images\/2018-_\u0645\u0646\u0638\u0645\u0629-\u0633\u0648\u0631\u064a\u0648\u0646-\u0645\u0646-\u0627\u0654\u062c\u0644-\u0627\u0644\u0639\u062f\u0627\u0644\u0629-\u0648\u0627\u0644\u062d\u0642\u064a\u0642\u0629-\u0642\u0635\u0635-\u0645\u0643\u062a\u0648\u0628\u0629-\u0635\u0648\u0631\u0629-\u0627\u0644\u063a\u0644\u0627\u0641_1.jpg","datePublished":"2018-10-23T14:50:07+00:00","dateModified":"2019-05-29T18:36:27+00:00","breadcrumb":{"@id":"https:\/\/stj-sy.org\/kmr\/898\/#breadcrumb"},"inLanguage":"kmr","potentialAction":[{"@type":"ReadAction","target":["https:\/\/stj-sy.org\/kmr\/898\/"]}]},{"@type":"ImageObject","inLanguage":"kmr","@id":"https:\/\/stj-sy.org\/kmr\/898\/#primaryimage","url":"https:\/\/stj-sy.org\/wp-content\/uploads\/cover_images\/2018-_\u0645\u0646\u0638\u0645\u0629-\u0633\u0648\u0631\u064a\u0648\u0646-\u0645\u0646-\u0627\u0654\u062c\u0644-\u0627\u0644\u0639\u062f\u0627\u0644\u0629-\u0648\u0627\u0644\u062d\u0642\u064a\u0642\u0629-\u0642\u0635\u0635-\u0645\u0643\u062a\u0648\u0628\u0629-\u0635\u0648\u0631\u0629-\u0627\u0644\u063a\u0644\u0627\u0641_1.jpg","contentUrl":"https:\/\/stj-sy.org\/wp-content\/uploads\/cover_images\/2018-_\u0645\u0646\u0638\u0645\u0629-\u0633\u0648\u0631\u064a\u0648\u0646-\u0645\u0646-\u0627\u0654\u062c\u0644-\u0627\u0644\u0639\u062f\u0627\u0644\u0629-\u0648\u0627\u0644\u062d\u0642\u064a\u0642\u0629-\u0642\u0635\u0635-\u0645\u0643\u062a\u0648\u0628\u0629-\u0635\u0648\u0631\u0629-\u0627\u0644\u063a\u0644\u0627\u0641_1.jpg","width":1140,"height":600},{"@type":"BreadcrumbList","@id":"https:\/\/stj-sy.org\/kmr\/898\/#breadcrumb","itemListElement":[{"@type":"ListItem","position":1,"name":"\u0627\u0644\u0631\u0626\u064a\u0633\u064a\u0629","item":"https:\/\/stj-sy.org\/kmr\/"},{"@type":"ListItem","position":2,"name":"Kurdish-Kurmanji: &#8220;Tu mekt\u00fbm\u00ee, \u00fb ti\u015ftek\u00ee te li ba me tune ye, v\u00eaca ji vir bar bike&#8221;"}]},{"@type":"WebSite","@id":"https:\/\/stj-sy.org\/kmr\/#website","url":"https:\/\/stj-sy.org\/kmr\/","name":"\u0633\u0648\u0631\u064a\u0648\u0646 \u0645\u0646 \u0623\u062c\u0644 \u0627\u0644\u062d\u0642\u064a\u0642\u0629 \u0648\u0627\u0644\u0639\u062f\u0627\u0644\u0629","description":"\u0645\u0648\u0642\u0639 \u0648\u0648\u0631\u062f\u0628\u0631\u064a\u0633 \u0639\u0631\u0628\u064a \u0622\u062e\u0631","publisher":{"@id":"https:\/\/stj-sy.org\/kmr\/#organization"},"potentialAction":[{"@type":"SearchAction","target":{"@type":"EntryPoint","urlTemplate":"https:\/\/stj-sy.org\/kmr\/?s={search_term_string}"},"query-input":{"@type":"PropertyValueSpecification","valueRequired":true,"valueName":"search_term_string"}}],"inLanguage":"kmr"},{"@type":"Organization","@id":"https:\/\/stj-sy.org\/kmr\/#organization","name":"Syrians for Truth and Justice","url":"https:\/\/stj-sy.org\/kmr\/","logo":{"@type":"ImageObject","inLanguage":"kmr","@id":"https:\/\/stj-sy.org\/kmr\/#\/schema\/logo\/image\/","url":"https:\/\/stj-sy.org\/wp-content\/uploads\/2019\/05\/logo.png","contentUrl":"https:\/\/stj-sy.org\/wp-content\/uploads\/2019\/05\/logo.png","width":231,"height":70,"caption":"Syrians for Truth and Justice"},"image":{"@id":"https:\/\/stj-sy.org\/kmr\/#\/schema\/logo\/image\/"},"sameAs":["https:\/\/www.facebook.com\/SyriaSTJ\/","https:\/\/x.com\/STJ_SYRIA_ENG","https:\/\/www.instagram.com\/syrians_for_truth_and_justice\/","https:\/\/www.linkedin.com\/in\/syrians-for-truth-and-justice-8a0119172\/"]},{"@type":"Person","@id":"https:\/\/stj-sy.org\/kmr\/#\/schema\/person\/cf37e037b13c79d2a7341c1f849f42d0","name":"author","image":{"@type":"ImageObject","inLanguage":"kmr","@id":"https:\/\/stj-sy.org\/kmr\/#\/schema\/person\/image\/","url":"https:\/\/secure.gravatar.com\/avatar\/d47d5031495f6b155f53b6d5b7b320f9475775ea25a524b901ac5a5cc30f1bdc?s=96&d=mm&r=g","contentUrl":"https:\/\/secure.gravatar.com\/avatar\/d47d5031495f6b155f53b6d5b7b320f9475775ea25a524b901ac5a5cc30f1bdc?s=96&d=mm&r=g","caption":"author"},"sameAs":["https:\/\/stj-sy.org\/"]}]}},"_links":{"self":[{"href":"https:\/\/stj-sy.org\/kmr\/wp-json\/wp\/v2\/posts\/898","targetHints":{"allow":["GET"]}}],"collection":[{"href":"https:\/\/stj-sy.org\/kmr\/wp-json\/wp\/v2\/posts"}],"about":[{"href":"https:\/\/stj-sy.org\/kmr\/wp-json\/wp\/v2\/types\/post"}],"author":[{"embeddable":true,"href":"https:\/\/stj-sy.org\/kmr\/wp-json\/wp\/v2\/users\/16"}],"replies":[{"embeddable":true,"href":"https:\/\/stj-sy.org\/kmr\/wp-json\/wp\/v2\/comments?post=898"}],"version-history":[{"count":2,"href":"https:\/\/stj-sy.org\/kmr\/wp-json\/wp\/v2\/posts\/898\/revisions"}],"predecessor-version":[{"id":3236,"href":"https:\/\/stj-sy.org\/kmr\/wp-json\/wp\/v2\/posts\/898\/revisions\/3236"}],"wp:featuredmedia":[{"embeddable":true,"href":"https:\/\/stj-sy.org\/kmr\/wp-json\/wp\/v2\/media\/2104"}],"wp:attachment":[{"href":"https:\/\/stj-sy.org\/kmr\/wp-json\/wp\/v2\/media?parent=898"}],"wp:term":[{"taxonomy":"category","embeddable":true,"href":"https:\/\/stj-sy.org\/kmr\/wp-json\/wp\/v2\/categories?post=898"},{"taxonomy":"post_tag","embeddable":true,"href":"https:\/\/stj-sy.org\/kmr\/wp-json\/wp\/v2\/tags?post=898"}],"curies":[{"name":"wp","href":"https:\/\/api.w.org\/{rel}","templated":true}]}}