{"id":814,"date":"2018-10-02T23:10:34","date_gmt":"2018-10-02T23:10:34","guid":{"rendered":"https:\/\/stj-sy.org\/ku\/814\/"},"modified":"2019-05-29T03:17:17","modified_gmt":"2019-05-29T00:17:17","slug":"814","status":"publish","type":"post","link":"https:\/\/stj-sy.org\/kmr\/814\/","title":{"rendered":"Kurdish-Kurmanji: &#8220;Xewna min bo bidestxistina nasnametiya S\u00fbriy\u00ea li ber ba winda \u00e7\u00fb&#8221;"},"content":{"rendered":"<p style=\"direction: ltr; text-align: justify;\">Ti car\u00ee &#8220;Isma&#8217;\u00eel&#8221; guman nedikir ku w\u00ea temen\u00ea w\u00ee bigh\u00eaje 70\u00ea sal\u00ee, b\u00ea ku xewna xwe p\u00eak b\u00eene \u00fb nasnametiya S\u00fbriy\u00ea bidest bixe, ji ber ku w\u00ee her dem\u00ea h\u00eav\u00ee dikir ku wek\u00ee tevahiya hemwelatiy\u00ean S\u00fbriy\u00ea bibe xwed\u00ee nasnamet\u00ee, l\u00ea r\u00eaderdiya w\u00ee ta bi roja me ya \u00eeroy\u00een didome, \u00fb ji ber ku ew yek ji Kurd\u00ean S\u00fbriy\u00ea y\u00ean b\u00ea nasnamet\u00ee ye, ti guhertin\u00ean yasay\u00ee di rew\u015fa w\u00ee de \u00e7\u00eaneb\u00fbne.<\/p>\n<p style=\"direction: ltr; text-align: justify;\">&#8220;Isma&#8217;\u00eel Mihemed&#8221; li bajarok\u00ea <a href=\"https:\/\/www.google.com\/maps\/place\/Tirbespiy%C3%AA+-+%D8%AA%D8%B1%D8%A8%D9%87+%D8%B3%D8%A8%D9%8A%E2%80%AD\/@37.0279186,41.5482777,17z\/data=!3m1!4b1!4m5!3m4!1s0x4009f42a845581fd:0x54ebf60a863265d4!8m2!3d37.0279143!4d41.546089?hl=ar\">Tirbe Spiy\u00ea<\/a> y\u00ea par\u00eazgeha Hisi\u00e7ay\u00ea jidayik b\u00fbye, \u00fb temen\u00ea w\u00ee 70\u00ea salin, bi jin e \u00fb zarok\u00ean w\u00ee j\u00ee hene, \u00fb ew yek ji Kurd\u00ean S\u00fbriy\u00ea y\u00ean b\u00ea nasnamet\u00ee ye, \u00fb bi taybet ji be\u015f\u00ea mekt\u00fbman e, ji lewre w\u00ee bi salan r\u00eaderdiy\u00ean d\u00fbdir\u00eaj ki\u015fandiye, \u00fb di v\u00ea bar\u00ea de ji l\u00eakol\u00eener\u00ea ser erd\u00ea &#8220;gerok&#8221; li ba S\u00fbriy\u00ean ji bo Rasteq\u00een\u00ee \u00fb Dadmendiy\u00ea re, di Avdara sala 2018an de got:<\/p>\n<p style=\"direction: ltr; text-align: justify;\">&#8220;<strong>Dema ku serjim\u00eara awarte hate encam dan, biray\u00ea min wek\u00ee hemwelat\u00ee &#8220;bi nasnamet\u00ee&#8221; hate tomar kirin, l\u00ea ez b\u00fbme mekt\u00fbm, \u00fb min gelek\u00ee hewl da ku rew\u015fa xwe a yasay\u00ee sererast bikim, l\u00ea ji ber ku ez endam\u00ea partiya demokrata Kurd li S\u00fbriy\u00ea b\u00fbm, hewldan\u00ean min t\u00eak \u00e7\u00fbn, \u00e7i ku carek\u00ea ji caran min yek ji kes\u00ean xwed\u00ee h\u00eaz di desthilat\u00ea de bi xwe re bir saziya nif\u00fbs\u00ea, l\u00ea wan ji w\u00ee re gotin ku x\u00eazeke sor li j\u00ear nav\u00ea min heye, \u00fb hewldan\u00ean min d\u00ea bisernekevin, \u00fb tev ku min di pi\u015ftre dev ji partiy\u00ea berda, l\u00ea d\u00eesa j\u00ee min nikar\u00eeb\u00fb ku ez rew\u015fa xwe a yasay\u00ee sererast bikim, wek\u00ee gelek\u00ean din ji mekt\u00fbman ku ne part\u00eevan b\u00fbn, \u00fb nasnametiy\u00ea S\u00fbriy\u00ea bi dest wan j\u00ee nediket, ji lewre min bi duvre nema gelek\u00ee pirs\u00ee, \u00fb ez p\u00eahest b\u00fbm ku bidestxistina nasnametiy\u00ea dijwar \u00fb negengaz e<\/strong>&#8220;.<\/p>\n<p style=\"direction: ltr; text-align: justify;\">Tev\u00ee derxistina biryara (<a href=\"http:\/\/parliament.gov.sy\/arabic\/index.php?node=201&amp;nid=4451&amp;RID=-1&amp;Last=10058&amp;First=0&amp;CurrentPage=12&amp;Vld=-1&amp;Mode=&amp;Service=-1&amp;Loc1=&amp;Key1=&amp;SDate=&amp;EDate=&amp;Year=&amp;Country=&amp;Num=&amp;Dep=-1&amp;\">49<\/a>)an ji bo binasnamet\u00ee kirina kes\u00ean ku b\u00ea nasnamet\u00ee ne &#8220;be\u015f\u00ea ejnebiyan&#8221;, Isma&#8217;\u00eel wek\u00ee gelek\u00ean din ji mekt\u00fbman, pelik\u00ean xwe ji saziya nif\u00fbs\u00ea re p\u00ea\u015fk\u00ea\u015f nekir, ji ber ku ew ji bidestxistina nasnametiy\u00ea b\u00eazar \u00fb b\u00eah\u00eav\u00ee mab\u00fb, \u00fb di v\u00ea bar\u00ea de got:<\/p>\n<p style=\"direction: ltr; text-align: justify;\">&#8220;<strong>Ji ber rew\u015fa me a yasay\u00ee, em rast\u00ee gelek astengiyan dihatin, ku zarok\u00ean min xwendina xwe berdewam nekirin, \u00fb me nikar\u00eeb\u00fb ku em ti arz\u00ee an mal\u00fbmilk\u00ee ser nav\u00ea xwe tomar bikin, \u00fb mal\u00fbmilk\u00ean me y\u00ean ku heb\u00fbn j\u00ee, me li ser nav\u00ea xizmek\u00ee xwe y\u00ea xwed\u00ee nasnamet\u00ee tomar dikir, herwiha ji ber rew\u015fa me a yasay\u00ee del\u00eevey\u00ean kar j\u00ee bidest min nediketin, ji lewre ez ne\u00e7ar mam ku bi duvre di dikaneke bi\u00e7\u00fbk de kar bikim, z\u00eadebar\u00ee astengiy\u00ean ku di r\u00eaw\u00eetiya &#8220;\u00e7\u00fbn\u00fbhatina&#8221; li hindir\u00ea S\u00fbriy\u00ea de diketin riya me, \u00fb wek\u00ee nim\u00fbne ku kur\u00ea min y\u00ea mezin di r\u00eaw\u00eetiya xwe de li hindir\u00ea par\u00eazgeh\u00ean S\u00fbriy\u00ea, s\u00ea caran ji aliy\u00ea h\u00eaz\u00ean ewlekariy\u00ea ve hate sekinandin, ji lewre w\u00ee bi duvre ber\u00ea xwe da Tirkiy\u00ea \u00fb nasnametiya w\u00ea bidest xist, \u00e7i ku hevj\u00eena min hemwelatiya Tirkiy\u00ea b\u00fb, \u00fb tev ku hevj\u00eena min ji ber\u00ee derdora 50\u00ee sal\u00ee ve li S\u00fbriy\u00ea dij\u00ee, pelik\u00ean bicihb\u00fbn\u00ea nedane w\u00ea, ta ber\u00ee bi \u00e7end salan, ku w\u00ea nih ev pelik bidest xistin<\/strong>&#8220;.<\/p>\n<p style=\"direction: ltr; text-align: justify;\">\n","protected":false},"excerpt":{"rendered":"<p>Ti car\u00ee &#8220;Isma&#8217;\u00eel&#8221; guman nedikir ku w\u00ea temen\u00ea w\u00ee bigh\u00eaje 70\u00ea sal\u00ee, b\u00ea ku xewna xwe p\u00eak b\u00eene \u00fb nasnametiya S\u00fbriy\u00ea bidest bixe, ji ber ku w\u00ee her dem\u00ea h\u00eav\u00ee&hellip;<\/p>\n","protected":false},"author":16,"featured_media":2020,"comment_status":"open","ping_status":"open","sticky":false,"template":"","format":"link","meta":{"_lmt_disableupdate":"","_lmt_disable":"","footnotes":""},"categories":[5],"tags":[130,54,131,172],"class_list":["post-814","post","type-post","status-publish","format-link","has-post-thumbnail","hentry","category-recorded-stories","tag-al-Hasakah-Census-1962","tag-Stateless","tag-Stateless-Kurds-of-Syria","tag-Syria","post_format-post-format-link"],"yoast_head":"<!-- This site is optimized with the Yoast SEO plugin v26.8 - https:\/\/yoast.com\/product\/yoast-seo-wordpress\/ -->\n<title>Kurdish-Kurmanji: &quot;Xewna min bo bidestxistina nasnametiya S\u00fbriy\u00ea li ber ba winda \u00e7\u00fb&quot; - \u0633\u0648\u0631\u064a\u0648\u0646 \u0645\u0646 \u0623\u062c\u0644 \u0627\u0644\u062d\u0642\u064a\u0642\u0629 \u0648\u0627\u0644\u0639\u062f\u0627\u0644\u0629<\/title>\n<meta name=\"robots\" content=\"index, follow, max-snippet:-1, max-image-preview:large, max-video-preview:-1\" \/>\n<link rel=\"canonical\" href=\"https:\/\/stj-sy.org\/kmr\/814\/\" \/>\n<meta property=\"og:locale\" content=\"en_US\" \/>\n<meta property=\"og:type\" content=\"article\" \/>\n<meta property=\"og:title\" content=\"Kurdish-Kurmanji: &quot;Xewna min bo bidestxistina nasnametiya S\u00fbriy\u00ea li ber ba winda \u00e7\u00fb&quot; - \u0633\u0648\u0631\u064a\u0648\u0646 \u0645\u0646 \u0623\u062c\u0644 \u0627\u0644\u062d\u0642\u064a\u0642\u0629 \u0648\u0627\u0644\u0639\u062f\u0627\u0644\u0629\" \/>\n<meta property=\"og:description\" content=\"Ti car\u00ee &#8220;Isma&#8217;\u00eel&#8221; guman nedikir ku w\u00ea temen\u00ea w\u00ee bigh\u00eaje 70\u00ea sal\u00ee, b\u00ea ku xewna xwe p\u00eak b\u00eene \u00fb nasnametiya S\u00fbriy\u00ea bidest bixe, ji ber ku w\u00ee her dem\u00ea h\u00eav\u00ee&hellip;\" \/>\n<meta property=\"og:url\" content=\"https:\/\/stj-sy.org\/kmr\/814\/\" \/>\n<meta property=\"og:site_name\" content=\"\u0633\u0648\u0631\u064a\u0648\u0646 \u0645\u0646 \u0623\u062c\u0644 \u0627\u0644\u062d\u0642\u064a\u0642\u0629 \u0648\u0627\u0644\u0639\u062f\u0627\u0644\u0629\" \/>\n<meta property=\"article:publisher\" content=\"https:\/\/www.facebook.com\/SyriaSTJ\/\" \/>\n<meta property=\"article:published_time\" content=\"2018-10-02T23:10:34+00:00\" \/>\n<meta property=\"article:modified_time\" content=\"2019-05-29T00:17:17+00:00\" \/>\n<meta property=\"og:image\" content=\"https:\/\/stj-sy.org\/wp-content\/uploads\/cover_images\/\u063a\u0644\u0627\u06411.jpg\" \/>\n\t<meta property=\"og:image:width\" content=\"750\" \/>\n\t<meta property=\"og:image:height\" content=\"452\" \/>\n\t<meta property=\"og:image:type\" content=\"image\/jpeg\" \/>\n<meta name=\"twitter:card\" content=\"summary_large_image\" \/>\n<meta name=\"twitter:creator\" content=\"@STJ_SYRIA_ENG\" \/>\n<meta name=\"twitter:site\" content=\"@STJ_SYRIA_ENG\" \/>\n<meta name=\"twitter:label1\" content=\"Written by\" \/>\n\t<meta name=\"twitter:data1\" content=\"author\" \/>\n\t<meta name=\"twitter:label2\" content=\"Est. reading time\" \/>\n\t<meta name=\"twitter:data2\" content=\"3 minutes\" \/>\n<script type=\"application\/ld+json\" class=\"yoast-schema-graph\">{\"@context\":\"https:\/\/schema.org\",\"@graph\":[{\"@type\":\"Article\",\"@id\":\"https:\/\/stj-sy.org\/kmr\/814\/#article\",\"isPartOf\":{\"@id\":\"https:\/\/stj-sy.org\/kmr\/814\/\"},\"author\":{\"name\":\"author\",\"@id\":\"https:\/\/stj-sy.org\/kmr\/#\/schema\/person\/cf37e037b13c79d2a7341c1f849f42d0\"},\"headline\":\"Kurdish-Kurmanji: &#8220;Xewna min bo bidestxistina nasnametiya S\u00fbriy\u00ea li ber ba winda \u00e7\u00fb&#8221;\",\"datePublished\":\"2018-10-02T23:10:34+00:00\",\"dateModified\":\"2019-05-29T00:17:17+00:00\",\"mainEntityOfPage\":{\"@id\":\"https:\/\/stj-sy.org\/kmr\/814\/\"},\"wordCount\":592,\"commentCount\":0,\"publisher\":{\"@id\":\"https:\/\/stj-sy.org\/kmr\/#organization\"},\"image\":{\"@id\":\"https:\/\/stj-sy.org\/kmr\/814\/#primaryimage\"},\"thumbnailUrl\":\"https:\/\/stj-sy.org\/wp-content\/uploads\/cover_images\/\u063a\u0644\u0627\u06411.jpg\",\"keywords\":[\"al-Hasakah Census 1962\",\"Stateless\",\"Stateless Kurds of Syria\",\"Syria\"],\"articleSection\":[\"Recorded Stories\"],\"inLanguage\":\"kmr\",\"potentialAction\":[{\"@type\":\"CommentAction\",\"name\":\"Comment\",\"target\":[\"https:\/\/stj-sy.org\/kmr\/814\/#respond\"]}]},{\"@type\":\"WebPage\",\"@id\":\"https:\/\/stj-sy.org\/kmr\/814\/\",\"url\":\"https:\/\/stj-sy.org\/kmr\/814\/\",\"name\":\"Kurdish-Kurmanji: \\\"Xewna min bo bidestxistina nasnametiya S\u00fbriy\u00ea li ber ba winda \u00e7\u00fb\\\" - \u0633\u0648\u0631\u064a\u0648\u0646 \u0645\u0646 \u0623\u062c\u0644 \u0627\u0644\u062d\u0642\u064a\u0642\u0629 \u0648\u0627\u0644\u0639\u062f\u0627\u0644\u0629\",\"isPartOf\":{\"@id\":\"https:\/\/stj-sy.org\/kmr\/#website\"},\"primaryImageOfPage\":{\"@id\":\"https:\/\/stj-sy.org\/kmr\/814\/#primaryimage\"},\"image\":{\"@id\":\"https:\/\/stj-sy.org\/kmr\/814\/#primaryimage\"},\"thumbnailUrl\":\"https:\/\/stj-sy.org\/wp-content\/uploads\/cover_images\/\u063a\u0644\u0627\u06411.jpg\",\"datePublished\":\"2018-10-02T23:10:34+00:00\",\"dateModified\":\"2019-05-29T00:17:17+00:00\",\"breadcrumb\":{\"@id\":\"https:\/\/stj-sy.org\/kmr\/814\/#breadcrumb\"},\"inLanguage\":\"kmr\",\"potentialAction\":[{\"@type\":\"ReadAction\",\"target\":[\"https:\/\/stj-sy.org\/kmr\/814\/\"]}]},{\"@type\":\"ImageObject\",\"inLanguage\":\"kmr\",\"@id\":\"https:\/\/stj-sy.org\/kmr\/814\/#primaryimage\",\"url\":\"https:\/\/stj-sy.org\/wp-content\/uploads\/cover_images\/\u063a\u0644\u0627\u06411.jpg\",\"contentUrl\":\"https:\/\/stj-sy.org\/wp-content\/uploads\/cover_images\/\u063a\u0644\u0627\u06411.jpg\",\"width\":750,\"height\":452,\"caption\":\"Di w\u00eane de: belgenameya p\u00eanas\u00een\u00ea a taybet bi \\\"Isma\"},{\"@type\":\"BreadcrumbList\",\"@id\":\"https:\/\/stj-sy.org\/kmr\/814\/#breadcrumb\",\"itemListElement\":[{\"@type\":\"ListItem\",\"position\":1,\"name\":\"\u0627\u0644\u0631\u0626\u064a\u0633\u064a\u0629\",\"item\":\"https:\/\/stj-sy.org\/kmr\/\"},{\"@type\":\"ListItem\",\"position\":2,\"name\":\"Kurdish-Kurmanji: &#8220;Xewna min bo bidestxistina nasnametiya S\u00fbriy\u00ea li ber ba winda \u00e7\u00fb&#8221;\"}]},{\"@type\":\"WebSite\",\"@id\":\"https:\/\/stj-sy.org\/kmr\/#website\",\"url\":\"https:\/\/stj-sy.org\/kmr\/\",\"name\":\"\u0633\u0648\u0631\u064a\u0648\u0646 \u0645\u0646 \u0623\u062c\u0644 \u0627\u0644\u062d\u0642\u064a\u0642\u0629 \u0648\u0627\u0644\u0639\u062f\u0627\u0644\u0629\",\"description\":\"\u0645\u0648\u0642\u0639 \u0648\u0648\u0631\u062f\u0628\u0631\u064a\u0633 \u0639\u0631\u0628\u064a \u0622\u062e\u0631\",\"publisher\":{\"@id\":\"https:\/\/stj-sy.org\/kmr\/#organization\"},\"potentialAction\":[{\"@type\":\"SearchAction\",\"target\":{\"@type\":\"EntryPoint\",\"urlTemplate\":\"https:\/\/stj-sy.org\/kmr\/?s={search_term_string}\"},\"query-input\":{\"@type\":\"PropertyValueSpecification\",\"valueRequired\":true,\"valueName\":\"search_term_string\"}}],\"inLanguage\":\"kmr\"},{\"@type\":\"Organization\",\"@id\":\"https:\/\/stj-sy.org\/kmr\/#organization\",\"name\":\"Syrians for Truth and Justice\",\"url\":\"https:\/\/stj-sy.org\/kmr\/\",\"logo\":{\"@type\":\"ImageObject\",\"inLanguage\":\"kmr\",\"@id\":\"https:\/\/stj-sy.org\/kmr\/#\/schema\/logo\/image\/\",\"url\":\"https:\/\/stj-sy.org\/wp-content\/uploads\/2019\/05\/logo.png\",\"contentUrl\":\"https:\/\/stj-sy.org\/wp-content\/uploads\/2019\/05\/logo.png\",\"width\":231,\"height\":70,\"caption\":\"Syrians for Truth and Justice\"},\"image\":{\"@id\":\"https:\/\/stj-sy.org\/kmr\/#\/schema\/logo\/image\/\"},\"sameAs\":[\"https:\/\/www.facebook.com\/SyriaSTJ\/\",\"https:\/\/x.com\/STJ_SYRIA_ENG\",\"https:\/\/www.instagram.com\/syrians_for_truth_and_justice\/\",\"https:\/\/www.linkedin.com\/in\/syrians-for-truth-and-justice-8a0119172\/\"]},{\"@type\":\"Person\",\"@id\":\"https:\/\/stj-sy.org\/kmr\/#\/schema\/person\/cf37e037b13c79d2a7341c1f849f42d0\",\"name\":\"author\",\"image\":{\"@type\":\"ImageObject\",\"inLanguage\":\"kmr\",\"@id\":\"https:\/\/stj-sy.org\/kmr\/#\/schema\/person\/image\/\",\"url\":\"https:\/\/secure.gravatar.com\/avatar\/d47d5031495f6b155f53b6d5b7b320f9475775ea25a524b901ac5a5cc30f1bdc?s=96&d=mm&r=g\",\"contentUrl\":\"https:\/\/secure.gravatar.com\/avatar\/d47d5031495f6b155f53b6d5b7b320f9475775ea25a524b901ac5a5cc30f1bdc?s=96&d=mm&r=g\",\"caption\":\"author\"},\"sameAs\":[\"https:\/\/stj-sy.org\/\"]}]}<\/script>\n<!-- \/ Yoast SEO plugin. -->","yoast_head_json":{"title":"Kurdish-Kurmanji: \"Xewna min bo bidestxistina nasnametiya S\u00fbriy\u00ea li ber ba winda \u00e7\u00fb\" - \u0633\u0648\u0631\u064a\u0648\u0646 \u0645\u0646 \u0623\u062c\u0644 \u0627\u0644\u062d\u0642\u064a\u0642\u0629 \u0648\u0627\u0644\u0639\u062f\u0627\u0644\u0629","robots":{"index":"index","follow":"follow","max-snippet":"max-snippet:-1","max-image-preview":"max-image-preview:large","max-video-preview":"max-video-preview:-1"},"canonical":"https:\/\/stj-sy.org\/kmr\/814\/","og_locale":"en_US","og_type":"article","og_title":"Kurdish-Kurmanji: \"Xewna min bo bidestxistina nasnametiya S\u00fbriy\u00ea li ber ba winda \u00e7\u00fb\" - \u0633\u0648\u0631\u064a\u0648\u0646 \u0645\u0646 \u0623\u062c\u0644 \u0627\u0644\u062d\u0642\u064a\u0642\u0629 \u0648\u0627\u0644\u0639\u062f\u0627\u0644\u0629","og_description":"Ti car\u00ee &#8220;Isma&#8217;\u00eel&#8221; guman nedikir ku w\u00ea temen\u00ea w\u00ee bigh\u00eaje 70\u00ea sal\u00ee, b\u00ea ku xewna xwe p\u00eak b\u00eene \u00fb nasnametiya S\u00fbriy\u00ea bidest bixe, ji ber ku w\u00ee her dem\u00ea h\u00eav\u00ee&hellip;","og_url":"https:\/\/stj-sy.org\/kmr\/814\/","og_site_name":"\u0633\u0648\u0631\u064a\u0648\u0646 \u0645\u0646 \u0623\u062c\u0644 \u0627\u0644\u062d\u0642\u064a\u0642\u0629 \u0648\u0627\u0644\u0639\u062f\u0627\u0644\u0629","article_publisher":"https:\/\/www.facebook.com\/SyriaSTJ\/","article_published_time":"2018-10-02T23:10:34+00:00","article_modified_time":"2019-05-29T00:17:17+00:00","og_image":[{"width":750,"height":452,"url":"https:\/\/stj-sy.org\/wp-content\/uploads\/cover_images\/\u063a\u0644\u0627\u06411.jpg","type":"image\/jpeg"}],"twitter_card":"summary_large_image","twitter_creator":"@STJ_SYRIA_ENG","twitter_site":"@STJ_SYRIA_ENG","twitter_misc":{"Written by":"author","Est. reading time":"3 minutes"},"schema":{"@context":"https:\/\/schema.org","@graph":[{"@type":"Article","@id":"https:\/\/stj-sy.org\/kmr\/814\/#article","isPartOf":{"@id":"https:\/\/stj-sy.org\/kmr\/814\/"},"author":{"name":"author","@id":"https:\/\/stj-sy.org\/kmr\/#\/schema\/person\/cf37e037b13c79d2a7341c1f849f42d0"},"headline":"Kurdish-Kurmanji: &#8220;Xewna min bo bidestxistina nasnametiya S\u00fbriy\u00ea li ber ba winda \u00e7\u00fb&#8221;","datePublished":"2018-10-02T23:10:34+00:00","dateModified":"2019-05-29T00:17:17+00:00","mainEntityOfPage":{"@id":"https:\/\/stj-sy.org\/kmr\/814\/"},"wordCount":592,"commentCount":0,"publisher":{"@id":"https:\/\/stj-sy.org\/kmr\/#organization"},"image":{"@id":"https:\/\/stj-sy.org\/kmr\/814\/#primaryimage"},"thumbnailUrl":"https:\/\/stj-sy.org\/wp-content\/uploads\/cover_images\/\u063a\u0644\u0627\u06411.jpg","keywords":["al-Hasakah Census 1962","Stateless","Stateless Kurds of Syria","Syria"],"articleSection":["Recorded Stories"],"inLanguage":"kmr","potentialAction":[{"@type":"CommentAction","name":"Comment","target":["https:\/\/stj-sy.org\/kmr\/814\/#respond"]}]},{"@type":"WebPage","@id":"https:\/\/stj-sy.org\/kmr\/814\/","url":"https:\/\/stj-sy.org\/kmr\/814\/","name":"Kurdish-Kurmanji: \"Xewna min bo bidestxistina nasnametiya S\u00fbriy\u00ea li ber ba winda \u00e7\u00fb\" - \u0633\u0648\u0631\u064a\u0648\u0646 \u0645\u0646 \u0623\u062c\u0644 \u0627\u0644\u062d\u0642\u064a\u0642\u0629 \u0648\u0627\u0644\u0639\u062f\u0627\u0644\u0629","isPartOf":{"@id":"https:\/\/stj-sy.org\/kmr\/#website"},"primaryImageOfPage":{"@id":"https:\/\/stj-sy.org\/kmr\/814\/#primaryimage"},"image":{"@id":"https:\/\/stj-sy.org\/kmr\/814\/#primaryimage"},"thumbnailUrl":"https:\/\/stj-sy.org\/wp-content\/uploads\/cover_images\/\u063a\u0644\u0627\u06411.jpg","datePublished":"2018-10-02T23:10:34+00:00","dateModified":"2019-05-29T00:17:17+00:00","breadcrumb":{"@id":"https:\/\/stj-sy.org\/kmr\/814\/#breadcrumb"},"inLanguage":"kmr","potentialAction":[{"@type":"ReadAction","target":["https:\/\/stj-sy.org\/kmr\/814\/"]}]},{"@type":"ImageObject","inLanguage":"kmr","@id":"https:\/\/stj-sy.org\/kmr\/814\/#primaryimage","url":"https:\/\/stj-sy.org\/wp-content\/uploads\/cover_images\/\u063a\u0644\u0627\u06411.jpg","contentUrl":"https:\/\/stj-sy.org\/wp-content\/uploads\/cover_images\/\u063a\u0644\u0627\u06411.jpg","width":750,"height":452,"caption":"Di w\u00eane de: belgenameya p\u00eanas\u00een\u00ea a taybet bi \"Isma"},{"@type":"BreadcrumbList","@id":"https:\/\/stj-sy.org\/kmr\/814\/#breadcrumb","itemListElement":[{"@type":"ListItem","position":1,"name":"\u0627\u0644\u0631\u0626\u064a\u0633\u064a\u0629","item":"https:\/\/stj-sy.org\/kmr\/"},{"@type":"ListItem","position":2,"name":"Kurdish-Kurmanji: &#8220;Xewna min bo bidestxistina nasnametiya S\u00fbriy\u00ea li ber ba winda \u00e7\u00fb&#8221;"}]},{"@type":"WebSite","@id":"https:\/\/stj-sy.org\/kmr\/#website","url":"https:\/\/stj-sy.org\/kmr\/","name":"\u0633\u0648\u0631\u064a\u0648\u0646 \u0645\u0646 \u0623\u062c\u0644 \u0627\u0644\u062d\u0642\u064a\u0642\u0629 \u0648\u0627\u0644\u0639\u062f\u0627\u0644\u0629","description":"\u0645\u0648\u0642\u0639 \u0648\u0648\u0631\u062f\u0628\u0631\u064a\u0633 \u0639\u0631\u0628\u064a \u0622\u062e\u0631","publisher":{"@id":"https:\/\/stj-sy.org\/kmr\/#organization"},"potentialAction":[{"@type":"SearchAction","target":{"@type":"EntryPoint","urlTemplate":"https:\/\/stj-sy.org\/kmr\/?s={search_term_string}"},"query-input":{"@type":"PropertyValueSpecification","valueRequired":true,"valueName":"search_term_string"}}],"inLanguage":"kmr"},{"@type":"Organization","@id":"https:\/\/stj-sy.org\/kmr\/#organization","name":"Syrians for Truth and Justice","url":"https:\/\/stj-sy.org\/kmr\/","logo":{"@type":"ImageObject","inLanguage":"kmr","@id":"https:\/\/stj-sy.org\/kmr\/#\/schema\/logo\/image\/","url":"https:\/\/stj-sy.org\/wp-content\/uploads\/2019\/05\/logo.png","contentUrl":"https:\/\/stj-sy.org\/wp-content\/uploads\/2019\/05\/logo.png","width":231,"height":70,"caption":"Syrians for Truth and Justice"},"image":{"@id":"https:\/\/stj-sy.org\/kmr\/#\/schema\/logo\/image\/"},"sameAs":["https:\/\/www.facebook.com\/SyriaSTJ\/","https:\/\/x.com\/STJ_SYRIA_ENG","https:\/\/www.instagram.com\/syrians_for_truth_and_justice\/","https:\/\/www.linkedin.com\/in\/syrians-for-truth-and-justice-8a0119172\/"]},{"@type":"Person","@id":"https:\/\/stj-sy.org\/kmr\/#\/schema\/person\/cf37e037b13c79d2a7341c1f849f42d0","name":"author","image":{"@type":"ImageObject","inLanguage":"kmr","@id":"https:\/\/stj-sy.org\/kmr\/#\/schema\/person\/image\/","url":"https:\/\/secure.gravatar.com\/avatar\/d47d5031495f6b155f53b6d5b7b320f9475775ea25a524b901ac5a5cc30f1bdc?s=96&d=mm&r=g","contentUrl":"https:\/\/secure.gravatar.com\/avatar\/d47d5031495f6b155f53b6d5b7b320f9475775ea25a524b901ac5a5cc30f1bdc?s=96&d=mm&r=g","caption":"author"},"sameAs":["https:\/\/stj-sy.org\/"]}]}},"_links":{"self":[{"href":"https:\/\/stj-sy.org\/kmr\/wp-json\/wp\/v2\/posts\/814","targetHints":{"allow":["GET"]}}],"collection":[{"href":"https:\/\/stj-sy.org\/kmr\/wp-json\/wp\/v2\/posts"}],"about":[{"href":"https:\/\/stj-sy.org\/kmr\/wp-json\/wp\/v2\/types\/post"}],"author":[{"embeddable":true,"href":"https:\/\/stj-sy.org\/kmr\/wp-json\/wp\/v2\/users\/16"}],"replies":[{"embeddable":true,"href":"https:\/\/stj-sy.org\/kmr\/wp-json\/wp\/v2\/comments?post=814"}],"version-history":[{"count":2,"href":"https:\/\/stj-sy.org\/kmr\/wp-json\/wp\/v2\/posts\/814\/revisions"}],"predecessor-version":[{"id":3208,"href":"https:\/\/stj-sy.org\/kmr\/wp-json\/wp\/v2\/posts\/814\/revisions\/3208"}],"wp:featuredmedia":[{"embeddable":true,"href":"https:\/\/stj-sy.org\/kmr\/wp-json\/wp\/v2\/media\/2020"}],"wp:attachment":[{"href":"https:\/\/stj-sy.org\/kmr\/wp-json\/wp\/v2\/media?parent=814"}],"wp:term":[{"taxonomy":"category","embeddable":true,"href":"https:\/\/stj-sy.org\/kmr\/wp-json\/wp\/v2\/categories?post=814"},{"taxonomy":"post_tag","embeddable":true,"href":"https:\/\/stj-sy.org\/kmr\/wp-json\/wp\/v2\/tags?post=814"}],"curies":[{"name":"wp","href":"https:\/\/api.w.org\/{rel}","templated":true}]}}