{"id":28235,"date":"2025-08-28T00:44:39","date_gmt":"2025-08-27T21:44:39","guid":{"rendered":"https:\/\/stj-sy.org\/daxuyaniya-rojnamevani-stj-peswaziye-li-zedekirina-zimane-kurdi-bo-zimanen-fermi-yen-sanaye-dike\/"},"modified":"2025-08-28T20:16:25","modified_gmt":"2025-08-28T17:16:25","slug":"daxuyaniya-rojnamevani-stj-peswaziye-li-zedekirina-zimane-kurdi-bo-zimanen-fermi-yen-sanaye-dike","status":"publish","type":"post","link":"https:\/\/stj-sy.org\/kmr\/daxuyaniya-rojnamevani-stj-peswaziye-li-zedekirina-zimane-kurdi-bo-zimanen-fermi-yen-sanaye-dike\/","title":{"rendered":"Daxuyan\u00eeya Rojnamevan\u00ee: &#8220;STJ&#8221; P\u00ea\u015fwaz\u00eey\u00ea li Z\u00eadekirina Ziman\u00ea Kurd\u00ee bo Ziman\u00ean Ferm\u00ee y\u00ean SANAy\u00ea dike"},"content":{"rendered":"<p style=\"text-align: justify;\">S\u00fbr\u00eeyay\u00eey\u00ean ji bo Rast\u00ee \u00fb Dadmendiy\u00ea p\u00ea\u015fwaz\u00eeya z\u00eadekirina Ziman\u00ea Kurd\u00ee li ziman\u00ean ferm\u00ee y\u00ean Ajansa N\u00fb\u00e7eyan a Ereb\u00ee ya S\u00fbr\u00eeyay\u00ee (SANA) dike, \u00fb wek\u00ee gaveke yekem a er\u00ean\u00ee di r\u00eayeke dir\u00eaj de ber bi naskirina cih\u00earengiya \u00e7and\u00ee \u00fb ziman\u00ee ya S\u00fbriyay\u00ea \u00fb p\u00ea\u015fvebirina tevl\u00eab\u00fbn\u00ea ji bo p\u00ea\u015ferojek dadmend bo hem\u00ee S\u00fbr\u00eeyay\u00een dib\u00eene.<\/p>\n<p style=\"text-align: justify;\">Di dehsal\u00ean bor\u00ee de, hik\u00fbmet\u00ean li pey hev li S\u00fbriyay\u00ea pol\u00eet\u00eekay\u00ean cudakar bi armanca \u00e7ewisandina nasnameya Kurd, pejirandine, bi r\u00eaya s\u00eenordarkirina bikaran\u00eena ziman\u00ea Kurd\u00ee bi e\u015fkeret\u00ee li dibitanan \u00fb qedexekirina we\u015fan\u00ean bi ziman\u00ea Kurd\u00ee. Ji ber v\u00ea yek\u00ea, div\u00ea rayedar\u00ean veguh\u00eaz \u00ean S\u00fbriyey\u00ea \u00e7erxa d\u00fbrxistin\u00ea bi\u015fk\u00eenin \u00fb ji bo naskirina ferm\u00ee ya Kurd\u00ee wek\u00ee ziman\u00ea netewey\u00ee y\u00ea S\u00fbriyey\u00ea bixebitin, da ku \u00e7andeka naskirina cih\u00earengiy\u00ea \u00fb avakirina welatek\u00ee ku hem\u00eeyan dihew\u00eene, bi\u00e7\u00eenin.<\/p>\n<p style=\"text-align: justify;\">Div\u00ea desthilata hey\u00ee li S\u00fbriyay\u00ea tedb\u00eer\u00ean p\u00eaw\u00eest bigire da ku nasnameya \u00e7and\u00ee \u00fb ziman\u00ee ya Kurdan \u00fb civak\u00ean din bipar\u00eaze, \u015fert \u00fb merc\u00ean guncaw ji bo xurtkirina van nasnameyan y\u00ean cih\u00eareng biafir\u00eenin, \u00fb pi\u015ftrast be ku derfet\u00ean t\u00ear hene bo wan \u00fb zarok\u00ean wan ku di hem\u00ee aliy\u00ean jiyana civak\u00ee \u00fb siyas\u00ee de f\u00ear bibin, bi kar b\u00eenin \u00fb zan\u00eena ziman\u00ea xwe y\u00ea dayik\u00ea bi dest bixin. Ev yek div\u00ea bi nirxandina Danezana Dest\u00fbr\u00ee \u00fb xurtkirina maf\u00ean ziman\u00ee y\u00ean hem\u00fb civak\u00ean S\u00fbriyay\u00ea, li gor\u00ee erk\u00ean dewleta S\u00fbriyay\u00ea y\u00ean Peymana Navnetewey\u00ee ya Maf\u00ean Siv\u00eel \u00fb Siyas\u00ee, Danezana Netewey\u00ean Yekb\u00fby\u00ee ya li Maf\u00ean Gel\u00ean Xwecih\u00ee, \u00fb Danezana NYy\u00ea ya Maf\u00ean Kes\u00ean ku Endam\u00ea K\u00eamnetewey\u00ean Netewey\u00ee an Etn\u00eek\u00ee, Ol\u00ee \u00fb Ziman\u00ee ne, were kirin.<\/p>\n<p style=\"text-align: justify;\">Di dawiy\u00ea de, &#8220;STJ&#8221; daxwaza niv\u00eesandina dest\u00fbrek n\u00fb ji bo S\u00fbr\u00eeyaya n\u00fb dike, ku gotara d\u00fbrxistin \u00fb cudakariya nijad\u00ee ya ku dest\u00fbr\u00ean S\u00fbr\u00eeyay\u00ee y\u00ean ber\u00ea bi kar aniye, qeb\u00fbl neke. Her wiha daxwaza nirxandinek berfireh a hem\u00fb qan\u00fbn \u00fb ferman S\u00fbr\u00eeyay\u00ee dike, y\u00ean ku cudakar\u00eeya nijad\u00ee li S\u00fbr\u00eeyay\u00ea ava kirine, \u00fb qan\u00fbn\u00ean n\u00fb belav bikin ku li gor\u00ee n\u00eaz\u00eekat\u00eey\u00ean hevbe\u015f y\u00ea jiyan\u00ea bin, ku bikaribin wekhev\u00eeyek bi bandor ji bo hem\u00fb S\u00fbriyey\u00ea b\u00eay\u00ee cudah\u00ee p\u00eak b\u00eenin.<\/p>\n","protected":false},"excerpt":{"rendered":"<p>S\u00fbr\u00eeyay\u00eey\u00ean ji bo Rast\u00ee \u00fb Dadmendiy\u00ea p\u00ea\u015fwaz\u00eeya z\u00eadekirina Ziman\u00ea Kurd\u00ee li ziman\u00ean ferm\u00ee y\u00ean Ajansa N\u00fb\u00e7eyan a Ereb\u00ee ya S\u00fbr\u00eeyay\u00ee (SANA) dike, \u00fb wek\u00ee gaveke yekem a er\u00ean\u00ee di r\u00eayeke&hellip;<\/p>\n","protected":false},"author":13,"featured_media":28254,"comment_status":"open","ping_status":"open","sticky":false,"template":"","format":"link","meta":{"_lmt_disableupdate":"no","_lmt_disable":"","footnotes":""},"categories":[648],"tags":[1792,1790,1791,723],"class_list":["post-28235","post","type-post","status-publish","format-link","has-post-thumbnail","hentry","category-daxuyani-u-daxuyaniyen-capameniye","tag-ajansa-sanaye","tag-cudakariya-nijadi","tag-mafen-zimani","tag-zimane-kurdi","post_format-post-format-link"],"yoast_head":"<!-- This site is optimized with the Yoast SEO plugin v26.8 - https:\/\/yoast.com\/product\/yoast-seo-wordpress\/ -->\n<title>Daxuyan\u00eeya Rojnamevan\u00ee: &quot;STJ&quot; P\u00ea\u015fwaz\u00eey\u00ea li Z\u00eadekirina Ziman\u00ea Kurd\u00ee bo Ziman\u00ean Ferm\u00ee y\u00ean SANAy\u00ea dike - \u0633\u0648\u0631\u064a\u0648\u0646 \u0645\u0646 \u0623\u062c\u0644 \u0627\u0644\u062d\u0642\u064a\u0642\u0629 \u0648\u0627\u0644\u0639\u062f\u0627\u0644\u0629<\/title>\n<meta name=\"robots\" content=\"index, follow, max-snippet:-1, max-image-preview:large, max-video-preview:-1\" \/>\n<link rel=\"canonical\" href=\"https:\/\/stj-sy.org\/kmr\/daxuyaniya-rojnamevani-stj-peswaziye-li-zedekirina-zimane-kurdi-bo-zimanen-fermi-yen-sanaye-dike\/\" \/>\n<meta property=\"og:locale\" content=\"en_US\" \/>\n<meta property=\"og:type\" content=\"article\" \/>\n<meta property=\"og:title\" content=\"Daxuyan\u00eeya Rojnamevan\u00ee: &quot;STJ&quot; P\u00ea\u015fwaz\u00eey\u00ea li Z\u00eadekirina Ziman\u00ea Kurd\u00ee bo Ziman\u00ean Ferm\u00ee y\u00ean SANAy\u00ea dike - \u0633\u0648\u0631\u064a\u0648\u0646 \u0645\u0646 \u0623\u062c\u0644 \u0627\u0644\u062d\u0642\u064a\u0642\u0629 \u0648\u0627\u0644\u0639\u062f\u0627\u0644\u0629\" \/>\n<meta property=\"og:description\" content=\"S\u00fbr\u00eeyay\u00eey\u00ean ji bo Rast\u00ee \u00fb Dadmendiy\u00ea p\u00ea\u015fwaz\u00eeya z\u00eadekirina Ziman\u00ea Kurd\u00ee li ziman\u00ean ferm\u00ee y\u00ean Ajansa N\u00fb\u00e7eyan a Ereb\u00ee ya S\u00fbr\u00eeyay\u00ee (SANA) dike, \u00fb wek\u00ee gaveke yekem a er\u00ean\u00ee di r\u00eayeke&hellip;\" \/>\n<meta property=\"og:url\" content=\"https:\/\/stj-sy.org\/kmr\/daxuyaniya-rojnamevani-stj-peswaziye-li-zedekirina-zimane-kurdi-bo-zimanen-fermi-yen-sanaye-dike\/\" \/>\n<meta property=\"og:site_name\" content=\"\u0633\u0648\u0631\u064a\u0648\u0646 \u0645\u0646 \u0623\u062c\u0644 \u0627\u0644\u062d\u0642\u064a\u0642\u0629 \u0648\u0627\u0644\u0639\u062f\u0627\u0644\u0629\" \/>\n<meta property=\"article:publisher\" content=\"https:\/\/www.facebook.com\/SyriaSTJ\/\" \/>\n<meta property=\"article:published_time\" content=\"2025-08-27T21:44:39+00:00\" \/>\n<meta property=\"article:modified_time\" content=\"2025-08-28T17:16:25+00:00\" \/>\n<meta property=\"og:image\" content=\"https:\/\/stj-sy.org\/wp-content\/uploads\/2025\/08\/Cover_Kurdish.jpg\" \/>\n\t<meta property=\"og:image:width\" content=\"1700\" \/>\n\t<meta property=\"og:image:height\" content=\"900\" \/>\n\t<meta property=\"og:image:type\" content=\"image\/jpeg\" \/>\n<meta name=\"twitter:card\" content=\"summary_large_image\" \/>\n<meta name=\"twitter:creator\" content=\"@STJ_SYRIA_ENG\" \/>\n<meta name=\"twitter:site\" content=\"@STJ_SYRIA_ENG\" \/>\n<meta name=\"twitter:label1\" content=\"Written by\" \/>\n\t<meta name=\"twitter:data1\" content=\"s.hasan\" \/>\n\t<meta name=\"twitter:label2\" content=\"Est. reading time\" \/>\n\t<meta name=\"twitter:data2\" content=\"2 minutes\" \/>\n<script type=\"application\/ld+json\" class=\"yoast-schema-graph\">{\"@context\":\"https:\/\/schema.org\",\"@graph\":[{\"@type\":\"Article\",\"@id\":\"https:\/\/stj-sy.org\/kmr\/daxuyaniya-rojnamevani-stj-peswaziye-li-zedekirina-zimane-kurdi-bo-zimanen-fermi-yen-sanaye-dike\/#article\",\"isPartOf\":{\"@id\":\"https:\/\/stj-sy.org\/kmr\/daxuyaniya-rojnamevani-stj-peswaziye-li-zedekirina-zimane-kurdi-bo-zimanen-fermi-yen-sanaye-dike\/\"},\"author\":{\"name\":\"s.hasan\",\"@id\":\"https:\/\/stj-sy.org\/kmr\/#\/schema\/person\/2d73ce612439927c2864c7392846ccf4\"},\"headline\":\"Daxuyan\u00eeya Rojnamevan\u00ee: &#8220;STJ&#8221; P\u00ea\u015fwaz\u00eey\u00ea li Z\u00eadekirina Ziman\u00ea Kurd\u00ee bo Ziman\u00ean Ferm\u00ee y\u00ean SANAy\u00ea dike\",\"datePublished\":\"2025-08-27T21:44:39+00:00\",\"dateModified\":\"2025-08-28T17:16:25+00:00\",\"mainEntityOfPage\":{\"@id\":\"https:\/\/stj-sy.org\/kmr\/daxuyaniya-rojnamevani-stj-peswaziye-li-zedekirina-zimane-kurdi-bo-zimanen-fermi-yen-sanaye-dike\/\"},\"wordCount\":435,\"commentCount\":0,\"publisher\":{\"@id\":\"https:\/\/stj-sy.org\/kmr\/#organization\"},\"image\":{\"@id\":\"https:\/\/stj-sy.org\/kmr\/daxuyaniya-rojnamevani-stj-peswaziye-li-zedekirina-zimane-kurdi-bo-zimanen-fermi-yen-sanaye-dike\/#primaryimage\"},\"thumbnailUrl\":\"https:\/\/stj-sy.org\/wp-content\/uploads\/2025\/08\/Cover_Kurdish.jpg\",\"keywords\":[\"Ajansa SANAy\u00ea\",\"Cudakar\u00eeya Nijad\u00ee\",\"Maf\u00ean Ziman\u00ee\",\"Ziman\u00ea Kurd\u00ee\"],\"articleSection\":[\"Daxuyan\u00ee \u00fb daxuyaniy\u00ean \u00e7apameniy\u00ea\"],\"inLanguage\":\"kmr\",\"potentialAction\":[{\"@type\":\"CommentAction\",\"name\":\"Comment\",\"target\":[\"https:\/\/stj-sy.org\/kmr\/daxuyaniya-rojnamevani-stj-peswaziye-li-zedekirina-zimane-kurdi-bo-zimanen-fermi-yen-sanaye-dike\/#respond\"]}]},{\"@type\":\"WebPage\",\"@id\":\"https:\/\/stj-sy.org\/kmr\/daxuyaniya-rojnamevani-stj-peswaziye-li-zedekirina-zimane-kurdi-bo-zimanen-fermi-yen-sanaye-dike\/\",\"url\":\"https:\/\/stj-sy.org\/kmr\/daxuyaniya-rojnamevani-stj-peswaziye-li-zedekirina-zimane-kurdi-bo-zimanen-fermi-yen-sanaye-dike\/\",\"name\":\"Daxuyan\u00eeya Rojnamevan\u00ee: \\\"STJ\\\" P\u00ea\u015fwaz\u00eey\u00ea li Z\u00eadekirina Ziman\u00ea Kurd\u00ee bo Ziman\u00ean Ferm\u00ee y\u00ean SANAy\u00ea dike - \u0633\u0648\u0631\u064a\u0648\u0646 \u0645\u0646 \u0623\u062c\u0644 \u0627\u0644\u062d\u0642\u064a\u0642\u0629 \u0648\u0627\u0644\u0639\u062f\u0627\u0644\u0629\",\"isPartOf\":{\"@id\":\"https:\/\/stj-sy.org\/kmr\/#website\"},\"primaryImageOfPage\":{\"@id\":\"https:\/\/stj-sy.org\/kmr\/daxuyaniya-rojnamevani-stj-peswaziye-li-zedekirina-zimane-kurdi-bo-zimanen-fermi-yen-sanaye-dike\/#primaryimage\"},\"image\":{\"@id\":\"https:\/\/stj-sy.org\/kmr\/daxuyaniya-rojnamevani-stj-peswaziye-li-zedekirina-zimane-kurdi-bo-zimanen-fermi-yen-sanaye-dike\/#primaryimage\"},\"thumbnailUrl\":\"https:\/\/stj-sy.org\/wp-content\/uploads\/2025\/08\/Cover_Kurdish.jpg\",\"datePublished\":\"2025-08-27T21:44:39+00:00\",\"dateModified\":\"2025-08-28T17:16:25+00:00\",\"breadcrumb\":{\"@id\":\"https:\/\/stj-sy.org\/kmr\/daxuyaniya-rojnamevani-stj-peswaziye-li-zedekirina-zimane-kurdi-bo-zimanen-fermi-yen-sanaye-dike\/#breadcrumb\"},\"inLanguage\":\"kmr\",\"potentialAction\":[{\"@type\":\"ReadAction\",\"target\":[\"https:\/\/stj-sy.org\/kmr\/daxuyaniya-rojnamevani-stj-peswaziye-li-zedekirina-zimane-kurdi-bo-zimanen-fermi-yen-sanaye-dike\/\"]}]},{\"@type\":\"ImageObject\",\"inLanguage\":\"kmr\",\"@id\":\"https:\/\/stj-sy.org\/kmr\/daxuyaniya-rojnamevani-stj-peswaziye-li-zedekirina-zimane-kurdi-bo-zimanen-fermi-yen-sanaye-dike\/#primaryimage\",\"url\":\"https:\/\/stj-sy.org\/wp-content\/uploads\/2025\/08\/Cover_Kurdish.jpg\",\"contentUrl\":\"https:\/\/stj-sy.org\/wp-content\/uploads\/2025\/08\/Cover_Kurdish.jpg\",\"width\":1700,\"height\":900},{\"@type\":\"BreadcrumbList\",\"@id\":\"https:\/\/stj-sy.org\/kmr\/daxuyaniya-rojnamevani-stj-peswaziye-li-zedekirina-zimane-kurdi-bo-zimanen-fermi-yen-sanaye-dike\/#breadcrumb\",\"itemListElement\":[{\"@type\":\"ListItem\",\"position\":1,\"name\":\"\u0627\u0644\u0631\u0626\u064a\u0633\u064a\u0629\",\"item\":\"https:\/\/stj-sy.org\/kmr\/\"},{\"@type\":\"ListItem\",\"position\":2,\"name\":\"Daxuyan\u00eeya Rojnamevan\u00ee: &#8220;STJ&#8221; P\u00ea\u015fwaz\u00eey\u00ea li Z\u00eadekirina Ziman\u00ea Kurd\u00ee bo Ziman\u00ean Ferm\u00ee y\u00ean SANAy\u00ea dike\"}]},{\"@type\":\"WebSite\",\"@id\":\"https:\/\/stj-sy.org\/kmr\/#website\",\"url\":\"https:\/\/stj-sy.org\/kmr\/\",\"name\":\"\u0633\u0648\u0631\u064a\u0648\u0646 \u0645\u0646 \u0623\u062c\u0644 \u0627\u0644\u062d\u0642\u064a\u0642\u0629 \u0648\u0627\u0644\u0639\u062f\u0627\u0644\u0629\",\"description\":\"\u0645\u0648\u0642\u0639 \u0648\u0648\u0631\u062f\u0628\u0631\u064a\u0633 \u0639\u0631\u0628\u064a \u0622\u062e\u0631\",\"publisher\":{\"@id\":\"https:\/\/stj-sy.org\/kmr\/#organization\"},\"potentialAction\":[{\"@type\":\"SearchAction\",\"target\":{\"@type\":\"EntryPoint\",\"urlTemplate\":\"https:\/\/stj-sy.org\/kmr\/?s={search_term_string}\"},\"query-input\":{\"@type\":\"PropertyValueSpecification\",\"valueRequired\":true,\"valueName\":\"search_term_string\"}}],\"inLanguage\":\"kmr\"},{\"@type\":\"Organization\",\"@id\":\"https:\/\/stj-sy.org\/kmr\/#organization\",\"name\":\"Syrians for Truth and Justice\",\"url\":\"https:\/\/stj-sy.org\/kmr\/\",\"logo\":{\"@type\":\"ImageObject\",\"inLanguage\":\"kmr\",\"@id\":\"https:\/\/stj-sy.org\/kmr\/#\/schema\/logo\/image\/\",\"url\":\"https:\/\/stj-sy.org\/wp-content\/uploads\/2019\/05\/logo.png\",\"contentUrl\":\"https:\/\/stj-sy.org\/wp-content\/uploads\/2019\/05\/logo.png\",\"width\":231,\"height\":70,\"caption\":\"Syrians for Truth and Justice\"},\"image\":{\"@id\":\"https:\/\/stj-sy.org\/kmr\/#\/schema\/logo\/image\/\"},\"sameAs\":[\"https:\/\/www.facebook.com\/SyriaSTJ\/\",\"https:\/\/x.com\/STJ_SYRIA_ENG\",\"https:\/\/www.instagram.com\/syrians_for_truth_and_justice\/\",\"https:\/\/www.linkedin.com\/in\/syrians-for-truth-and-justice-8a0119172\/\"]},{\"@type\":\"Person\",\"@id\":\"https:\/\/stj-sy.org\/kmr\/#\/schema\/person\/2d73ce612439927c2864c7392846ccf4\",\"name\":\"s.hasan\",\"image\":{\"@type\":\"ImageObject\",\"inLanguage\":\"kmr\",\"@id\":\"https:\/\/stj-sy.org\/kmr\/#\/schema\/person\/image\/\",\"url\":\"https:\/\/secure.gravatar.com\/avatar\/843475713a0c364382e4bca140939ca5d668d35892a49d711c1fb923562dd270?s=96&d=mm&r=g\",\"contentUrl\":\"https:\/\/secure.gravatar.com\/avatar\/843475713a0c364382e4bca140939ca5d668d35892a49d711c1fb923562dd270?s=96&d=mm&r=g\",\"caption\":\"s.hasan\"}}]}<\/script>\n<!-- \/ Yoast SEO plugin. -->","yoast_head_json":{"title":"Daxuyan\u00eeya Rojnamevan\u00ee: \"STJ\" P\u00ea\u015fwaz\u00eey\u00ea li Z\u00eadekirina Ziman\u00ea Kurd\u00ee bo Ziman\u00ean Ferm\u00ee y\u00ean SANAy\u00ea dike - \u0633\u0648\u0631\u064a\u0648\u0646 \u0645\u0646 \u0623\u062c\u0644 \u0627\u0644\u062d\u0642\u064a\u0642\u0629 \u0648\u0627\u0644\u0639\u062f\u0627\u0644\u0629","robots":{"index":"index","follow":"follow","max-snippet":"max-snippet:-1","max-image-preview":"max-image-preview:large","max-video-preview":"max-video-preview:-1"},"canonical":"https:\/\/stj-sy.org\/kmr\/daxuyaniya-rojnamevani-stj-peswaziye-li-zedekirina-zimane-kurdi-bo-zimanen-fermi-yen-sanaye-dike\/","og_locale":"en_US","og_type":"article","og_title":"Daxuyan\u00eeya Rojnamevan\u00ee: \"STJ\" P\u00ea\u015fwaz\u00eey\u00ea li Z\u00eadekirina Ziman\u00ea Kurd\u00ee bo Ziman\u00ean Ferm\u00ee y\u00ean SANAy\u00ea dike - \u0633\u0648\u0631\u064a\u0648\u0646 \u0645\u0646 \u0623\u062c\u0644 \u0627\u0644\u062d\u0642\u064a\u0642\u0629 \u0648\u0627\u0644\u0639\u062f\u0627\u0644\u0629","og_description":"S\u00fbr\u00eeyay\u00eey\u00ean ji bo Rast\u00ee \u00fb Dadmendiy\u00ea p\u00ea\u015fwaz\u00eeya z\u00eadekirina Ziman\u00ea Kurd\u00ee li ziman\u00ean ferm\u00ee y\u00ean Ajansa N\u00fb\u00e7eyan a Ereb\u00ee ya S\u00fbr\u00eeyay\u00ee (SANA) dike, \u00fb wek\u00ee gaveke yekem a er\u00ean\u00ee di r\u00eayeke&hellip;","og_url":"https:\/\/stj-sy.org\/kmr\/daxuyaniya-rojnamevani-stj-peswaziye-li-zedekirina-zimane-kurdi-bo-zimanen-fermi-yen-sanaye-dike\/","og_site_name":"\u0633\u0648\u0631\u064a\u0648\u0646 \u0645\u0646 \u0623\u062c\u0644 \u0627\u0644\u062d\u0642\u064a\u0642\u0629 \u0648\u0627\u0644\u0639\u062f\u0627\u0644\u0629","article_publisher":"https:\/\/www.facebook.com\/SyriaSTJ\/","article_published_time":"2025-08-27T21:44:39+00:00","article_modified_time":"2025-08-28T17:16:25+00:00","og_image":[{"width":1700,"height":900,"url":"https:\/\/stj-sy.org\/wp-content\/uploads\/2025\/08\/Cover_Kurdish.jpg","type":"image\/jpeg"}],"twitter_card":"summary_large_image","twitter_creator":"@STJ_SYRIA_ENG","twitter_site":"@STJ_SYRIA_ENG","twitter_misc":{"Written by":"s.hasan","Est. reading time":"2 minutes"},"schema":{"@context":"https:\/\/schema.org","@graph":[{"@type":"Article","@id":"https:\/\/stj-sy.org\/kmr\/daxuyaniya-rojnamevani-stj-peswaziye-li-zedekirina-zimane-kurdi-bo-zimanen-fermi-yen-sanaye-dike\/#article","isPartOf":{"@id":"https:\/\/stj-sy.org\/kmr\/daxuyaniya-rojnamevani-stj-peswaziye-li-zedekirina-zimane-kurdi-bo-zimanen-fermi-yen-sanaye-dike\/"},"author":{"name":"s.hasan","@id":"https:\/\/stj-sy.org\/kmr\/#\/schema\/person\/2d73ce612439927c2864c7392846ccf4"},"headline":"Daxuyan\u00eeya Rojnamevan\u00ee: &#8220;STJ&#8221; P\u00ea\u015fwaz\u00eey\u00ea li Z\u00eadekirina Ziman\u00ea Kurd\u00ee bo Ziman\u00ean Ferm\u00ee y\u00ean SANAy\u00ea dike","datePublished":"2025-08-27T21:44:39+00:00","dateModified":"2025-08-28T17:16:25+00:00","mainEntityOfPage":{"@id":"https:\/\/stj-sy.org\/kmr\/daxuyaniya-rojnamevani-stj-peswaziye-li-zedekirina-zimane-kurdi-bo-zimanen-fermi-yen-sanaye-dike\/"},"wordCount":435,"commentCount":0,"publisher":{"@id":"https:\/\/stj-sy.org\/kmr\/#organization"},"image":{"@id":"https:\/\/stj-sy.org\/kmr\/daxuyaniya-rojnamevani-stj-peswaziye-li-zedekirina-zimane-kurdi-bo-zimanen-fermi-yen-sanaye-dike\/#primaryimage"},"thumbnailUrl":"https:\/\/stj-sy.org\/wp-content\/uploads\/2025\/08\/Cover_Kurdish.jpg","keywords":["Ajansa SANAy\u00ea","Cudakar\u00eeya Nijad\u00ee","Maf\u00ean Ziman\u00ee","Ziman\u00ea Kurd\u00ee"],"articleSection":["Daxuyan\u00ee \u00fb daxuyaniy\u00ean \u00e7apameniy\u00ea"],"inLanguage":"kmr","potentialAction":[{"@type":"CommentAction","name":"Comment","target":["https:\/\/stj-sy.org\/kmr\/daxuyaniya-rojnamevani-stj-peswaziye-li-zedekirina-zimane-kurdi-bo-zimanen-fermi-yen-sanaye-dike\/#respond"]}]},{"@type":"WebPage","@id":"https:\/\/stj-sy.org\/kmr\/daxuyaniya-rojnamevani-stj-peswaziye-li-zedekirina-zimane-kurdi-bo-zimanen-fermi-yen-sanaye-dike\/","url":"https:\/\/stj-sy.org\/kmr\/daxuyaniya-rojnamevani-stj-peswaziye-li-zedekirina-zimane-kurdi-bo-zimanen-fermi-yen-sanaye-dike\/","name":"Daxuyan\u00eeya Rojnamevan\u00ee: \"STJ\" P\u00ea\u015fwaz\u00eey\u00ea li Z\u00eadekirina Ziman\u00ea Kurd\u00ee bo Ziman\u00ean Ferm\u00ee y\u00ean SANAy\u00ea dike - \u0633\u0648\u0631\u064a\u0648\u0646 \u0645\u0646 \u0623\u062c\u0644 \u0627\u0644\u062d\u0642\u064a\u0642\u0629 \u0648\u0627\u0644\u0639\u062f\u0627\u0644\u0629","isPartOf":{"@id":"https:\/\/stj-sy.org\/kmr\/#website"},"primaryImageOfPage":{"@id":"https:\/\/stj-sy.org\/kmr\/daxuyaniya-rojnamevani-stj-peswaziye-li-zedekirina-zimane-kurdi-bo-zimanen-fermi-yen-sanaye-dike\/#primaryimage"},"image":{"@id":"https:\/\/stj-sy.org\/kmr\/daxuyaniya-rojnamevani-stj-peswaziye-li-zedekirina-zimane-kurdi-bo-zimanen-fermi-yen-sanaye-dike\/#primaryimage"},"thumbnailUrl":"https:\/\/stj-sy.org\/wp-content\/uploads\/2025\/08\/Cover_Kurdish.jpg","datePublished":"2025-08-27T21:44:39+00:00","dateModified":"2025-08-28T17:16:25+00:00","breadcrumb":{"@id":"https:\/\/stj-sy.org\/kmr\/daxuyaniya-rojnamevani-stj-peswaziye-li-zedekirina-zimane-kurdi-bo-zimanen-fermi-yen-sanaye-dike\/#breadcrumb"},"inLanguage":"kmr","potentialAction":[{"@type":"ReadAction","target":["https:\/\/stj-sy.org\/kmr\/daxuyaniya-rojnamevani-stj-peswaziye-li-zedekirina-zimane-kurdi-bo-zimanen-fermi-yen-sanaye-dike\/"]}]},{"@type":"ImageObject","inLanguage":"kmr","@id":"https:\/\/stj-sy.org\/kmr\/daxuyaniya-rojnamevani-stj-peswaziye-li-zedekirina-zimane-kurdi-bo-zimanen-fermi-yen-sanaye-dike\/#primaryimage","url":"https:\/\/stj-sy.org\/wp-content\/uploads\/2025\/08\/Cover_Kurdish.jpg","contentUrl":"https:\/\/stj-sy.org\/wp-content\/uploads\/2025\/08\/Cover_Kurdish.jpg","width":1700,"height":900},{"@type":"BreadcrumbList","@id":"https:\/\/stj-sy.org\/kmr\/daxuyaniya-rojnamevani-stj-peswaziye-li-zedekirina-zimane-kurdi-bo-zimanen-fermi-yen-sanaye-dike\/#breadcrumb","itemListElement":[{"@type":"ListItem","position":1,"name":"\u0627\u0644\u0631\u0626\u064a\u0633\u064a\u0629","item":"https:\/\/stj-sy.org\/kmr\/"},{"@type":"ListItem","position":2,"name":"Daxuyan\u00eeya Rojnamevan\u00ee: &#8220;STJ&#8221; P\u00ea\u015fwaz\u00eey\u00ea li Z\u00eadekirina Ziman\u00ea Kurd\u00ee bo Ziman\u00ean Ferm\u00ee y\u00ean SANAy\u00ea dike"}]},{"@type":"WebSite","@id":"https:\/\/stj-sy.org\/kmr\/#website","url":"https:\/\/stj-sy.org\/kmr\/","name":"\u0633\u0648\u0631\u064a\u0648\u0646 \u0645\u0646 \u0623\u062c\u0644 \u0627\u0644\u062d\u0642\u064a\u0642\u0629 \u0648\u0627\u0644\u0639\u062f\u0627\u0644\u0629","description":"\u0645\u0648\u0642\u0639 \u0648\u0648\u0631\u062f\u0628\u0631\u064a\u0633 \u0639\u0631\u0628\u064a \u0622\u062e\u0631","publisher":{"@id":"https:\/\/stj-sy.org\/kmr\/#organization"},"potentialAction":[{"@type":"SearchAction","target":{"@type":"EntryPoint","urlTemplate":"https:\/\/stj-sy.org\/kmr\/?s={search_term_string}"},"query-input":{"@type":"PropertyValueSpecification","valueRequired":true,"valueName":"search_term_string"}}],"inLanguage":"kmr"},{"@type":"Organization","@id":"https:\/\/stj-sy.org\/kmr\/#organization","name":"Syrians for Truth and Justice","url":"https:\/\/stj-sy.org\/kmr\/","logo":{"@type":"ImageObject","inLanguage":"kmr","@id":"https:\/\/stj-sy.org\/kmr\/#\/schema\/logo\/image\/","url":"https:\/\/stj-sy.org\/wp-content\/uploads\/2019\/05\/logo.png","contentUrl":"https:\/\/stj-sy.org\/wp-content\/uploads\/2019\/05\/logo.png","width":231,"height":70,"caption":"Syrians for Truth and Justice"},"image":{"@id":"https:\/\/stj-sy.org\/kmr\/#\/schema\/logo\/image\/"},"sameAs":["https:\/\/www.facebook.com\/SyriaSTJ\/","https:\/\/x.com\/STJ_SYRIA_ENG","https:\/\/www.instagram.com\/syrians_for_truth_and_justice\/","https:\/\/www.linkedin.com\/in\/syrians-for-truth-and-justice-8a0119172\/"]},{"@type":"Person","@id":"https:\/\/stj-sy.org\/kmr\/#\/schema\/person\/2d73ce612439927c2864c7392846ccf4","name":"s.hasan","image":{"@type":"ImageObject","inLanguage":"kmr","@id":"https:\/\/stj-sy.org\/kmr\/#\/schema\/person\/image\/","url":"https:\/\/secure.gravatar.com\/avatar\/843475713a0c364382e4bca140939ca5d668d35892a49d711c1fb923562dd270?s=96&d=mm&r=g","contentUrl":"https:\/\/secure.gravatar.com\/avatar\/843475713a0c364382e4bca140939ca5d668d35892a49d711c1fb923562dd270?s=96&d=mm&r=g","caption":"s.hasan"}}]}},"_links":{"self":[{"href":"https:\/\/stj-sy.org\/kmr\/wp-json\/wp\/v2\/posts\/28235","targetHints":{"allow":["GET"]}}],"collection":[{"href":"https:\/\/stj-sy.org\/kmr\/wp-json\/wp\/v2\/posts"}],"about":[{"href":"https:\/\/stj-sy.org\/kmr\/wp-json\/wp\/v2\/types\/post"}],"author":[{"embeddable":true,"href":"https:\/\/stj-sy.org\/kmr\/wp-json\/wp\/v2\/users\/13"}],"replies":[{"embeddable":true,"href":"https:\/\/stj-sy.org\/kmr\/wp-json\/wp\/v2\/comments?post=28235"}],"version-history":[{"count":2,"href":"https:\/\/stj-sy.org\/kmr\/wp-json\/wp\/v2\/posts\/28235\/revisions"}],"predecessor-version":[{"id":28244,"href":"https:\/\/stj-sy.org\/kmr\/wp-json\/wp\/v2\/posts\/28235\/revisions\/28244"}],"wp:featuredmedia":[{"embeddable":true,"href":"https:\/\/stj-sy.org\/kmr\/wp-json\/wp\/v2\/media\/28254"}],"wp:attachment":[{"href":"https:\/\/stj-sy.org\/kmr\/wp-json\/wp\/v2\/media?parent=28235"}],"wp:term":[{"taxonomy":"category","embeddable":true,"href":"https:\/\/stj-sy.org\/kmr\/wp-json\/wp\/v2\/categories?post=28235"},{"taxonomy":"post_tag","embeddable":true,"href":"https:\/\/stj-sy.org\/kmr\/wp-json\/wp\/v2\/tags?post=28235"}],"curies":[{"name":"wp","href":"https:\/\/api.w.org\/{rel}","templated":true}]}}