{"id":22477,"date":"2023-09-06T00:45:29","date_gmt":"2023-09-05T21:45:29","guid":{"rendered":"https:\/\/stj-sy.org\/daxuyaniyeke-hevbes-der-bare-buyeren-dawi-li-dera-zore\/"},"modified":"2023-09-06T00:48:03","modified_gmt":"2023-09-05T21:48:03","slug":"daxuyaniyeke-hevbes-der-bare-buyeren-dawi-li-dera-zore","status":"publish","type":"post","link":"https:\/\/stj-sy.org\/kmr\/daxuyaniyeke-hevbes-der-bare-buyeren-dawi-li-dera-zore\/","title":{"rendered":"Daxuyan\u00eeyeke Hevbe\u015f Der Bar\u00ea B\u00fbyer\u00ean Daw\u00ee li D\u00eara Zor\u00ea"},"content":{"rendered":"<p style=\"text-align: justify;\">Di 27\u00ea Tebaxa 2023yan de, H\u00eaz\u00ean S\u00fbr\u00eeyaya Demokrat\u00eek (QSD) destp\u00eakirina operasyoneke ewlekar\u00ee li D\u00eara Zor\u00ea bi nav\u00ea &#8220;Xurtkirina Ewleh\u00eey\u00ea&#8221; bi <a href=\"https:\/\/sdf-press.com\/kurdi\/2023\/08\/27\/hezen-me-operasyona-xurtkirina-ewlehiye-ji-bo-sopandina-saneyen-daise-li-herema-dera-zore-dane-destpekirin\/\">daxuyan\u00eeyek\u00ea<\/a> li ser malpera xwe ya ferm\u00ee ragihand. Daxuyan\u00eey\u00ea armanc\u00ean operasyon\u00ea destn\u00ee\u015fan kirin \u00fb t\u00ea de hate gotin: &#8220;<strong>Ev operasyon \u2013 bi armanc\u00ean taybet \u2013 berfirehkirina operasyon\u00ean ber\u00ea y\u00ean li her\u00eama Ciz\u00eer \u00fb Reqqay\u00ea ye; ji bo t\u00eakbirina \u015faney\u00ean DAI\u015e&#8217;\u00ea, p\u00ea\u015f\u00eegirtina li operasyon\u00ean wan \u00ean gengaz \u00fb \u015fopandina s\u00fbcdar\u00ean ku neheq\u00ee li xelk\u00ean siv\u00eel kirine, her wiha ji bo \u015fopandina qa\u00e7ax\u00e7\u00eey\u00ean ku debara j\u00eeyana xelk\u00ea xistine bazar\u00ea j\u00ee hatiye destp\u00eakirin.<\/strong><strong>&#8220;<\/strong><\/p>\n<p style=\"text-align: justify;\">Pi\u015ft\u00ee v\u00ea daxuyan\u00eey\u00ea, <a href=\"https:\/\/sdf-press.com\/kurdi\/2023\/08\/30\/daxuyaniya-durxistina-ehmed-xibel-ji-erke-fermandariya-meclisa-dera-zore\/\">biryarek<\/a> di 30\u00ea tebaxa 2023yan de derket, H\u00eaz\u00ean S\u00fbr\u00eeyaya Demokrat\u00eek (QSD) t\u00ea de bid\u00fbrxistina serok\u00ea Encumena Le\u015fker\u00ee ya D\u00eara Zor\u00ea (Ehmed El-Xeb\u00eel\/ Eb\u00fb Xewla) ragihand. Li gor biryar\u00ea, girtina w\u00ee xwe spart fermana Dozger\u00eeya Gi\u015ft\u00ee ya Bakur \u00fb Rojhilat\u00ea S\u00fbr\u00eeyay\u00ea.<\/p>\n<p style=\"text-align: justify;\">Di roj\u00ean p\u00ea\u015f\u00een \u00ean operasyona &#8220;Xurtkirina Ewleh\u00eey\u00ea&#8221; de, \u015fer di navbera endam\u00ean Encumena Dera Zor\u00ea ya Le\u015fker\u00ee \u00fb h\u00eaz\u00ean operasyon\u00ea de r\u00fb da. Meydana v\u00ee \u015fer\u00ee li hejmareke bajarok \u00fb gund\u00ean gundewar\u00ea bakur\u00ea D\u00eara Zor\u00ea, m\u00eena bajarok\u00ea Bis\u00earay\u00ea b\u00fb, pa\u015f\u00ea berfirehtir b\u00fb \u00fb giha\u015fte her\u00eam\u00ean gundewar\u00ea rojhilat\u00ee m\u00eena bajarok\u00ean Z\u00eeban \u00fb \u015eih\u00eal\u00ea.<\/p>\n<p style=\"text-align: justify;\">Bi sedan endam\u00ean \u00e7ekdar \u00ean \u00eal \u00fb e\u015f\u00eeran tev li qad\u00ean k\u00eaferat\u00ea b\u00fbn, hejmareke kesayet\u00ean e\u015f\u00eeran teqez kir ku \u00e7ekdar\u00ean e\u015f\u00eeran berevan\u00eey\u00ea di ber Encumena D\u00eara Zor\u00ea ya Le\u015fker\u00ee \u00fb Serok\u00ea w\u00ea Ehmed El-Xeb\u00eel de nakin, l\u00ea daxwaz\u00ean wan \u00ean taybet hene, m\u00eena maf\u00ea wan y\u00ea parastina ewleh\u00eeya her\u00eam\u00ean wan.<\/p>\n<p style=\"text-align: justify;\">Di roj\u00ean bor\u00ee de, serkirde \u00fb r\u00fbsp\u00eey\u00ean e\u015f\u00eeran, \u00e7alak\u00eevan\u00ean civaka siv\u00eel \u00fb rew\u015fenb\u00eeran hejmareke <a href=\"https:\/\/www.syriahr.com\/%D9%85%D8%AB%D9%82%D9%81%D9%88%D9%86-%D9%85%D9%86-%D8%AF%D9%8A%D8%B1-%D8%A7%D9%84%D8%B2%D9%88%D8%B1-%D9%8A%D8%B5%D8%AF%D8%B1%D9%88%D9%86-%D8%A8%D9%8A%D8%A7%D9%86%D8%A7%D9%8B-%D8%AD%D9%88%D9%84-%D8%A7\/676779\/\">daxuyan\u00ee<\/a> da. Ji bo parastina siv\u00eelan, di van daxuyan\u00eeyan de teqez\u00ee li ser giring\u00eeya rawestandina \u015fer hat kirin, her wiha encam\u00ean ney\u00ean\u00ee y\u00ean mirov\u00ee \u00fb ewlekar\u00ee y\u00ean di berdewam\u00eeya \u015fer de li ba siv\u00eelan peyda dibin j\u00ee hatin d\u00eeyarkirin. Hevpeyman\u00eeya Navdewlet\u00ee bi Serkirdayet\u00eeya Dugel\u00ean Yekb\u00fby\u00ee y\u00ean Amer\u00eekay\u00ea j\u00ee <a href=\"https:\/\/arabic.cnn.com\/middle-east\/article\/2023\/09\/01\/us-led-coalition-in-syria-says-deir-ezzor-violence-must-cease\">daxuyan\u00eeyek<\/a> di 1\u00ea \u00eelona 2023yan de belav kir \u00fb doza rawestandina \u015fer li D\u00eara Zor\u00ea kir.<\/p>\n<p style=\"text-align: justify;\">Rew\u015fa hey\u00ee b\u00fb sedema ku\u015ftin \u00fb bir\u00eendarkirina hejmareke siv\u00eelan, gelek r\u00eay\u00ean sereke y\u00ean di\u00e7in D\u00eara\u00a0 Zor\u00ea hatin girtin \u00fb bi berdewam\u00eeya v\u00ee \u015fer\u00ee gef li k\u00eamb\u00fbna kel\u00fbpel\u00ean sereke j\u00ee t\u00ea xwarin. Ev yek di heman dem\u00ea de r\u00ea li ber hewldan\u00ean hin gr\u00fbpan vekir ku \u00eastgeh\u00ean av\u00ea \u00fb nexwe\u015fxaneyan bikin armanc \u00fb derfet da hin gr\u00fbp\u00ean din ku nearam\u00eey\u00ea belav bikin \u00fb p\u00eakhatey\u00ean Bakurrojhilat\u00ea S\u00fbr\u00eeyay\u00ea ji hev d\u00fbr bixin.<\/p>\n<p style=\"text-align: justify;\">R\u00eaxistin\u00ean \u00eemzeker doza agirbesteke demlidest ji hem\u00fb al\u00eeyan dikin \u00fb ji bo vegerandina aram\u00eey\u00ea li par\u00eazgeha D\u00eara Zor\u00ea bi r\u00eaya dan\u00fbstendin\u00ean yekser di nav al\u00eey\u00ean p\u00eawend\u00eedar de bang dikin. Dezgeh\u00ean ragihandin\u00ea y\u00ean ku hewl dan \u015fer weke \u015ferek\u00ee &#8220;Kurd\u00ee-Ereb\u00ee&#8221; d\u00eeyar bikin j\u00ee ji al\u00eey\u00ea r\u00eaxistinan ve hatin \u015fermezarkirin, her wiha doza rawestandina \u00e7i dezgeh\u00ean ragihandin\u00ea y\u00ean li dij \u00e7i p\u00eakhatey\u00ean li S\u00fbr\u00eeyay\u00ea hat kirin.<\/p>\n<p style=\"text-align: justify;\">R\u00eaxistin\u00ean \u00eemzeker parastina siv\u00eelan weke armanceke p\u00ea\u015fik\u00ee destn\u00ee\u015fan dikin \u00fb banga cezakirina hem\u00fb al\u00eey\u00ean p\u00eawend\u00eedar\u00ee binp\u00eakirin\u00ean der heq\u00ea siv\u00eelan j\u00ee dikin. Dawaz\u00ean wan ji bo van al\u00eeyan ev in:<\/p>\n<p style=\"text-align: justify;\"><strong><u>Yekem: H\u00eaz\u00ean S\u00fbr\u00eeyaya Demokrat\u00eek \u00fb Hevpeyman\u00eeya Navdewlet\u00ee:<\/u><\/strong><\/p>\n<ol style=\"text-align: justify;\">\n<li>Div\u00ea bi awayek\u00ee lezg\u00een kel\u00fbpel\u00ean sereke li hem\u00fb her\u00eam\u00ean D\u00eara Zor\u00ea y\u00ean ku ziyan ji ber b\u00fbyer\u00ean daw\u00ee d\u00eetine werin peydakirin. P\u00eaw\u00eest e avah\u00eey\u00ean gi\u015ft\u00ee werin b\u00eaal\u00eekirin. Div\u00ea garant\u00ee ji bo giha\u015ftina al\u00eekar\u00eey\u00ean mirov\u00ee \u00fb hesankirina tevgera r\u00eaxistin\u00ean hawar\u00e7\u00fbn\u00ea bo gihandina al\u00eekar\u00eeyan ji kes\u00ean ziyanxwar\u00ee re j\u00ee were day\u00een.<\/li>\n<li>Div\u00ea ji bo van b\u00fbyer\u00ean daw\u00ee y\u00ean li hem\u00ee her\u00eam\u00ean D\u00eara Zor\u00ea y\u00ean der bar\u00ea armanckirina siv\u00eelan de l\u00eapirs\u00eeneke zelal \u00fb b\u00eaal\u00ee p\u00eak were. Ev yek div\u00ea bi r\u00eaya damezrandina kom\u00eeteyeke qan\u00fbn\u00ee ya serbixwe bigih\u00eaje ser\u00ee, da ku dadmend\u00ee bo hem\u00fb qurbanan were dab\u00eenkirin.<\/li>\n<\/ol>\n<p style=\"text-align: justify;\"><strong><u>D\u00fbyem: R\u00eaveber\u00eeya Xweser \u00fb Encumena S\u00fbr\u00eeyaya Demokrat\u00eek:<\/u><\/strong><\/p>\n<ol style=\"text-align: justify;\">\n<li>P\u00eaw\u00eest e yekser daxwaz\u00ean navxwey\u00ee y\u00ean be\u015fdar\u00eeya \u00e7alak a xelk\u00ean her\u00eam\u00ea di r\u00eaveber\u00eeya ewlekar\u00ee \u00fb siv\u00eelane de werin genge\u015fekirin. Ev yek div\u00ea bi r\u00eaya dan\u00fbstandina li gel n\u00fbner\u00ean civaka navxwey\u00ee p\u00eak were; ji r\u00fbsp\u00eey\u00ea e\u015f\u00eeran bigire, heya r\u00eaxistin\u00ean civaka siv\u00eel, rew\u015fenb\u00eer \u00fb kesayet\u00ean serbixwe, her wiha hevkar\u00eeya li gel serkirdey\u00ean navxwey\u00ee bo bijartina n\u00fbner\u00ean guncaw di r\u00eaveber\u00eeya ewlekar\u00ee \u00fb siv\u00eel de.<\/li>\n<li>Ji bo tu binp\u00eakirin der heq\u00ea siv\u00eelan de ney\u00ea kirin \u00fb tu kes ji sizay\u00ea nefilite, div\u00ea mekan\u00eezmey\u00ean \u00e7avd\u00ear\u00ee \u00fb cezakirin\u00ea werin pejirandin. P\u00eaw\u00eest e ev ti\u015ft bi r\u00eaya dan\u00eena kesayet\u00ean guncaw di nava destey\u00ean \u00e7avd\u00ear\u00eeya navxwey\u00ee de p\u00eak were, her wiha bi standina \u015f\u00eawirmend\u00eeya n\u00fbner\u00ean civaka navxwey\u00ee \u00fb r\u00eaxistin\u00ean civaka siv\u00eel.<\/li>\n<\/ol>\n<p style=\"text-align: justify;\"><strong><u>S\u00eayem: N\u00fbner\u00ean civaka navxwey\u00ee ji serkirdey\u00ean e\u015f\u00eeran, r\u00eaxistin\u00ean civaka siv\u00eel, rew\u015fenb\u00eer \u00fb kesayet\u00ean serbixwe:<\/u><\/strong><\/p>\n<ol style=\"text-align: justify;\">\n<li>Ji bo be\u015fdarkirina serkirdey\u00ean siv\u00eel \u00fb \u00e7alak\u00eevan\u00ean civaka siv\u00eel bi armanca ku bigih\u00eajin ner\u00eeneke gi\u015ftgir der bar\u00ea bir\u00eavebirina ewlekar\u00ee \u00fb siv\u00eel ya her\u00eam\u00ea de, div\u00ea civaka navxwey\u00ee ya li D\u00eara Zor\u00ea li hev r\u00fbne \u00fb li hev bi\u015f\u00eawire.<\/li>\n<li>Ji bo daxwaz\u00ean xelk\u00ean dever\u00ea y\u00ean gir\u00eaday\u00ee be\u015fdar\u00eeya wan di revebirina ewlekar\u00ee \u00fb ya siv\u00eel da b\u00eane bicihan\u00een, div\u00ea dan\u00fbstandin li gel H\u00eaz\u00ean S\u00fbr\u00eeyaya Demokrat\u00eek \u00fb Hevpeyman\u00eeya Navdewlet\u00ee werin destp\u00eakirin.<\/li>\n<\/ol>\n<p style=\"text-align: justify;\">\n<p style=\"text-align: justify;\"><strong>R\u00eaxistin\u00ean \u00cemzeker:<\/strong><\/p>\n<ol style=\"text-align: justify;\">\n<li>Amal for development<\/li>\n<li>Analysis and Strategic Studies Organization (ASO)<\/li>\n<li>anwar algad<\/li>\n<li>Ashna for development<\/li>\n<li>Awda for development<\/li>\n<li>Baytna<\/li>\n<li>Better Tomorrow organization<\/li>\n<li>Bridges of peace for development<\/li>\n<li>D.R<\/li>\n<li>Center for Civil Society and Democracy \/CCSD<\/li>\n<li>coalition of civil society organizations in north east Syria<\/li>\n<li>Community Solidarity Organization<\/li>\n<li>Country Raqqa Organization<\/li>\n<li>DAR Association for Victims of Forced Displacement<\/li>\n<li>Deirna organization<\/li>\n<li>Ella Organization For Development and Peacebuilding<\/li>\n<li>Ensaf for development<\/li>\n<li>Eridu center for civil society and democracy<\/li>\n<li>Euphrates NGO<\/li>\n<li>Fajr<\/li>\n<li>For Them Organisation<\/li>\n<li>ForFeminist<\/li>\n<li>Future Makers Team<\/li>\n<li>Hamzet wasel<\/li>\n<li>alfurat<\/li>\n<li>HDF Humanitarian<\/li>\n<li>HLOM<\/li>\n<li>Human Organization for Construction and Development<\/li>\n<li>Jasmine Association<\/li>\n<li>Justice for Life<\/li>\n<li>Medical Relief for Syria<\/li>\n<li>P\u00caL- Civil Waves<\/li>\n<li>Qadar Organization<\/li>\n<li>Rose organization for support\u00a0 and empowerment<\/li>\n<li>Sahem Organization for Cooperation and Development<\/li>\n<li>SALAM organization<\/li>\n<li>Share for Community Develooment<\/li>\n<li>Shawshaka Association for Women<\/li>\n<li>Swaedna Organization for Relief and Development<\/li>\n<li>Synergy Association for Victims<\/li>\n<li>Syriac Strategic Research Centre<\/li>\n<li>Syrian Forum<\/li>\n<li>Syrians for Truth and Justice &#8211; STJ<\/li>\n<li>Tal-Abiyad Forum for civil society<\/li>\n<li>Tara Organisation<\/li>\n<li>Tayif Humanitarian Organization<\/li>\n<li>The Day After<\/li>\n<li>Together For Deir Ezzor<\/li>\n<li>TOTOL Foundation<\/li>\n<li>Urnammu for Justice &amp; human rights<\/li>\n<li>Youth for change<\/li>\n<li>Zameen for development and peacebuilding<\/li>\n<li>Zorna Organization for Development<\/li>\n<\/ol>\n<p style=\"text-align: justify;\"><strong><br \/>\n<\/strong><\/p>\n","protected":false},"excerpt":{"rendered":"<p>Di 27\u00ea Tebaxa 2023yan de, H\u00eaz\u00ean S\u00fbr\u00eeyaya Demokrat\u00eek (QSD) destp\u00eakirina operasyoneke ewlekar\u00ee li D\u00eara Zor\u00ea bi nav\u00ea &#8220;Xurtkirina Ewleh\u00eey\u00ea&#8221; bi daxuyan\u00eeyek\u00ea li ser malpera xwe ya ferm\u00ee ragihand. Daxuyan\u00eey\u00ea armanc\u00ean&hellip;<\/p>\n","protected":false},"author":12,"featured_media":22448,"comment_status":"open","ping_status":"open","sticky":false,"template":"","format":"link","meta":{"_lmt_disableupdate":"","_lmt_disable":"","footnotes":""},"categories":[648,975],"tags":[1461,1464,1462,1460,1066,1463],"class_list":["post-22477","post","type-post","status-publish","format-link","has-post-thumbnail","hentry","category-daxuyani-u-daxuyaniyen-capameniye","category-hilbijartina-editore","tag-dera-zore","tag-dugelen-yekbuyi-yen-amerika","tag-encumena-suriyaya-demokratik","tag-hevpeymaniya-navdewleti-li-diji-daise","tag-hezen-suriyeya-demokratik-hsd","tag-serokesir","post_format-post-format-link"],"yoast_head":"<!-- This site is optimized with the Yoast SEO plugin v26.8 - https:\/\/yoast.com\/product\/yoast-seo-wordpress\/ -->\n<title>Daxuyan\u00eeyeke Hevbe\u015f Der Bar\u00ea B\u00fbyer\u00ean Daw\u00ee li D\u00eara Zor\u00ea - \u0633\u0648\u0631\u064a\u0648\u0646 \u0645\u0646 \u0623\u062c\u0644 \u0627\u0644\u062d\u0642\u064a\u0642\u0629 \u0648\u0627\u0644\u0639\u062f\u0627\u0644\u0629<\/title>\n<meta name=\"robots\" content=\"index, follow, max-snippet:-1, max-image-preview:large, max-video-preview:-1\" \/>\n<link rel=\"canonical\" href=\"https:\/\/stj-sy.org\/kmr\/daxuyaniyeke-hevbes-der-bare-buyeren-dawi-li-dera-zore\/\" \/>\n<meta property=\"og:locale\" content=\"en_US\" \/>\n<meta property=\"og:type\" content=\"article\" \/>\n<meta property=\"og:title\" content=\"Daxuyan\u00eeyeke Hevbe\u015f Der Bar\u00ea B\u00fbyer\u00ean Daw\u00ee li D\u00eara Zor\u00ea - \u0633\u0648\u0631\u064a\u0648\u0646 \u0645\u0646 \u0623\u062c\u0644 \u0627\u0644\u062d\u0642\u064a\u0642\u0629 \u0648\u0627\u0644\u0639\u062f\u0627\u0644\u0629\" \/>\n<meta property=\"og:description\" content=\"Di 27\u00ea Tebaxa 2023yan de, H\u00eaz\u00ean S\u00fbr\u00eeyaya Demokrat\u00eek (QSD) destp\u00eakirina operasyoneke ewlekar\u00ee li D\u00eara Zor\u00ea bi nav\u00ea &#8220;Xurtkirina Ewleh\u00eey\u00ea&#8221; bi daxuyan\u00eeyek\u00ea li ser malpera xwe ya ferm\u00ee ragihand. Daxuyan\u00eey\u00ea armanc\u00ean&hellip;\" \/>\n<meta property=\"og:url\" content=\"https:\/\/stj-sy.org\/kmr\/daxuyaniyeke-hevbes-der-bare-buyeren-dawi-li-dera-zore\/\" \/>\n<meta property=\"og:site_name\" content=\"\u0633\u0648\u0631\u064a\u0648\u0646 \u0645\u0646 \u0623\u062c\u0644 \u0627\u0644\u062d\u0642\u064a\u0642\u0629 \u0648\u0627\u0644\u0639\u062f\u0627\u0644\u0629\" \/>\n<meta property=\"article:publisher\" content=\"https:\/\/www.facebook.com\/SyriaSTJ\/\" \/>\n<meta property=\"article:published_time\" content=\"2023-09-05T21:45:29+00:00\" \/>\n<meta property=\"article:modified_time\" content=\"2023-09-05T21:48:03+00:00\" \/>\n<meta property=\"og:image\" content=\"https:\/\/stj-sy.org\/wp-content\/uploads\/2023\/09\/\u062f\u064a\u0631-\u0627\u0644\u0632\u0648\u0631-1536x864-1.jpg\" \/>\n\t<meta property=\"og:image:width\" content=\"1536\" \/>\n\t<meta property=\"og:image:height\" content=\"864\" \/>\n\t<meta property=\"og:image:type\" content=\"image\/jpeg\" \/>\n<meta name=\"twitter:card\" content=\"summary_large_image\" \/>\n<meta name=\"twitter:creator\" content=\"@STJ_SYRIA_ENG\" \/>\n<meta name=\"twitter:site\" content=\"@STJ_SYRIA_ENG\" \/>\n<meta name=\"twitter:label1\" content=\"Written by\" \/>\n\t<meta name=\"twitter:data1\" content=\"communication\" \/>\n\t<meta name=\"twitter:label2\" content=\"Est. reading time\" \/>\n\t<meta name=\"twitter:data2\" content=\"5 minutes\" \/>\n<script type=\"application\/ld+json\" class=\"yoast-schema-graph\">{\"@context\":\"https:\/\/schema.org\",\"@graph\":[{\"@type\":\"Article\",\"@id\":\"https:\/\/stj-sy.org\/kmr\/daxuyaniyeke-hevbes-der-bare-buyeren-dawi-li-dera-zore\/#article\",\"isPartOf\":{\"@id\":\"https:\/\/stj-sy.org\/kmr\/daxuyaniyeke-hevbes-der-bare-buyeren-dawi-li-dera-zore\/\"},\"author\":{\"name\":\"communication\",\"@id\":\"https:\/\/stj-sy.org\/kmr\/#\/schema\/person\/a2fd33978dc6e37e9c970d3003be6114\"},\"headline\":\"Daxuyan\u00eeyeke Hevbe\u015f Der Bar\u00ea B\u00fbyer\u00ean Daw\u00ee li D\u00eara Zor\u00ea\",\"datePublished\":\"2023-09-05T21:45:29+00:00\",\"dateModified\":\"2023-09-05T21:48:03+00:00\",\"mainEntityOfPage\":{\"@id\":\"https:\/\/stj-sy.org\/kmr\/daxuyaniyeke-hevbes-der-bare-buyeren-dawi-li-dera-zore\/\"},\"wordCount\":1274,\"commentCount\":0,\"publisher\":{\"@id\":\"https:\/\/stj-sy.org\/kmr\/#organization\"},\"image\":{\"@id\":\"https:\/\/stj-sy.org\/kmr\/daxuyaniyeke-hevbes-der-bare-buyeren-dawi-li-dera-zore\/#primaryimage\"},\"thumbnailUrl\":\"https:\/\/stj-sy.org\/wp-content\/uploads\/2023\/09\/\u062f\u064a\u0631-\u0627\u0644\u0632\u0648\u0631-1536x864-1.jpg\",\"keywords\":[\"D\u00eara Zor\u00ea\",\"Dugel\u00ean Yekb\u00fby\u00ee y\u00ean Amer\u00eeka\",\"Encumena S\u00fbr\u00eeyaya Demokrat\u00eek\",\"Hevpeyman\u00eeya Navdewlet\u00ee li dij\u00ee DAI\u015e\u00ea\",\"H\u00eaz\u00ean S\u00fbriyeya Demokrat\u00eek-HSD\",\"Seroke\u015f\u00eer\"],\"articleSection\":[\"Daxuyan\u00ee \u00fb daxuyaniy\u00ean \u00e7apameniy\u00ea\",\"Hilbijartina Ed\u00eetor\u00ea\"],\"inLanguage\":\"kmr\",\"potentialAction\":[{\"@type\":\"CommentAction\",\"name\":\"Comment\",\"target\":[\"https:\/\/stj-sy.org\/kmr\/daxuyaniyeke-hevbes-der-bare-buyeren-dawi-li-dera-zore\/#respond\"]}]},{\"@type\":\"WebPage\",\"@id\":\"https:\/\/stj-sy.org\/kmr\/daxuyaniyeke-hevbes-der-bare-buyeren-dawi-li-dera-zore\/\",\"url\":\"https:\/\/stj-sy.org\/kmr\/daxuyaniyeke-hevbes-der-bare-buyeren-dawi-li-dera-zore\/\",\"name\":\"Daxuyan\u00eeyeke Hevbe\u015f Der Bar\u00ea B\u00fbyer\u00ean Daw\u00ee li D\u00eara Zor\u00ea - \u0633\u0648\u0631\u064a\u0648\u0646 \u0645\u0646 \u0623\u062c\u0644 \u0627\u0644\u062d\u0642\u064a\u0642\u0629 \u0648\u0627\u0644\u0639\u062f\u0627\u0644\u0629\",\"isPartOf\":{\"@id\":\"https:\/\/stj-sy.org\/kmr\/#website\"},\"primaryImageOfPage\":{\"@id\":\"https:\/\/stj-sy.org\/kmr\/daxuyaniyeke-hevbes-der-bare-buyeren-dawi-li-dera-zore\/#primaryimage\"},\"image\":{\"@id\":\"https:\/\/stj-sy.org\/kmr\/daxuyaniyeke-hevbes-der-bare-buyeren-dawi-li-dera-zore\/#primaryimage\"},\"thumbnailUrl\":\"https:\/\/stj-sy.org\/wp-content\/uploads\/2023\/09\/\u062f\u064a\u0631-\u0627\u0644\u0632\u0648\u0631-1536x864-1.jpg\",\"datePublished\":\"2023-09-05T21:45:29+00:00\",\"dateModified\":\"2023-09-05T21:48:03+00:00\",\"breadcrumb\":{\"@id\":\"https:\/\/stj-sy.org\/kmr\/daxuyaniyeke-hevbes-der-bare-buyeren-dawi-li-dera-zore\/#breadcrumb\"},\"inLanguage\":\"kmr\",\"potentialAction\":[{\"@type\":\"ReadAction\",\"target\":[\"https:\/\/stj-sy.org\/kmr\/daxuyaniyeke-hevbes-der-bare-buyeren-dawi-li-dera-zore\/\"]}]},{\"@type\":\"ImageObject\",\"inLanguage\":\"kmr\",\"@id\":\"https:\/\/stj-sy.org\/kmr\/daxuyaniyeke-hevbes-der-bare-buyeren-dawi-li-dera-zore\/#primaryimage\",\"url\":\"https:\/\/stj-sy.org\/wp-content\/uploads\/2023\/09\/\u062f\u064a\u0631-\u0627\u0644\u0632\u0648\u0631-1536x864-1.jpg\",\"contentUrl\":\"https:\/\/stj-sy.org\/wp-content\/uploads\/2023\/09\/\u062f\u064a\u0631-\u0627\u0644\u0632\u0648\u0631-1536x864-1.jpg\",\"width\":1536,\"height\":864},{\"@type\":\"BreadcrumbList\",\"@id\":\"https:\/\/stj-sy.org\/kmr\/daxuyaniyeke-hevbes-der-bare-buyeren-dawi-li-dera-zore\/#breadcrumb\",\"itemListElement\":[{\"@type\":\"ListItem\",\"position\":1,\"name\":\"\u0627\u0644\u0631\u0626\u064a\u0633\u064a\u0629\",\"item\":\"https:\/\/stj-sy.org\/kmr\/\"},{\"@type\":\"ListItem\",\"position\":2,\"name\":\"Daxuyan\u00eeyeke Hevbe\u015f Der Bar\u00ea B\u00fbyer\u00ean Daw\u00ee li D\u00eara Zor\u00ea\"}]},{\"@type\":\"WebSite\",\"@id\":\"https:\/\/stj-sy.org\/kmr\/#website\",\"url\":\"https:\/\/stj-sy.org\/kmr\/\",\"name\":\"\u0633\u0648\u0631\u064a\u0648\u0646 \u0645\u0646 \u0623\u062c\u0644 \u0627\u0644\u062d\u0642\u064a\u0642\u0629 \u0648\u0627\u0644\u0639\u062f\u0627\u0644\u0629\",\"description\":\"\u0645\u0648\u0642\u0639 \u0648\u0648\u0631\u062f\u0628\u0631\u064a\u0633 \u0639\u0631\u0628\u064a \u0622\u062e\u0631\",\"publisher\":{\"@id\":\"https:\/\/stj-sy.org\/kmr\/#organization\"},\"potentialAction\":[{\"@type\":\"SearchAction\",\"target\":{\"@type\":\"EntryPoint\",\"urlTemplate\":\"https:\/\/stj-sy.org\/kmr\/?s={search_term_string}\"},\"query-input\":{\"@type\":\"PropertyValueSpecification\",\"valueRequired\":true,\"valueName\":\"search_term_string\"}}],\"inLanguage\":\"kmr\"},{\"@type\":\"Organization\",\"@id\":\"https:\/\/stj-sy.org\/kmr\/#organization\",\"name\":\"Syrians for Truth and Justice\",\"url\":\"https:\/\/stj-sy.org\/kmr\/\",\"logo\":{\"@type\":\"ImageObject\",\"inLanguage\":\"kmr\",\"@id\":\"https:\/\/stj-sy.org\/kmr\/#\/schema\/logo\/image\/\",\"url\":\"https:\/\/stj-sy.org\/wp-content\/uploads\/2019\/05\/logo.png\",\"contentUrl\":\"https:\/\/stj-sy.org\/wp-content\/uploads\/2019\/05\/logo.png\",\"width\":231,\"height\":70,\"caption\":\"Syrians for Truth and Justice\"},\"image\":{\"@id\":\"https:\/\/stj-sy.org\/kmr\/#\/schema\/logo\/image\/\"},\"sameAs\":[\"https:\/\/www.facebook.com\/SyriaSTJ\/\",\"https:\/\/x.com\/STJ_SYRIA_ENG\",\"https:\/\/www.instagram.com\/syrians_for_truth_and_justice\/\",\"https:\/\/www.linkedin.com\/in\/syrians-for-truth-and-justice-8a0119172\/\"]},{\"@type\":\"Person\",\"@id\":\"https:\/\/stj-sy.org\/kmr\/#\/schema\/person\/a2fd33978dc6e37e9c970d3003be6114\",\"name\":\"communication\",\"image\":{\"@type\":\"ImageObject\",\"inLanguage\":\"kmr\",\"@id\":\"https:\/\/stj-sy.org\/kmr\/#\/schema\/person\/image\/\",\"url\":\"https:\/\/secure.gravatar.com\/avatar\/3286489a5c58069211660a59084c2d74cb161ba3ae3d7373192e1fb81dad274f?s=96&d=mm&r=g\",\"contentUrl\":\"https:\/\/secure.gravatar.com\/avatar\/3286489a5c58069211660a59084c2d74cb161ba3ae3d7373192e1fb81dad274f?s=96&d=mm&r=g\",\"caption\":\"communication\"}}]}<\/script>\n<!-- \/ Yoast SEO plugin. -->","yoast_head_json":{"title":"Daxuyan\u00eeyeke Hevbe\u015f Der Bar\u00ea B\u00fbyer\u00ean Daw\u00ee li D\u00eara Zor\u00ea - \u0633\u0648\u0631\u064a\u0648\u0646 \u0645\u0646 \u0623\u062c\u0644 \u0627\u0644\u062d\u0642\u064a\u0642\u0629 \u0648\u0627\u0644\u0639\u062f\u0627\u0644\u0629","robots":{"index":"index","follow":"follow","max-snippet":"max-snippet:-1","max-image-preview":"max-image-preview:large","max-video-preview":"max-video-preview:-1"},"canonical":"https:\/\/stj-sy.org\/kmr\/daxuyaniyeke-hevbes-der-bare-buyeren-dawi-li-dera-zore\/","og_locale":"en_US","og_type":"article","og_title":"Daxuyan\u00eeyeke Hevbe\u015f Der Bar\u00ea B\u00fbyer\u00ean Daw\u00ee li D\u00eara Zor\u00ea - \u0633\u0648\u0631\u064a\u0648\u0646 \u0645\u0646 \u0623\u062c\u0644 \u0627\u0644\u062d\u0642\u064a\u0642\u0629 \u0648\u0627\u0644\u0639\u062f\u0627\u0644\u0629","og_description":"Di 27\u00ea Tebaxa 2023yan de, H\u00eaz\u00ean S\u00fbr\u00eeyaya Demokrat\u00eek (QSD) destp\u00eakirina operasyoneke ewlekar\u00ee li D\u00eara Zor\u00ea bi nav\u00ea &#8220;Xurtkirina Ewleh\u00eey\u00ea&#8221; bi daxuyan\u00eeyek\u00ea li ser malpera xwe ya ferm\u00ee ragihand. Daxuyan\u00eey\u00ea armanc\u00ean&hellip;","og_url":"https:\/\/stj-sy.org\/kmr\/daxuyaniyeke-hevbes-der-bare-buyeren-dawi-li-dera-zore\/","og_site_name":"\u0633\u0648\u0631\u064a\u0648\u0646 \u0645\u0646 \u0623\u062c\u0644 \u0627\u0644\u062d\u0642\u064a\u0642\u0629 \u0648\u0627\u0644\u0639\u062f\u0627\u0644\u0629","article_publisher":"https:\/\/www.facebook.com\/SyriaSTJ\/","article_published_time":"2023-09-05T21:45:29+00:00","article_modified_time":"2023-09-05T21:48:03+00:00","og_image":[{"width":1536,"height":864,"url":"https:\/\/stj-sy.org\/wp-content\/uploads\/2023\/09\/\u062f\u064a\u0631-\u0627\u0644\u0632\u0648\u0631-1536x864-1.jpg","type":"image\/jpeg"}],"twitter_card":"summary_large_image","twitter_creator":"@STJ_SYRIA_ENG","twitter_site":"@STJ_SYRIA_ENG","twitter_misc":{"Written by":"communication","Est. reading time":"5 minutes"},"schema":{"@context":"https:\/\/schema.org","@graph":[{"@type":"Article","@id":"https:\/\/stj-sy.org\/kmr\/daxuyaniyeke-hevbes-der-bare-buyeren-dawi-li-dera-zore\/#article","isPartOf":{"@id":"https:\/\/stj-sy.org\/kmr\/daxuyaniyeke-hevbes-der-bare-buyeren-dawi-li-dera-zore\/"},"author":{"name":"communication","@id":"https:\/\/stj-sy.org\/kmr\/#\/schema\/person\/a2fd33978dc6e37e9c970d3003be6114"},"headline":"Daxuyan\u00eeyeke Hevbe\u015f Der Bar\u00ea B\u00fbyer\u00ean Daw\u00ee li D\u00eara Zor\u00ea","datePublished":"2023-09-05T21:45:29+00:00","dateModified":"2023-09-05T21:48:03+00:00","mainEntityOfPage":{"@id":"https:\/\/stj-sy.org\/kmr\/daxuyaniyeke-hevbes-der-bare-buyeren-dawi-li-dera-zore\/"},"wordCount":1274,"commentCount":0,"publisher":{"@id":"https:\/\/stj-sy.org\/kmr\/#organization"},"image":{"@id":"https:\/\/stj-sy.org\/kmr\/daxuyaniyeke-hevbes-der-bare-buyeren-dawi-li-dera-zore\/#primaryimage"},"thumbnailUrl":"https:\/\/stj-sy.org\/wp-content\/uploads\/2023\/09\/\u062f\u064a\u0631-\u0627\u0644\u0632\u0648\u0631-1536x864-1.jpg","keywords":["D\u00eara Zor\u00ea","Dugel\u00ean Yekb\u00fby\u00ee y\u00ean Amer\u00eeka","Encumena S\u00fbr\u00eeyaya Demokrat\u00eek","Hevpeyman\u00eeya Navdewlet\u00ee li dij\u00ee DAI\u015e\u00ea","H\u00eaz\u00ean S\u00fbriyeya Demokrat\u00eek-HSD","Seroke\u015f\u00eer"],"articleSection":["Daxuyan\u00ee \u00fb daxuyaniy\u00ean \u00e7apameniy\u00ea","Hilbijartina Ed\u00eetor\u00ea"],"inLanguage":"kmr","potentialAction":[{"@type":"CommentAction","name":"Comment","target":["https:\/\/stj-sy.org\/kmr\/daxuyaniyeke-hevbes-der-bare-buyeren-dawi-li-dera-zore\/#respond"]}]},{"@type":"WebPage","@id":"https:\/\/stj-sy.org\/kmr\/daxuyaniyeke-hevbes-der-bare-buyeren-dawi-li-dera-zore\/","url":"https:\/\/stj-sy.org\/kmr\/daxuyaniyeke-hevbes-der-bare-buyeren-dawi-li-dera-zore\/","name":"Daxuyan\u00eeyeke Hevbe\u015f Der Bar\u00ea B\u00fbyer\u00ean Daw\u00ee li D\u00eara Zor\u00ea - \u0633\u0648\u0631\u064a\u0648\u0646 \u0645\u0646 \u0623\u062c\u0644 \u0627\u0644\u062d\u0642\u064a\u0642\u0629 \u0648\u0627\u0644\u0639\u062f\u0627\u0644\u0629","isPartOf":{"@id":"https:\/\/stj-sy.org\/kmr\/#website"},"primaryImageOfPage":{"@id":"https:\/\/stj-sy.org\/kmr\/daxuyaniyeke-hevbes-der-bare-buyeren-dawi-li-dera-zore\/#primaryimage"},"image":{"@id":"https:\/\/stj-sy.org\/kmr\/daxuyaniyeke-hevbes-der-bare-buyeren-dawi-li-dera-zore\/#primaryimage"},"thumbnailUrl":"https:\/\/stj-sy.org\/wp-content\/uploads\/2023\/09\/\u062f\u064a\u0631-\u0627\u0644\u0632\u0648\u0631-1536x864-1.jpg","datePublished":"2023-09-05T21:45:29+00:00","dateModified":"2023-09-05T21:48:03+00:00","breadcrumb":{"@id":"https:\/\/stj-sy.org\/kmr\/daxuyaniyeke-hevbes-der-bare-buyeren-dawi-li-dera-zore\/#breadcrumb"},"inLanguage":"kmr","potentialAction":[{"@type":"ReadAction","target":["https:\/\/stj-sy.org\/kmr\/daxuyaniyeke-hevbes-der-bare-buyeren-dawi-li-dera-zore\/"]}]},{"@type":"ImageObject","inLanguage":"kmr","@id":"https:\/\/stj-sy.org\/kmr\/daxuyaniyeke-hevbes-der-bare-buyeren-dawi-li-dera-zore\/#primaryimage","url":"https:\/\/stj-sy.org\/wp-content\/uploads\/2023\/09\/\u062f\u064a\u0631-\u0627\u0644\u0632\u0648\u0631-1536x864-1.jpg","contentUrl":"https:\/\/stj-sy.org\/wp-content\/uploads\/2023\/09\/\u062f\u064a\u0631-\u0627\u0644\u0632\u0648\u0631-1536x864-1.jpg","width":1536,"height":864},{"@type":"BreadcrumbList","@id":"https:\/\/stj-sy.org\/kmr\/daxuyaniyeke-hevbes-der-bare-buyeren-dawi-li-dera-zore\/#breadcrumb","itemListElement":[{"@type":"ListItem","position":1,"name":"\u0627\u0644\u0631\u0626\u064a\u0633\u064a\u0629","item":"https:\/\/stj-sy.org\/kmr\/"},{"@type":"ListItem","position":2,"name":"Daxuyan\u00eeyeke Hevbe\u015f Der Bar\u00ea B\u00fbyer\u00ean Daw\u00ee li D\u00eara Zor\u00ea"}]},{"@type":"WebSite","@id":"https:\/\/stj-sy.org\/kmr\/#website","url":"https:\/\/stj-sy.org\/kmr\/","name":"\u0633\u0648\u0631\u064a\u0648\u0646 \u0645\u0646 \u0623\u062c\u0644 \u0627\u0644\u062d\u0642\u064a\u0642\u0629 \u0648\u0627\u0644\u0639\u062f\u0627\u0644\u0629","description":"\u0645\u0648\u0642\u0639 \u0648\u0648\u0631\u062f\u0628\u0631\u064a\u0633 \u0639\u0631\u0628\u064a \u0622\u062e\u0631","publisher":{"@id":"https:\/\/stj-sy.org\/kmr\/#organization"},"potentialAction":[{"@type":"SearchAction","target":{"@type":"EntryPoint","urlTemplate":"https:\/\/stj-sy.org\/kmr\/?s={search_term_string}"},"query-input":{"@type":"PropertyValueSpecification","valueRequired":true,"valueName":"search_term_string"}}],"inLanguage":"kmr"},{"@type":"Organization","@id":"https:\/\/stj-sy.org\/kmr\/#organization","name":"Syrians for Truth and Justice","url":"https:\/\/stj-sy.org\/kmr\/","logo":{"@type":"ImageObject","inLanguage":"kmr","@id":"https:\/\/stj-sy.org\/kmr\/#\/schema\/logo\/image\/","url":"https:\/\/stj-sy.org\/wp-content\/uploads\/2019\/05\/logo.png","contentUrl":"https:\/\/stj-sy.org\/wp-content\/uploads\/2019\/05\/logo.png","width":231,"height":70,"caption":"Syrians for Truth and Justice"},"image":{"@id":"https:\/\/stj-sy.org\/kmr\/#\/schema\/logo\/image\/"},"sameAs":["https:\/\/www.facebook.com\/SyriaSTJ\/","https:\/\/x.com\/STJ_SYRIA_ENG","https:\/\/www.instagram.com\/syrians_for_truth_and_justice\/","https:\/\/www.linkedin.com\/in\/syrians-for-truth-and-justice-8a0119172\/"]},{"@type":"Person","@id":"https:\/\/stj-sy.org\/kmr\/#\/schema\/person\/a2fd33978dc6e37e9c970d3003be6114","name":"communication","image":{"@type":"ImageObject","inLanguage":"kmr","@id":"https:\/\/stj-sy.org\/kmr\/#\/schema\/person\/image\/","url":"https:\/\/secure.gravatar.com\/avatar\/3286489a5c58069211660a59084c2d74cb161ba3ae3d7373192e1fb81dad274f?s=96&d=mm&r=g","contentUrl":"https:\/\/secure.gravatar.com\/avatar\/3286489a5c58069211660a59084c2d74cb161ba3ae3d7373192e1fb81dad274f?s=96&d=mm&r=g","caption":"communication"}}]}},"_links":{"self":[{"href":"https:\/\/stj-sy.org\/kmr\/wp-json\/wp\/v2\/posts\/22477","targetHints":{"allow":["GET"]}}],"collection":[{"href":"https:\/\/stj-sy.org\/kmr\/wp-json\/wp\/v2\/posts"}],"about":[{"href":"https:\/\/stj-sy.org\/kmr\/wp-json\/wp\/v2\/types\/post"}],"author":[{"embeddable":true,"href":"https:\/\/stj-sy.org\/kmr\/wp-json\/wp\/v2\/users\/12"}],"replies":[{"embeddable":true,"href":"https:\/\/stj-sy.org\/kmr\/wp-json\/wp\/v2\/comments?post=22477"}],"version-history":[{"count":2,"href":"https:\/\/stj-sy.org\/kmr\/wp-json\/wp\/v2\/posts\/22477\/revisions"}],"predecessor-version":[{"id":22484,"href":"https:\/\/stj-sy.org\/kmr\/wp-json\/wp\/v2\/posts\/22477\/revisions\/22484"}],"wp:featuredmedia":[{"embeddable":true,"href":"https:\/\/stj-sy.org\/kmr\/wp-json\/wp\/v2\/media\/22448"}],"wp:attachment":[{"href":"https:\/\/stj-sy.org\/kmr\/wp-json\/wp\/v2\/media?parent=22477"}],"wp:term":[{"taxonomy":"category","embeddable":true,"href":"https:\/\/stj-sy.org\/kmr\/wp-json\/wp\/v2\/categories?post=22477"},{"taxonomy":"post_tag","embeddable":true,"href":"https:\/\/stj-sy.org\/kmr\/wp-json\/wp\/v2\/tags?post=22477"}],"curies":[{"name":"wp","href":"https:\/\/api.w.org\/{rel}","templated":true}]}}