{"id":17102,"date":"2022-05-23T08:33:52","date_gmt":"2022-05-23T05:33:52","guid":{"rendered":"https:\/\/stj-sy.org\/23-rexistinen-sivil-mafnasi-u-yen-jinan-nameyeke-bo-reveberiya-xweser-li-bakur-u-rojhilate-suriyaye-u-hezen-suriya-demokrat-disinin\/"},"modified":"2022-05-23T18:49:27","modified_gmt":"2022-05-23T15:49:27","slug":"23-rexistinen-sivil-mafnasi-u-yen-jinan-nameyeke-bo-reveberiya-xweser-li-bakur-u-rojhilate-suriyaye-u-hezen-suriya-demokrat-disinin","status":"publish","type":"post","link":"https:\/\/stj-sy.org\/kmr\/23-rexistinen-sivil-mafnasi-u-yen-jinan-nameyeke-bo-reveberiya-xweser-li-bakur-u-rojhilate-suriyaye-u-hezen-suriya-demokrat-disinin\/","title":{"rendered":"23 R\u00eaxistin\u00ean siv\u00eel, mafnas\u00ee, \u00fb y\u00ean jinan, nameyek\u00ea bo R\u00eaveberiya Xweser li Bakur \u00fb Rojhilat\u00ea S\u00fbriyay\u00ea \u00fb H\u00eaz\u00ean S\u00fbriya Demokrat di\u015f\u00eenin"},"content":{"rendered":"<p style=\"text-align: justify;\"><em>R\u00eazdar<\/em>: B\u00ear\u00eevan Xalid, \u00fb R\u00eazdar: Ebd Hamid El-Mihba\u015f, herdu serok\u00ean hevbe\u015f \u00ean R\u00eavberiya Xweser li Bakur \u00fb Rojhilat\u00ea S\u00fbriyay\u00ea.<\/p>\n<p style=\"text-align: justify;\"><em>R\u00eazdar<\/em> Mezl\u00fbm Ebd\u00ee, serok\u00ea gi\u015ft\u00ee y\u00ea H\u00eaz\u00ean S\u00fbriya Demokrat\u00eek (HSD).<\/p>\n<p style=\"text-align: justify;\">Em hejmareke r\u00eaxistin\u00ean ku me li ser v\u00ea namey\u00ea \u00eemze kiriye, ber\u00ea xwe didin we, wek\u00ee aliy\u00ean ku r\u00eaveberiya her\u00eam\u00ea dikin, \u00fb ji we dixwazin ku h\u00fbn ji dil bo girtina doseya revandin \u00fb le\u015fkerkirina zarokan kar bikin, \u00fb wan li malbat\u00ean wan veger\u00eenin, herwiha kes \u00fb kom\u00ean di nav we de, \u00ean ku zarok\u00ean ne gihay\u00ee direv\u00eenin \u00fb dikin le\u015fker ji hev bix\u00eenin, \u00fb wan li ser van binp\u00eakirin\u00ean maf\u00ean mirov ku digih\u00eajin asta s\u00fbc\u00ean ceng\u00ea, siza bikin.<\/p>\n<p style=\"text-align: justify;\">Di heyama sal\u00ean buhur\u00ee de, \u201dtevgera Ciwan\u00ean \u015eore\u015fger\u201c \u00fb hin aliy\u00ean din j\u00ee, hejmareke mezin ji zarok\u00ean ne gihay\u00ee revandin \u00fb kirin le\u015fker, \u00fb di siya rew\u015fa awarte ya ku her\u00eam t\u00ea de derbas dibe \u00fb neb\u00fbna l\u00eapirs\u00een \u00fb siza kirin\u00ea, \u00ead\u00ee koma ku nav\u00ea \u201dCiwan\u00ean \u015eore\u015fger\u201c li xwe dike, siyaseteke r\u00eabazkir\u00ee ji bo revandin, \u00fb le\u015fkerkirina zarokan li her\u00eam\u00ean R\u00eaveberiya Xweser \u00fb H\u00eaz\u00ean S\u00fbriya Demokrat\u00eek bi r\u00ea ve dibe.<\/p>\n<p style=\"text-align: justify;\">R\u00eazdar Mezl\u00fbm Ebd\u00ee,<\/p>\n<p style=\"text-align: justify;\">Em dixwazin b\u00eenin b\u00eera we, ku we wek\u00ee H\u00eaz\u00ean S\u00fbriya Demokrat\u00eek, \u00fb bi amadeb\u00fbn \u00fb serpere\u015ftiya n\u00fbnera taybet a rasp\u00ear\u00ea gi\u015ft\u00ee y\u00ea Netewey\u00ean Yekb\u00fby\u00ee, a t\u00eakildar\u00ee kar\u00fbbar\u00ean zarokan di heyama \u015fer\u00ean \u00e7ekdar\u00ee de \u201dVirginia Gamba\u201c, peymanek li navenda Netewey\u00ean Yekb\u00fby\u00ee li Cin\u00eav\u00ea di sala 2019an de \u00eemze kir, \u00fb we t\u00ea de soz da ku h\u00fbn zarok\u00ean ne gihay\u00ee y\u00ean b\u00fbne le\u015fker ji nav h\u00eaz\u00ean xwe d\u00fbr bixin, \u00fb \u00ead\u00ee kes\u00ean j\u00ear 18 salan di nav ref\u00ean h\u00eaz\u00ean xwe de qeb\u00fbl nekin, l\u00ea ev peyman -gor\u00ee ku di her s\u00ea sal\u00ean buhur\u00ee de hat xuya kirin- ten\u00ea ximav li ser kaxez\u00ea ma, \u00e7i ku revandina zarokan ji hemb\u00eaza malbat\u00ean wan, \u00fb ji ser textebend\u00ean xwendin\u00ea dom kir, her ber bi baregeh\u00ean perwerdekirin \u00fb \u00e7ekdarkirin\u00ea ve, ku malbat\u00ean zarokan nikarin cih\u00ea wan nas bikin, wan bi\u015fop\u00eenin, \u00fb ne j\u00ee t\u00eakiliy\u00ea bi wan re bikin.<\/p>\n<p style=\"text-align: justify;\">Ev kiryar wek\u00ee binp\u00eakirineke ber\u00e7av ji r\u00eakeftin \u00fb peyman\u00ean navdewlet\u00ee re t\u00ea d\u00eetin, \u00fb bi taybet r\u00eakeftina maf\u00ean zarok a c\u00eehan\u00ee di Netewey\u00ean Yekb\u00fby\u00ee de, ku Benda (9) j\u00ea dib\u00eaje: &#8220;R\u00eazgirtin li maf \u00fb berpirsayetiya bav \u00fb d\u00ea \u00fb malbat\u00ea, bo p\u00ea\u015fk\u00ea\u015fkirina raberiy\u00ea ji zarok re, her li gor hi\u015fmendiya w\u00ee ya h\u00ea\u015f\u00eenb\u00fby\u00ee, ku ji (14 ta 18) salan ve dest p\u00ea dike, \u00fb di v\u00ea qonax\u00ea de, \u00eemzekirina zarokan ji aliy\u00ea yasay\u00ee ve, nay\u00ea pi\u015ftp\u00eabestin&#8221;.<\/p>\n<p style=\"text-align: justify;\">Herwiha benda (11) ya dijber\u00ee veguhestina ne rewa \u00fb ne vegerandin\u00ea, ji heman r\u00eakeftin\u00ea dib\u00eaje: &#8220;Div\u00ea ku desthilat (an y\u00ea ku bi rola w\u00ea radibe) neh\u00eale ti kes zarokan birev\u00eene \u00fb d\u00fbr\u00ee malbat\u00ean wan bibe, \u00fb herwiha div\u00ea bandora v\u00ea yek\u00ea \u00e7areser bike&#8221;.<\/p>\n<p style=\"text-align: justify;\">Mixabin, ku b\u00eahtir\u00ea caran, mehaneya revandin \u00fb nevegerandina zarok\u00ean ne gihay\u00ee, \u00ean ku hatine le\u015fkerkirin, ew e ku xwesteka wan ev e, yan ku ke\u00e7 ji malbat\u00ean xwe reviyane, b\u00ea ku ha j\u00ea hebin ku d\u00fbrxistina zarok ji malbata w\u00ee, di v\u00ea qonax\u00ea ji temen\u00ea w\u00ee de, w\u00ee ji maf\u00ean w\u00ee y\u00ean zaroktiy\u00ea, ku yasay\u00ea j\u00ea re rewa kiriye, b\u00eapar dike, herwiha kes \u00fb aliy\u00ean ku van kiryaran dikin, jib\u00eer dikin ku benda (19) ji yasaya maf\u00ea zarok tekez dike li ser maf\u00ea zarok di &#8220;Parastina ji \u00ear\u00ee\u015fkirin \u00fb pa\u015fguhkirin\u00ea&#8221;, her ku ev pa\u015fguhkirin ji malbat\u00ea be j\u00ee, di siya rew\u015f\u00ean jiyan\u00ea y\u00ean dijwar \u00fb berdewamiya ceng\u00ea de.<\/p>\n<p style=\"text-align: justify;\">Lewma, div\u00ea ku h\u00fbn zarokan ji tevahiya \u015f\u00eawey\u00ean zordariy\u00ea, ji aliy\u00ea bav \u00fb d\u00ea \u00fb kes\u00ean din \u00ean ku wan xwed\u00ee dikin, bipar\u00eazin, \u00fb planeke guncav bo parastina zarokan saz bikin, herwiha al\u00eekariya qurbaniy\u00ean zordariy\u00ea ji zarokan bikin. B\u00ea guman, le\u015fkerkirina zarokan, nabe parastin \u00fb \u00e7areser\u00ee<\/p>\n<p style=\"text-align: justify;\">di rew\u015f\u00ean wiha de, ku birina zarokan bo bargeh\u00ean perwerdekirina le\u015fker\u00ee \u00fb hewildana perwerdekirina wan ji aliy\u00ea govd\u00ee \u00fb b\u00eerewer\u00ee de, bandorek\u00ee ney\u00ean\u00ee li der\u00fbniya wan dike, \u00fb ev bandor ta dawiya temen\u00ea wan, bi wan re dir\u00eaj dike.<\/p>\n<p style=\"text-align: justify;\">Herwiha em we agahdar dikin ku ev kiriyar li dij\u00ee r\u00eakeftina S\u00eedaw 1979an e &#8220;R\u00eakeftina tunekirina regezperestiy\u00ea li dij\u00ee jin\u00ea&#8221;, \u00fb bi taybet bend\u00ean (10 &#8211; 14an) \u00ean gir\u00eaday\u00ee f\u00earkirin\u00ea, kar, \u00fb tenduristiy\u00ea, \u00fb ji bil\u00ee wan ji yasay\u00ean ku kiryar\u00ean wiha di asta bazirganiya bi mirovan derdibr\u00eenin, \u00e7i ku ke\u00e7 \u00fb law\u00ean ciwan z\u00fb ji ber \u00e7avan winda dibin, \u00fb bi h\u00easan\u00ee t\u00ean bi r\u00ea ve birin, herwiha xizaniya wan j\u00ee di siya ceng\u00ea \u00fb dorp\u00ea\u00e7kirin\u00ea de, t\u00ea keysbaz\u00ee kirin.<\/p>\n<p style=\"text-align: justify;\">T\u00ea zan\u00een j\u00ee, ku endam\u00ean r\u00eaxistina &#8220;Ciwan\u00ean \u015eore\u015fger&#8221; gelek caran, gef \u00fb gurdan li malbat\u00ean zarokan, bi girtin \u00fb ku\u015ftin\u00ea dixwin, ger ew le\u015fkerkirina zarok\u00ean xwe nepejir\u00eenin, an j\u00ee doza vegerandina wan bikin, \u00e7i bi r\u00eaya p\u00eangav\u00ean rojnamevan\u00ee, \u00fb \u00e7i j\u00ee bi r\u00eaya xwep\u00ea\u015findan\u00ean a\u015ftiyane be, \u00fb ev gefxwarin \u00fb tirsandin malbatan b\u00ea deng dike, \u00fb dih\u00eale ku ew ji maf\u00ea xwe y\u00ea xwed\u00eekirin \u00fb perwerdekirina zarok\u00ean xwe dakevin.<\/p>\n<p style=\"text-align: justify;\">Lewre, bi nav\u00ea tevahiya r\u00eaxistin\u00ean \u00eemzekar, em ji we \u00fb tevahiya berpirs\u00ean van kiryaran dixwazin:<\/p>\n<ol style=\"text-align: justify;\">\n<li>D\u00fbrxistina tevahiya zarok\u00ean ne gihay\u00ee, y\u00ean ku hatine le\u015fkerkirin, \u00fb y\u00ean ku bi dil\u00ea xwe j\u00ee tevl\u00ee H\u00eaz\u00ean S\u00fbriya Demokrat\u00eek b\u00fbne.<\/li>\n<li>\u015eopandina diyardeya revandin \u00fb le\u015fkerkirina zarokan bi \u00e7av\u00ea berpirsayetiya yasay\u00ee \u00fb ya exlaq\u00ee, \u00fb vegerandina zarok\u00ean ne gihay\u00ee bo malbat\u00ean wan, \u00fb dan\u00eena s\u00eenorek\u00ee li p\u00ea\u015f van binp\u00eakirinan, ku wek\u00ee s\u00fbc\u00ean li dij\u00ee maf\u00ean zarokan t\u00ean derbr\u00een.<\/li>\n<li>Siza kirina her kes\u00ea ku va kiryar\u00ean ne mirovane dike, ji ber ku bandora v\u00ea yek\u00ea ser zarokan \u00fb malbat\u00ean wan ney\u00ean\u00ee ye, \u00fb ew bandora ney\u00ean\u00ee li civaka xweceh\u00ee j\u00ee vedigere, ku dih\u00eale ewleh\u00ee \u00fb a\u015ftiya navxwey\u00ee t\u00eak bi\u00e7e.<\/li>\n<li>Parastina aramb\u00fbn \u00fb ewlehiya her\u00eam\u00ea, bo sivikirina p\u00eal\u00ean penaber\u00ee \u00fb ko\u00e7beriy\u00ea, herwiha ko\u00e7berkirina bi ne\u00e7ar\u00ee \u00fb gefxwarin\u00ea j\u00ee.<\/li>\n<li>Peydakirina j\u00eengehek guncav ji nif\u015f\u00ean fer\u00eek \u00ean n\u00fbhat\u00ee re, nexasim di war\u00ean xwendin \u00fb tenduristiy\u00ea de, \u00fb berdestkirina cih\u00ean bihnfirehkirin\u00ea ku dema xwe l\u00ea derbas bikin, \u00fb pi\u015ftgiriya der\u00fbn\u00ee \u00fb ya civak\u00ee, b\u00eay\u00ee ti \u00eedyoloj\u00eekirin\u00ea, \u00e7i ku zarok p\u00ea\u015feroja her\u00eam\u00ea ne.<\/li>\n<\/ol>\n<p style=\"text-align: justify;\">Li dawiy\u00ea, em h\u00eaviya biryardana gavin lezg\u00een \u00fb cid\u00ee ji we dikin, bo parastina rista civak\u00ee ya ewle, ku ji maf\u00ea xelk\u00ean her\u00eam\u00ea ye, \u00fb erk\u00ea we y\u00ea sereke ye, herwiha em wek\u00ee r\u00eaxistin\u00ean civaka siv\u00eel erkdarin ku v\u00ea k\u00ea\u015feya metirs\u00eedar bi\u015fop\u00eenin ta ku ji kok\u00ea ve b\u00ea bidaw\u00ee kirin, \u00fb kar b\u00ea kirin bo siza kirina binp\u00eakaran, \u00e7i kes \u00fb \u00e7i kom, an j\u00ee saziy\u00ean r\u00eaxistinkir\u00ee bin.<\/p>\n<p style=\"text-align: justify;\">H\u00fbn dikarin bi r\u00eaya v\u00ea Email \u00ea t\u00eakiliy\u00ea bi me re bikin:<\/p>\n<p style=\"text-align: justify;\">dest.bidest@gmail.com<\/p>\n<p style=\"text-align: justify;\">S\u00fbriy\u00ea &#8211; Qami\u015flo<\/p>\n<p style=\"text-align: justify;\">N\u00eesana 2022an<\/p>\n<p style=\"text-align: justify;\"><strong>R\u00eaxistin\u00ean \u00eemzekar:<\/strong><\/p>\n<ol style=\"text-align: justify;\">\n<li>Deng\u00ea fem\u00eenist\u00ean Kurd.<\/li>\n<li>R\u00eaxistina Kurd\u00ee ya maf\u00ean mirov li S\u00fbriy\u00ea (DAD).<\/li>\n<li>R\u00eaxistina maf\u00ean mirov li S\u00fbriy\u00ea &#8211; Maf.<\/li>\n<li>Kom\u00eeteya Kurd\u00ee bo maf\u00ean mirov (Rasid).<\/li>\n<li>R\u00eaxistina bergeriy\u00ea di ber girtiy\u00ean ner\u00een\u00ea de li S\u00fbriy\u00ea (Rewange).<\/li>\n<li>S\u00fbriy\u00ean ji bo Rast\u00een\u00ee \u00fb Dadmendiy\u00ea.<\/li>\n<li>Yek\u00eetiya Gi\u015ft\u00ee ya Niv\u00eeskar \u00fb Rojnamevan\u00ean Kurd li S\u00fbriy\u00ea.<\/li>\n<li>Komela Jiyan a Tunekirina Tundiy\u00ea li dij\u00ee Jina Kurd.<\/li>\n<li>Navend Demokrasiy\u00ea bo Maf\u00ean Mirov li Kurdistan\u00ea (DCHRK).<\/li>\n<li>Kom\u00eeteya Yasay\u00ee bo Hevd\u00eetina Ni\u015ft\u00eeman\u00ee li S\u00fbriy\u00ea.<\/li>\n<li>R\u00eaxistina Mihabad ya Maf\u00ean Mirov (MOHR).<\/li>\n<li>R\u00eaxistina Jina Kurd a Azad.<\/li>\n<li>Kombenda H\u00eero ya Jina Kurd li S\u00fbriy\u00ea.<\/li>\n<li>R\u00eaxistina Parastina J\u00eengeh\u00ea &#8211; Keskay\u00ee.<\/li>\n<li>Lekolin for Studie and Research &#8211; Germany.<\/li>\n<li>Navenda Ehmed Bonceq bo pi\u015ftgiriya Azadiyan \u00fb Maf\u00ean Mirov.<\/li>\n<li>R\u00eaxistina Jina Kurd.<\/li>\n<li>R\u00eaxistina Avakirina Yasay\u00ee.<\/li>\n<li>Malbata Roj News ya N\u00fb\u00e7eyan.<\/li>\n<li>H\u00eaz\u00ean Civaka Siv\u00eel ya Kurdistan\u00ea.<\/li>\n<li>Hevgirtina H\u00eaz\u00ean Siv\u00eel \u00ean Kurd\u00ee li S\u00fbriy\u00ea.<\/li>\n<li>Komela Aso ya Kurd li Herne.<\/li>\n<li>Komela N\u00fbbihar li bajar\u00ea Essen.<\/li>\n<\/ol>\n<p style=\"text-align: justify;\">T\u00eab\u00een\u00ee: Ev name bi r\u00eaya \u015fandek\u00ea ji r\u00eaxistin\u00ean siv\u00eel, \u00ean mafnas\u00ee, \u00fb y\u00ean maf\u00ea Jin\u00ea, ber\u00ee derdora meheke, bi awayek\u00ee ferm\u00ee gihi\u015ft R\u00eaveberiya Xweser, ku name radest\u00ee &#8220;Fewza Y\u00fbsif&#8221; endama Desteya C\u00eebic\u00eekar di Tevgera Civaka Demokrat\u00eek, \u00fb hevserokatiya hevbe\u015f di Partiya Yek\u00eetiya Demokrat\u00eek PYD, \u00fb Seroka r\u00eaxistina Star ya jin\u00ea b\u00fb, l\u00ea wan ti bersiv derbar\u00ea namey\u00ea neda, lewra div\u00ea ku b\u00ea ragihandin.<\/p>\n","protected":false},"excerpt":{"rendered":"<p>R\u00eazdar: B\u00ear\u00eevan Xalid, \u00fb R\u00eazdar: Ebd Hamid El-Mihba\u015f, herdu serok\u00ean hevbe\u015f \u00ean R\u00eavberiya Xweser li Bakur \u00fb Rojhilat\u00ea S\u00fbriyay\u00ea. R\u00eazdar Mezl\u00fbm Ebd\u00ee, serok\u00ea gi\u015ft\u00ee y\u00ea H\u00eaz\u00ean S\u00fbriya Demokrat\u00eek (HSD). Em&hellip;<\/p>\n","protected":false},"author":12,"featured_media":17155,"comment_status":"open","ping_status":"open","sticky":false,"template":"","format":"link","meta":{"_lmt_disableupdate":"","_lmt_disable":"","footnotes":""},"categories":[648,975],"tags":[1066,1065,1072,890,1067,1068,1069,891,1070],"class_list":["post-17102","post","type-post","status-publish","format-link","has-post-thumbnail","hentry","category-daxuyani-u-daxuyaniyen-capameniye","category-hilbijartina-editore","tag-hezen-suriyeya-demokratik-hsd","tag-leskerkirina-zarokan","tag-mazlum-ebdi","tag-neteweyen-yekbuyi","tag-revandin","tag-reveberiya-xweser","tag-sivil-revandin","tag-surye","tag-tewqif","post_format-post-format-link"],"yoast_head":"<!-- This site is optimized with the Yoast SEO plugin v26.8 - https:\/\/yoast.com\/product\/yoast-seo-wordpress\/ -->\n<title>23 R\u00eaxistin\u00ean siv\u00eel, mafnas\u00ee, \u00fb y\u00ean jinan, nameyek\u00ea bo R\u00eaveberiya Xweser li Bakur \u00fb Rojhilat\u00ea S\u00fbriyay\u00ea \u00fb H\u00eaz\u00ean S\u00fbriya Demokrat di\u015f\u00eenin - \u0633\u0648\u0631\u064a\u0648\u0646 \u0645\u0646 \u0623\u062c\u0644 \u0627\u0644\u062d\u0642\u064a\u0642\u0629 \u0648\u0627\u0644\u0639\u062f\u0627\u0644\u0629<\/title>\n<meta name=\"robots\" content=\"index, follow, max-snippet:-1, max-image-preview:large, max-video-preview:-1\" \/>\n<link rel=\"canonical\" href=\"https:\/\/stj-sy.org\/kmr\/23-rexistinen-sivil-mafnasi-u-yen-jinan-nameyeke-bo-reveberiya-xweser-li-bakur-u-rojhilate-suriyaye-u-hezen-suriya-demokrat-disinin\/\" \/>\n<meta property=\"og:locale\" content=\"en_US\" \/>\n<meta property=\"og:type\" content=\"article\" \/>\n<meta property=\"og:title\" content=\"23 R\u00eaxistin\u00ean siv\u00eel, mafnas\u00ee, \u00fb y\u00ean jinan, nameyek\u00ea bo R\u00eaveberiya Xweser li Bakur \u00fb Rojhilat\u00ea S\u00fbriyay\u00ea \u00fb H\u00eaz\u00ean S\u00fbriya Demokrat di\u015f\u00eenin - \u0633\u0648\u0631\u064a\u0648\u0646 \u0645\u0646 \u0623\u062c\u0644 \u0627\u0644\u062d\u0642\u064a\u0642\u0629 \u0648\u0627\u0644\u0639\u062f\u0627\u0644\u0629\" \/>\n<meta property=\"og:description\" content=\"R\u00eazdar: B\u00ear\u00eevan Xalid, \u00fb R\u00eazdar: Ebd Hamid El-Mihba\u015f, herdu serok\u00ean hevbe\u015f \u00ean R\u00eavberiya Xweser li Bakur \u00fb Rojhilat\u00ea S\u00fbriyay\u00ea. R\u00eazdar Mezl\u00fbm Ebd\u00ee, serok\u00ea gi\u015ft\u00ee y\u00ea H\u00eaz\u00ean S\u00fbriya Demokrat\u00eek (HSD). Em&hellip;\" \/>\n<meta property=\"og:url\" content=\"https:\/\/stj-sy.org\/kmr\/23-rexistinen-sivil-mafnasi-u-yen-jinan-nameyeke-bo-reveberiya-xweser-li-bakur-u-rojhilate-suriyaye-u-hezen-suriya-demokrat-disinin\/\" \/>\n<meta property=\"og:site_name\" content=\"\u0633\u0648\u0631\u064a\u0648\u0646 \u0645\u0646 \u0623\u062c\u0644 \u0627\u0644\u062d\u0642\u064a\u0642\u0629 \u0648\u0627\u0644\u0639\u062f\u0627\u0644\u0629\" \/>\n<meta property=\"article:publisher\" content=\"https:\/\/www.facebook.com\/SyriaSTJ\/\" \/>\n<meta property=\"article:published_time\" content=\"2022-05-23T05:33:52+00:00\" \/>\n<meta property=\"article:modified_time\" content=\"2022-05-23T15:49:27+00:00\" \/>\n<meta property=\"og:image\" content=\"https:\/\/stj-sy.org\/wp-content\/uploads\/2022\/05\/\u0631\u0633\u0627\u0644\u0629-\u0625\u0644\u0649-\u0627\u0644\u0625\u062f\u0627\u0631\u0629-\u0627\u0644\u0630\u0627\u062a\u064a\u0629.png\" \/>\n\t<meta property=\"og:image:width\" content=\"850\" \/>\n\t<meta property=\"og:image:height\" content=\"450\" \/>\n\t<meta property=\"og:image:type\" content=\"image\/png\" \/>\n<meta name=\"twitter:card\" content=\"summary_large_image\" \/>\n<meta name=\"twitter:creator\" content=\"@STJ_SYRIA_ENG\" \/>\n<meta name=\"twitter:site\" content=\"@STJ_SYRIA_ENG\" \/>\n<meta name=\"twitter:label1\" content=\"Written by\" \/>\n\t<meta name=\"twitter:data1\" content=\"communication\" \/>\n\t<meta name=\"twitter:label2\" content=\"Est. reading time\" \/>\n\t<meta name=\"twitter:data2\" content=\"6 minutes\" \/>\n<script type=\"application\/ld+json\" class=\"yoast-schema-graph\">{\"@context\":\"https:\/\/schema.org\",\"@graph\":[{\"@type\":\"Article\",\"@id\":\"https:\/\/stj-sy.org\/kmr\/23-rexistinen-sivil-mafnasi-u-yen-jinan-nameyeke-bo-reveberiya-xweser-li-bakur-u-rojhilate-suriyaye-u-hezen-suriya-demokrat-disinin\/#article\",\"isPartOf\":{\"@id\":\"https:\/\/stj-sy.org\/kmr\/23-rexistinen-sivil-mafnasi-u-yen-jinan-nameyeke-bo-reveberiya-xweser-li-bakur-u-rojhilate-suriyaye-u-hezen-suriya-demokrat-disinin\/\"},\"author\":{\"name\":\"communication\",\"@id\":\"https:\/\/stj-sy.org\/kmr\/#\/schema\/person\/a2fd33978dc6e37e9c970d3003be6114\"},\"headline\":\"23 R\u00eaxistin\u00ean siv\u00eel, mafnas\u00ee, \u00fb y\u00ean jinan, nameyek\u00ea bo R\u00eaveberiya Xweser li Bakur \u00fb Rojhilat\u00ea S\u00fbriyay\u00ea \u00fb H\u00eaz\u00ean S\u00fbriya Demokrat di\u015f\u00eenin\",\"datePublished\":\"2022-05-23T05:33:52+00:00\",\"dateModified\":\"2022-05-23T15:49:27+00:00\",\"mainEntityOfPage\":{\"@id\":\"https:\/\/stj-sy.org\/kmr\/23-rexistinen-sivil-mafnasi-u-yen-jinan-nameyeke-bo-reveberiya-xweser-li-bakur-u-rojhilate-suriyaye-u-hezen-suriya-demokrat-disinin\/\"},\"wordCount\":1521,\"commentCount\":0,\"publisher\":{\"@id\":\"https:\/\/stj-sy.org\/kmr\/#organization\"},\"image\":{\"@id\":\"https:\/\/stj-sy.org\/kmr\/23-rexistinen-sivil-mafnasi-u-yen-jinan-nameyeke-bo-reveberiya-xweser-li-bakur-u-rojhilate-suriyaye-u-hezen-suriya-demokrat-disinin\/#primaryimage\"},\"thumbnailUrl\":\"https:\/\/stj-sy.org\/wp-content\/uploads\/2022\/05\/\u0631\u0633\u0627\u0644\u0629-\u0625\u0644\u0649-\u0627\u0644\u0625\u062f\u0627\u0631\u0629-\u0627\u0644\u0630\u0627\u062a\u064a\u0629.png\",\"keywords\":[\"H\u00eaz\u00ean S\u00fbriyeya Demokrat\u00eek-HSD\",\"le\u015fkerkirina zarokan\",\"Mazl\u00fbm Ebd\u00ee\",\"Netewey\u00ean Yekb\u00fby\u00ee\",\"revandin\",\"r\u00eaveberiya xweser\",\"siv\u00eel revandin\",\"S\u00fbrye\",\"Tewq\u00eef\"],\"articleSection\":[\"Daxuyan\u00ee \u00fb daxuyaniy\u00ean \u00e7apameniy\u00ea\",\"Hilbijartina Ed\u00eetor\u00ea\"],\"inLanguage\":\"kmr\",\"potentialAction\":[{\"@type\":\"CommentAction\",\"name\":\"Comment\",\"target\":[\"https:\/\/stj-sy.org\/kmr\/23-rexistinen-sivil-mafnasi-u-yen-jinan-nameyeke-bo-reveberiya-xweser-li-bakur-u-rojhilate-suriyaye-u-hezen-suriya-demokrat-disinin\/#respond\"]}]},{\"@type\":\"WebPage\",\"@id\":\"https:\/\/stj-sy.org\/kmr\/23-rexistinen-sivil-mafnasi-u-yen-jinan-nameyeke-bo-reveberiya-xweser-li-bakur-u-rojhilate-suriyaye-u-hezen-suriya-demokrat-disinin\/\",\"url\":\"https:\/\/stj-sy.org\/kmr\/23-rexistinen-sivil-mafnasi-u-yen-jinan-nameyeke-bo-reveberiya-xweser-li-bakur-u-rojhilate-suriyaye-u-hezen-suriya-demokrat-disinin\/\",\"name\":\"23 R\u00eaxistin\u00ean siv\u00eel, mafnas\u00ee, \u00fb y\u00ean jinan, nameyek\u00ea bo R\u00eaveberiya Xweser li Bakur \u00fb Rojhilat\u00ea S\u00fbriyay\u00ea \u00fb H\u00eaz\u00ean S\u00fbriya Demokrat di\u015f\u00eenin - \u0633\u0648\u0631\u064a\u0648\u0646 \u0645\u0646 \u0623\u062c\u0644 \u0627\u0644\u062d\u0642\u064a\u0642\u0629 \u0648\u0627\u0644\u0639\u062f\u0627\u0644\u0629\",\"isPartOf\":{\"@id\":\"https:\/\/stj-sy.org\/kmr\/#website\"},\"primaryImageOfPage\":{\"@id\":\"https:\/\/stj-sy.org\/kmr\/23-rexistinen-sivil-mafnasi-u-yen-jinan-nameyeke-bo-reveberiya-xweser-li-bakur-u-rojhilate-suriyaye-u-hezen-suriya-demokrat-disinin\/#primaryimage\"},\"image\":{\"@id\":\"https:\/\/stj-sy.org\/kmr\/23-rexistinen-sivil-mafnasi-u-yen-jinan-nameyeke-bo-reveberiya-xweser-li-bakur-u-rojhilate-suriyaye-u-hezen-suriya-demokrat-disinin\/#primaryimage\"},\"thumbnailUrl\":\"https:\/\/stj-sy.org\/wp-content\/uploads\/2022\/05\/\u0631\u0633\u0627\u0644\u0629-\u0625\u0644\u0649-\u0627\u0644\u0625\u062f\u0627\u0631\u0629-\u0627\u0644\u0630\u0627\u062a\u064a\u0629.png\",\"datePublished\":\"2022-05-23T05:33:52+00:00\",\"dateModified\":\"2022-05-23T15:49:27+00:00\",\"breadcrumb\":{\"@id\":\"https:\/\/stj-sy.org\/kmr\/23-rexistinen-sivil-mafnasi-u-yen-jinan-nameyeke-bo-reveberiya-xweser-li-bakur-u-rojhilate-suriyaye-u-hezen-suriya-demokrat-disinin\/#breadcrumb\"},\"inLanguage\":\"kmr\",\"potentialAction\":[{\"@type\":\"ReadAction\",\"target\":[\"https:\/\/stj-sy.org\/kmr\/23-rexistinen-sivil-mafnasi-u-yen-jinan-nameyeke-bo-reveberiya-xweser-li-bakur-u-rojhilate-suriyaye-u-hezen-suriya-demokrat-disinin\/\"]}]},{\"@type\":\"ImageObject\",\"inLanguage\":\"kmr\",\"@id\":\"https:\/\/stj-sy.org\/kmr\/23-rexistinen-sivil-mafnasi-u-yen-jinan-nameyeke-bo-reveberiya-xweser-li-bakur-u-rojhilate-suriyaye-u-hezen-suriya-demokrat-disinin\/#primaryimage\",\"url\":\"https:\/\/stj-sy.org\/wp-content\/uploads\/2022\/05\/\u0631\u0633\u0627\u0644\u0629-\u0625\u0644\u0649-\u0627\u0644\u0625\u062f\u0627\u0631\u0629-\u0627\u0644\u0630\u0627\u062a\u064a\u0629.png\",\"contentUrl\":\"https:\/\/stj-sy.org\/wp-content\/uploads\/2022\/05\/\u0631\u0633\u0627\u0644\u0629-\u0625\u0644\u0649-\u0627\u0644\u0625\u062f\u0627\u0631\u0629-\u0627\u0644\u0630\u0627\u062a\u064a\u0629.png\",\"width\":850,\"height\":450},{\"@type\":\"BreadcrumbList\",\"@id\":\"https:\/\/stj-sy.org\/kmr\/23-rexistinen-sivil-mafnasi-u-yen-jinan-nameyeke-bo-reveberiya-xweser-li-bakur-u-rojhilate-suriyaye-u-hezen-suriya-demokrat-disinin\/#breadcrumb\",\"itemListElement\":[{\"@type\":\"ListItem\",\"position\":1,\"name\":\"\u0627\u0644\u0631\u0626\u064a\u0633\u064a\u0629\",\"item\":\"https:\/\/stj-sy.org\/kmr\/\"},{\"@type\":\"ListItem\",\"position\":2,\"name\":\"23 R\u00eaxistin\u00ean siv\u00eel, mafnas\u00ee, \u00fb y\u00ean jinan, nameyek\u00ea bo R\u00eaveberiya Xweser li Bakur \u00fb Rojhilat\u00ea S\u00fbriyay\u00ea \u00fb H\u00eaz\u00ean S\u00fbriya Demokrat di\u015f\u00eenin\"}]},{\"@type\":\"WebSite\",\"@id\":\"https:\/\/stj-sy.org\/kmr\/#website\",\"url\":\"https:\/\/stj-sy.org\/kmr\/\",\"name\":\"\u0633\u0648\u0631\u064a\u0648\u0646 \u0645\u0646 \u0623\u062c\u0644 \u0627\u0644\u062d\u0642\u064a\u0642\u0629 \u0648\u0627\u0644\u0639\u062f\u0627\u0644\u0629\",\"description\":\"\u0645\u0648\u0642\u0639 \u0648\u0648\u0631\u062f\u0628\u0631\u064a\u0633 \u0639\u0631\u0628\u064a \u0622\u062e\u0631\",\"publisher\":{\"@id\":\"https:\/\/stj-sy.org\/kmr\/#organization\"},\"potentialAction\":[{\"@type\":\"SearchAction\",\"target\":{\"@type\":\"EntryPoint\",\"urlTemplate\":\"https:\/\/stj-sy.org\/kmr\/?s={search_term_string}\"},\"query-input\":{\"@type\":\"PropertyValueSpecification\",\"valueRequired\":true,\"valueName\":\"search_term_string\"}}],\"inLanguage\":\"kmr\"},{\"@type\":\"Organization\",\"@id\":\"https:\/\/stj-sy.org\/kmr\/#organization\",\"name\":\"Syrians for Truth and Justice\",\"url\":\"https:\/\/stj-sy.org\/kmr\/\",\"logo\":{\"@type\":\"ImageObject\",\"inLanguage\":\"kmr\",\"@id\":\"https:\/\/stj-sy.org\/kmr\/#\/schema\/logo\/image\/\",\"url\":\"https:\/\/stj-sy.org\/wp-content\/uploads\/2019\/05\/logo.png\",\"contentUrl\":\"https:\/\/stj-sy.org\/wp-content\/uploads\/2019\/05\/logo.png\",\"width\":231,\"height\":70,\"caption\":\"Syrians for Truth and Justice\"},\"image\":{\"@id\":\"https:\/\/stj-sy.org\/kmr\/#\/schema\/logo\/image\/\"},\"sameAs\":[\"https:\/\/www.facebook.com\/SyriaSTJ\/\",\"https:\/\/x.com\/STJ_SYRIA_ENG\",\"https:\/\/www.instagram.com\/syrians_for_truth_and_justice\/\",\"https:\/\/www.linkedin.com\/in\/syrians-for-truth-and-justice-8a0119172\/\"]},{\"@type\":\"Person\",\"@id\":\"https:\/\/stj-sy.org\/kmr\/#\/schema\/person\/a2fd33978dc6e37e9c970d3003be6114\",\"name\":\"communication\",\"image\":{\"@type\":\"ImageObject\",\"inLanguage\":\"kmr\",\"@id\":\"https:\/\/stj-sy.org\/kmr\/#\/schema\/person\/image\/\",\"url\":\"https:\/\/secure.gravatar.com\/avatar\/3286489a5c58069211660a59084c2d74cb161ba3ae3d7373192e1fb81dad274f?s=96&d=mm&r=g\",\"contentUrl\":\"https:\/\/secure.gravatar.com\/avatar\/3286489a5c58069211660a59084c2d74cb161ba3ae3d7373192e1fb81dad274f?s=96&d=mm&r=g\",\"caption\":\"communication\"}}]}<\/script>\n<!-- \/ Yoast SEO plugin. -->","yoast_head_json":{"title":"23 R\u00eaxistin\u00ean siv\u00eel, mafnas\u00ee, \u00fb y\u00ean jinan, nameyek\u00ea bo R\u00eaveberiya Xweser li Bakur \u00fb Rojhilat\u00ea S\u00fbriyay\u00ea \u00fb H\u00eaz\u00ean S\u00fbriya Demokrat di\u015f\u00eenin - \u0633\u0648\u0631\u064a\u0648\u0646 \u0645\u0646 \u0623\u062c\u0644 \u0627\u0644\u062d\u0642\u064a\u0642\u0629 \u0648\u0627\u0644\u0639\u062f\u0627\u0644\u0629","robots":{"index":"index","follow":"follow","max-snippet":"max-snippet:-1","max-image-preview":"max-image-preview:large","max-video-preview":"max-video-preview:-1"},"canonical":"https:\/\/stj-sy.org\/kmr\/23-rexistinen-sivil-mafnasi-u-yen-jinan-nameyeke-bo-reveberiya-xweser-li-bakur-u-rojhilate-suriyaye-u-hezen-suriya-demokrat-disinin\/","og_locale":"en_US","og_type":"article","og_title":"23 R\u00eaxistin\u00ean siv\u00eel, mafnas\u00ee, \u00fb y\u00ean jinan, nameyek\u00ea bo R\u00eaveberiya Xweser li Bakur \u00fb Rojhilat\u00ea S\u00fbriyay\u00ea \u00fb H\u00eaz\u00ean S\u00fbriya Demokrat di\u015f\u00eenin - \u0633\u0648\u0631\u064a\u0648\u0646 \u0645\u0646 \u0623\u062c\u0644 \u0627\u0644\u062d\u0642\u064a\u0642\u0629 \u0648\u0627\u0644\u0639\u062f\u0627\u0644\u0629","og_description":"R\u00eazdar: B\u00ear\u00eevan Xalid, \u00fb R\u00eazdar: Ebd Hamid El-Mihba\u015f, herdu serok\u00ean hevbe\u015f \u00ean R\u00eavberiya Xweser li Bakur \u00fb Rojhilat\u00ea S\u00fbriyay\u00ea. R\u00eazdar Mezl\u00fbm Ebd\u00ee, serok\u00ea gi\u015ft\u00ee y\u00ea H\u00eaz\u00ean S\u00fbriya Demokrat\u00eek (HSD). Em&hellip;","og_url":"https:\/\/stj-sy.org\/kmr\/23-rexistinen-sivil-mafnasi-u-yen-jinan-nameyeke-bo-reveberiya-xweser-li-bakur-u-rojhilate-suriyaye-u-hezen-suriya-demokrat-disinin\/","og_site_name":"\u0633\u0648\u0631\u064a\u0648\u0646 \u0645\u0646 \u0623\u062c\u0644 \u0627\u0644\u062d\u0642\u064a\u0642\u0629 \u0648\u0627\u0644\u0639\u062f\u0627\u0644\u0629","article_publisher":"https:\/\/www.facebook.com\/SyriaSTJ\/","article_published_time":"2022-05-23T05:33:52+00:00","article_modified_time":"2022-05-23T15:49:27+00:00","og_image":[{"width":850,"height":450,"url":"https:\/\/stj-sy.org\/wp-content\/uploads\/2022\/05\/\u0631\u0633\u0627\u0644\u0629-\u0625\u0644\u0649-\u0627\u0644\u0625\u062f\u0627\u0631\u0629-\u0627\u0644\u0630\u0627\u062a\u064a\u0629.png","type":"image\/png"}],"twitter_card":"summary_large_image","twitter_creator":"@STJ_SYRIA_ENG","twitter_site":"@STJ_SYRIA_ENG","twitter_misc":{"Written by":"communication","Est. reading time":"6 minutes"},"schema":{"@context":"https:\/\/schema.org","@graph":[{"@type":"Article","@id":"https:\/\/stj-sy.org\/kmr\/23-rexistinen-sivil-mafnasi-u-yen-jinan-nameyeke-bo-reveberiya-xweser-li-bakur-u-rojhilate-suriyaye-u-hezen-suriya-demokrat-disinin\/#article","isPartOf":{"@id":"https:\/\/stj-sy.org\/kmr\/23-rexistinen-sivil-mafnasi-u-yen-jinan-nameyeke-bo-reveberiya-xweser-li-bakur-u-rojhilate-suriyaye-u-hezen-suriya-demokrat-disinin\/"},"author":{"name":"communication","@id":"https:\/\/stj-sy.org\/kmr\/#\/schema\/person\/a2fd33978dc6e37e9c970d3003be6114"},"headline":"23 R\u00eaxistin\u00ean siv\u00eel, mafnas\u00ee, \u00fb y\u00ean jinan, nameyek\u00ea bo R\u00eaveberiya Xweser li Bakur \u00fb Rojhilat\u00ea S\u00fbriyay\u00ea \u00fb H\u00eaz\u00ean S\u00fbriya Demokrat di\u015f\u00eenin","datePublished":"2022-05-23T05:33:52+00:00","dateModified":"2022-05-23T15:49:27+00:00","mainEntityOfPage":{"@id":"https:\/\/stj-sy.org\/kmr\/23-rexistinen-sivil-mafnasi-u-yen-jinan-nameyeke-bo-reveberiya-xweser-li-bakur-u-rojhilate-suriyaye-u-hezen-suriya-demokrat-disinin\/"},"wordCount":1521,"commentCount":0,"publisher":{"@id":"https:\/\/stj-sy.org\/kmr\/#organization"},"image":{"@id":"https:\/\/stj-sy.org\/kmr\/23-rexistinen-sivil-mafnasi-u-yen-jinan-nameyeke-bo-reveberiya-xweser-li-bakur-u-rojhilate-suriyaye-u-hezen-suriya-demokrat-disinin\/#primaryimage"},"thumbnailUrl":"https:\/\/stj-sy.org\/wp-content\/uploads\/2022\/05\/\u0631\u0633\u0627\u0644\u0629-\u0625\u0644\u0649-\u0627\u0644\u0625\u062f\u0627\u0631\u0629-\u0627\u0644\u0630\u0627\u062a\u064a\u0629.png","keywords":["H\u00eaz\u00ean S\u00fbriyeya Demokrat\u00eek-HSD","le\u015fkerkirina zarokan","Mazl\u00fbm Ebd\u00ee","Netewey\u00ean Yekb\u00fby\u00ee","revandin","r\u00eaveberiya xweser","siv\u00eel revandin","S\u00fbrye","Tewq\u00eef"],"articleSection":["Daxuyan\u00ee \u00fb daxuyaniy\u00ean \u00e7apameniy\u00ea","Hilbijartina Ed\u00eetor\u00ea"],"inLanguage":"kmr","potentialAction":[{"@type":"CommentAction","name":"Comment","target":["https:\/\/stj-sy.org\/kmr\/23-rexistinen-sivil-mafnasi-u-yen-jinan-nameyeke-bo-reveberiya-xweser-li-bakur-u-rojhilate-suriyaye-u-hezen-suriya-demokrat-disinin\/#respond"]}]},{"@type":"WebPage","@id":"https:\/\/stj-sy.org\/kmr\/23-rexistinen-sivil-mafnasi-u-yen-jinan-nameyeke-bo-reveberiya-xweser-li-bakur-u-rojhilate-suriyaye-u-hezen-suriya-demokrat-disinin\/","url":"https:\/\/stj-sy.org\/kmr\/23-rexistinen-sivil-mafnasi-u-yen-jinan-nameyeke-bo-reveberiya-xweser-li-bakur-u-rojhilate-suriyaye-u-hezen-suriya-demokrat-disinin\/","name":"23 R\u00eaxistin\u00ean siv\u00eel, mafnas\u00ee, \u00fb y\u00ean jinan, nameyek\u00ea bo R\u00eaveberiya Xweser li Bakur \u00fb Rojhilat\u00ea S\u00fbriyay\u00ea \u00fb H\u00eaz\u00ean S\u00fbriya Demokrat di\u015f\u00eenin - \u0633\u0648\u0631\u064a\u0648\u0646 \u0645\u0646 \u0623\u062c\u0644 \u0627\u0644\u062d\u0642\u064a\u0642\u0629 \u0648\u0627\u0644\u0639\u062f\u0627\u0644\u0629","isPartOf":{"@id":"https:\/\/stj-sy.org\/kmr\/#website"},"primaryImageOfPage":{"@id":"https:\/\/stj-sy.org\/kmr\/23-rexistinen-sivil-mafnasi-u-yen-jinan-nameyeke-bo-reveberiya-xweser-li-bakur-u-rojhilate-suriyaye-u-hezen-suriya-demokrat-disinin\/#primaryimage"},"image":{"@id":"https:\/\/stj-sy.org\/kmr\/23-rexistinen-sivil-mafnasi-u-yen-jinan-nameyeke-bo-reveberiya-xweser-li-bakur-u-rojhilate-suriyaye-u-hezen-suriya-demokrat-disinin\/#primaryimage"},"thumbnailUrl":"https:\/\/stj-sy.org\/wp-content\/uploads\/2022\/05\/\u0631\u0633\u0627\u0644\u0629-\u0625\u0644\u0649-\u0627\u0644\u0625\u062f\u0627\u0631\u0629-\u0627\u0644\u0630\u0627\u062a\u064a\u0629.png","datePublished":"2022-05-23T05:33:52+00:00","dateModified":"2022-05-23T15:49:27+00:00","breadcrumb":{"@id":"https:\/\/stj-sy.org\/kmr\/23-rexistinen-sivil-mafnasi-u-yen-jinan-nameyeke-bo-reveberiya-xweser-li-bakur-u-rojhilate-suriyaye-u-hezen-suriya-demokrat-disinin\/#breadcrumb"},"inLanguage":"kmr","potentialAction":[{"@type":"ReadAction","target":["https:\/\/stj-sy.org\/kmr\/23-rexistinen-sivil-mafnasi-u-yen-jinan-nameyeke-bo-reveberiya-xweser-li-bakur-u-rojhilate-suriyaye-u-hezen-suriya-demokrat-disinin\/"]}]},{"@type":"ImageObject","inLanguage":"kmr","@id":"https:\/\/stj-sy.org\/kmr\/23-rexistinen-sivil-mafnasi-u-yen-jinan-nameyeke-bo-reveberiya-xweser-li-bakur-u-rojhilate-suriyaye-u-hezen-suriya-demokrat-disinin\/#primaryimage","url":"https:\/\/stj-sy.org\/wp-content\/uploads\/2022\/05\/\u0631\u0633\u0627\u0644\u0629-\u0625\u0644\u0649-\u0627\u0644\u0625\u062f\u0627\u0631\u0629-\u0627\u0644\u0630\u0627\u062a\u064a\u0629.png","contentUrl":"https:\/\/stj-sy.org\/wp-content\/uploads\/2022\/05\/\u0631\u0633\u0627\u0644\u0629-\u0625\u0644\u0649-\u0627\u0644\u0625\u062f\u0627\u0631\u0629-\u0627\u0644\u0630\u0627\u062a\u064a\u0629.png","width":850,"height":450},{"@type":"BreadcrumbList","@id":"https:\/\/stj-sy.org\/kmr\/23-rexistinen-sivil-mafnasi-u-yen-jinan-nameyeke-bo-reveberiya-xweser-li-bakur-u-rojhilate-suriyaye-u-hezen-suriya-demokrat-disinin\/#breadcrumb","itemListElement":[{"@type":"ListItem","position":1,"name":"\u0627\u0644\u0631\u0626\u064a\u0633\u064a\u0629","item":"https:\/\/stj-sy.org\/kmr\/"},{"@type":"ListItem","position":2,"name":"23 R\u00eaxistin\u00ean siv\u00eel, mafnas\u00ee, \u00fb y\u00ean jinan, nameyek\u00ea bo R\u00eaveberiya Xweser li Bakur \u00fb Rojhilat\u00ea S\u00fbriyay\u00ea \u00fb H\u00eaz\u00ean S\u00fbriya Demokrat di\u015f\u00eenin"}]},{"@type":"WebSite","@id":"https:\/\/stj-sy.org\/kmr\/#website","url":"https:\/\/stj-sy.org\/kmr\/","name":"\u0633\u0648\u0631\u064a\u0648\u0646 \u0645\u0646 \u0623\u062c\u0644 \u0627\u0644\u062d\u0642\u064a\u0642\u0629 \u0648\u0627\u0644\u0639\u062f\u0627\u0644\u0629","description":"\u0645\u0648\u0642\u0639 \u0648\u0648\u0631\u062f\u0628\u0631\u064a\u0633 \u0639\u0631\u0628\u064a \u0622\u062e\u0631","publisher":{"@id":"https:\/\/stj-sy.org\/kmr\/#organization"},"potentialAction":[{"@type":"SearchAction","target":{"@type":"EntryPoint","urlTemplate":"https:\/\/stj-sy.org\/kmr\/?s={search_term_string}"},"query-input":{"@type":"PropertyValueSpecification","valueRequired":true,"valueName":"search_term_string"}}],"inLanguage":"kmr"},{"@type":"Organization","@id":"https:\/\/stj-sy.org\/kmr\/#organization","name":"Syrians for Truth and Justice","url":"https:\/\/stj-sy.org\/kmr\/","logo":{"@type":"ImageObject","inLanguage":"kmr","@id":"https:\/\/stj-sy.org\/kmr\/#\/schema\/logo\/image\/","url":"https:\/\/stj-sy.org\/wp-content\/uploads\/2019\/05\/logo.png","contentUrl":"https:\/\/stj-sy.org\/wp-content\/uploads\/2019\/05\/logo.png","width":231,"height":70,"caption":"Syrians for Truth and Justice"},"image":{"@id":"https:\/\/stj-sy.org\/kmr\/#\/schema\/logo\/image\/"},"sameAs":["https:\/\/www.facebook.com\/SyriaSTJ\/","https:\/\/x.com\/STJ_SYRIA_ENG","https:\/\/www.instagram.com\/syrians_for_truth_and_justice\/","https:\/\/www.linkedin.com\/in\/syrians-for-truth-and-justice-8a0119172\/"]},{"@type":"Person","@id":"https:\/\/stj-sy.org\/kmr\/#\/schema\/person\/a2fd33978dc6e37e9c970d3003be6114","name":"communication","image":{"@type":"ImageObject","inLanguage":"kmr","@id":"https:\/\/stj-sy.org\/kmr\/#\/schema\/person\/image\/","url":"https:\/\/secure.gravatar.com\/avatar\/3286489a5c58069211660a59084c2d74cb161ba3ae3d7373192e1fb81dad274f?s=96&d=mm&r=g","contentUrl":"https:\/\/secure.gravatar.com\/avatar\/3286489a5c58069211660a59084c2d74cb161ba3ae3d7373192e1fb81dad274f?s=96&d=mm&r=g","caption":"communication"}}]}},"_links":{"self":[{"href":"https:\/\/stj-sy.org\/kmr\/wp-json\/wp\/v2\/posts\/17102","targetHints":{"allow":["GET"]}}],"collection":[{"href":"https:\/\/stj-sy.org\/kmr\/wp-json\/wp\/v2\/posts"}],"about":[{"href":"https:\/\/stj-sy.org\/kmr\/wp-json\/wp\/v2\/types\/post"}],"author":[{"embeddable":true,"href":"https:\/\/stj-sy.org\/kmr\/wp-json\/wp\/v2\/users\/12"}],"replies":[{"embeddable":true,"href":"https:\/\/stj-sy.org\/kmr\/wp-json\/wp\/v2\/comments?post=17102"}],"version-history":[{"count":3,"href":"https:\/\/stj-sy.org\/kmr\/wp-json\/wp\/v2\/posts\/17102\/revisions"}],"predecessor-version":[{"id":17169,"href":"https:\/\/stj-sy.org\/kmr\/wp-json\/wp\/v2\/posts\/17102\/revisions\/17169"}],"wp:featuredmedia":[{"embeddable":true,"href":"https:\/\/stj-sy.org\/kmr\/wp-json\/wp\/v2\/media\/17155"}],"wp:attachment":[{"href":"https:\/\/stj-sy.org\/kmr\/wp-json\/wp\/v2\/media?parent=17102"}],"wp:term":[{"taxonomy":"category","embeddable":true,"href":"https:\/\/stj-sy.org\/kmr\/wp-json\/wp\/v2\/categories?post=17102"},{"taxonomy":"post_tag","embeddable":true,"href":"https:\/\/stj-sy.org\/kmr\/wp-json\/wp\/v2\/tags?post=17102"}],"curies":[{"name":"wp","href":"https:\/\/api.w.org\/{rel}","templated":true}]}}