{"id":29995,"date":"2026-02-27T02:56:39","date_gmt":"2026-02-26T23:56:39","guid":{"rendered":"https:\/\/stj-sy.org\/?p=29995"},"modified":"2026-02-27T02:56:39","modified_gmt":"2026-02-26T23:56:39","slug":"les-organisations-de-la-societe-civile-syrienne-exhortent-au-renouvellement-du-mandat-de-la-commission-denquete-internationale-sur-la-republique-arabe-syrienne-au-titre-du-point-4","status":"publish","type":"post","link":"https:\/\/stj-sy.org\/fr\/les-organisations-de-la-societe-civile-syrienne-exhortent-au-renouvellement-du-mandat-de-la-commission-denquete-internationale-sur-la-republique-arabe-syrienne-au-titre-du-point-4\/","title":{"rendered":"Les organisations de la soci\u00e9t\u00e9 civile syrienne exhortent au renouvellement du mandat de la Commission d\u2019enqu\u00eate internationale sur la R\u00e9publique arabe syrienne au titre du point 4"},"content":{"rendered":"<p style=\"text-align: justify;\"><strong>Les organisations de la soci\u00e9t\u00e9 civile syrienne signataires ci-dessous exhortent les \u00c9tats membres, \u00e0 l\u2019approche de la soixante-et-uni\u00e8me session du Conseil des droits de l\u2019homme, \u00e0 renouveler int\u00e9gralement le mandat de la Commission d\u2019enqu\u00eate internationale sur la R\u00e9publique arabe syrienne au titre du point 4 de l\u2019ordre du jour du Conseil.<\/strong><\/p>\n<p style=\"text-align: justify;\">Bien que la chute du r\u00e9gime Assad ait modifi\u00e9 le contexte politique, <strong>le r\u00f4le de la Commission d\u2019enqu\u00eate internationale est aujourd\u2019hui plus important que jamais. \u00c0 ce stade charni\u00e8re, ses constatations et ses recommandations peuvent contribuer de mani\u00e8re concr\u00e8te \u00e0 la r\u00e9alisation d\u2019une v\u00e9ritable reddition de comptes et \u00e0 la r\u00e9forme institutionnelle<\/strong>. Depuis plus d\u2019une d\u00e9cennie, la Commission a \u00e9tabli le registre le plus fiable et le plus cr\u00e9dible des violations du droit international des droits de l\u2019homme et du droit international humanitaire commises en Syrie. Son approche professionnelle et impartiale constitue \u00e9galement une r\u00e9f\u00e9rence essentielle permettant d\u2019\u00e9valuer les processus nationaux de responsabilit\u00e9. Les m\u00e9canismes internationaux ind\u00e9pendants de responsabilisation ne portent pas atteinte aux institutions nationales; au contraire, ils contribuent \u00e0 renforcer leur cr\u00e9dibilit\u00e9 en consacrant l\u2019adh\u00e9sion aux normes internationales.<\/p>\n<p style=\"text-align: justify;\">Malgr\u00e9 la chute du r\u00e9gime Assad et les mesures prises par le gouvernement syrien de transition, la situation des droits de l\u2019homme en Syrie continue de satisfaire au seuil d\u2019inscription au titre du point 4. <strong>En 2025, de graves violations se sont poursuivies, notamment les massacres dans les r\u00e9gions du <\/strong><strong>littoral<\/strong><strong> syrien et de Soue\u00efda, ainsi que les enl\u00e8vements de femmes, la d\u00e9tention arbitraire, les disparitions forc\u00e9es et d\u2019autres violations commises par diverses parties. La r\u00e9p\u00e9tition de ces violations au d\u00e9but de l\u2019ann\u00e9e 2026 d\u00e9montre que la gravit\u00e9 et l\u2019ampleur des violations demeurent profond\u00e9ment pr\u00e9occupantes.<\/strong><\/p>\n<p style=\"text-align: justify;\">Les mesures prises par le gouvernement de transition \u00e0 cet \u00e9gard continuent de ne pas inspirer confiance aux communaut\u00e9s touch\u00e9es et n\u2019atteignent pas encore les normes internationales relatives \u00e0 l\u2019ind\u00e9pendance, \u00e0 l\u2019impartialit\u00e9, \u00e0 la transparence et \u00e0 la garantie d\u2019un acc\u00e8s effectif \u00e0 des voies de recours pour les victimes. Cela r\u00e9affirme l\u2019importance de renouveler pleinement le mandat de la Commission au titre du point 4, afin de garantir la cr\u00e9dibilit\u00e9 du processus de justice, de renforcer la confiance \u00e0 son \u00e9gard et de d\u00e9montrer la volont\u00e9 du gouvernement de transition d\u2019instaurer des relations de confiance avec les communaut\u00e9s affect\u00e9es.<\/p>\n<p style=\"text-align: justify;\">En outre, des questions fondamentales subsistent quant au caract\u00e8re inclusif de la phase de transition en Syrie et au degr\u00e9 de son engagement en faveur de l\u2019\u00c9tat de droit ainsi que des droits politiques et civils. D\u00e8s lors, la poursuite de l\u2019engagement international par l\u2019interm\u00e9diaire d\u2019une Commission forte, ind\u00e9pendante et dot\u00e9e de ressources suffisantes demeure essentielle pour soutenir la Syrie vers une transition inclusive pleinement conforme aux normes internationales relatives aux droits de l\u2019homme.<\/p>\n<p style=\"text-align: justify;\">Le retrait de la Syrie du point 4 ou toute modification de son mandat fondamental, de son champ d\u2019action ou de ses pr\u00e9rogatives serait pr\u00e9matur\u00e9 et ne refl\u00e9terait pas la r\u00e9alit\u00e9 sur le terrain, en particulier en ce qui concerne l\u2019absence d\u2019acc\u00e8s des victimes \u00e0 la justice. De telles modifications ne devraient pas r\u00e9sulter de d\u00e9cisions politiques unilat\u00e9rales et soudaines prises peu avant la tenue d\u2019une session du Conseil, mais devraient reposer sur un dialogue durable avec la Commission d\u2019enqu\u00eate internationale, les organisations de la soci\u00e9t\u00e9 civile syrienne, les communaut\u00e9s touch\u00e9es et les associations de victimes. Tout processus de sortie devrait \u00e9galement se fonder sur des crit\u00e8res objectifs li\u00e9s \u00e0 la situation des droits de l\u2019homme et sur une am\u00e9lioration tangible et des progr\u00e8s v\u00e9rifi\u00e9s de mani\u00e8re ind\u00e9pendante en mati\u00e8re de responsabilit\u00e9 et de r\u00e9forme institutionnelle.<\/p>\n<p style=\"text-align: justify;\">Toute modification du mandat de la Commission ou du point inscrit \u00e0 l\u2019ordre du jour porterait atteinte \u00e0 la responsabilisation, marginaliserait les victimes et mettrait en p\u00e9ril les perspectives de construction d\u2019une Syrie future fond\u00e9e sur la justice, l\u2019\u00e9galit\u00e9 devant la loi et le respect des droits de l\u2019homme.<\/p>\n<p style=\"text-align: justify;\">\n<h4 style=\"text-align: justify;\">Organisations signataires:<\/h4>\n<ol style=\"text-align: justify;\">\n<li>ADAD<\/li>\n<li>Access Center for Human Rights (ACHR)<\/li>\n<li>Action for Sama<\/li>\n<li>Amal Healing and Advocacy Center<\/li>\n<li>ASO Center for Consultancy and Strategic Study<\/li>\n<li>Badael<\/li>\n<li>Baladna Organization<\/li>\n<li>Baytna<\/li>\n<li>Bidayetna<\/li>\n<li>Caesar Families Association<\/li>\n<li>Center for Civil Society and Democracy<\/li>\n<li>Civil Center<\/li>\n<li>Civil Society Empowerment Unit (CSE Unit)<\/li>\n<li>Dar Justice<\/li>\n<li>Dawlaty<\/li>\n<li>Equal Citizenship Center (ECC)<\/li>\n<li>Families for Freedom<\/li>\n<li>Families of Truth and Justice<\/li>\n<li>Free Syrian Lawyers Association<\/li>\n<li>ForFeminist Organization<\/li>\n<li>Hevy for Relief and Development<\/li>\n<li>House of Citizenship Organization<\/li>\n<li>Huquqyat<\/li>\n<li>Human Rights Guardians<\/li>\n<li>Humanitarian and Development Cooperation (HDC)<\/li>\n<li>Justice for Life (JFL)<\/li>\n<li>Kurdish Journalists Network<\/li>\n<li>Lelun Association for Victims<\/li>\n<li>Local Development and Small-Projects Support (LDSPS)<\/li>\n<li>Malva Organization for Arts, Culture and Education<\/li>\n<li>Media for Women<\/li>\n<li>Mnemonic \u2013 Syrian Archive<\/li>\n<li>PEACE SHE LEADER NETWORK<\/li>\n<li>P\u00caL \u2013 Civil Waves<\/li>\n<li>Rose for Support and Empowerment<\/li>\n<li>Syrian Center for Media and Freedom of Expression (SCM)<\/li>\n<li>Seen for Civil Peace<\/li>\n<li>Synergy Association for Victims<\/li>\n<li>Syrian Feminist Lobby<\/li>\n<li>Syrian Legal Development Programme (SLDP)<\/li>\n<li>Syrians for Truth and Justice (STJ)<\/li>\n<li>Ta\u2019afi Initiative<\/li>\n<li>The Day After<\/li>\n<li>The Syria Campaign<\/li>\n<li>Transformative Pathways<\/li>\n<li>Truth Guardians Foundation<\/li>\n<li>Women Now for Development<\/li>\n<li>Women Now for Development Lebanon<\/li>\n<li>Women of Tomorrow<\/li>\n<\/ol>\n<p style=\"text-align: justify;\">\n","protected":false},"excerpt":{"rendered":"<p>Les organisations de la soci\u00e9t\u00e9 civile syrienne signataires ci-dessous exhortent les \u00c9tats membres, \u00e0 l\u2019approche de la soixante-et-uni\u00e8me session du Conseil des droits de l\u2019homme, \u00e0 renouveler int\u00e9gralement le mandat&hellip;<\/p>\n","protected":false},"author":15,"featured_media":29994,"comment_status":"open","ping_status":"open","sticky":false,"template":"","format":"link","meta":{"_lmt_disableupdate":"","_lmt_disable":"","footnotes":""},"categories":[641],"tags":[1403,1009],"class_list":["post-29995","post","type-post","status-publish","format-link","has-post-thumbnail","hentry","category-communiques-de-presse-et-declarations","tag-conseil-des-droits-de-lhomme","tag-droits-de-lhomme","post_format-post-format-link"],"yoast_head":"<!-- This site is optimized with the Yoast SEO plugin v26.8 - https:\/\/yoast.com\/product\/yoast-seo-wordpress\/ -->\n<title>Les organisations de la soci\u00e9t\u00e9 civile syrienne exhortent au renouvellement du mandat de la Commission d\u2019enqu\u00eate internationale sur la R\u00e9publique arabe syrienne au titre du point 4 - \u0633\u0648\u0631\u064a\u0648\u0646 \u0645\u0646 \u0623\u062c\u0644 \u0627\u0644\u062d\u0642\u064a\u0642\u0629 \u0648\u0627\u0644\u0639\u062f\u0627\u0644\u0629<\/title>\n<meta name=\"robots\" content=\"index, follow, max-snippet:-1, max-image-preview:large, max-video-preview:-1\" \/>\n<link rel=\"canonical\" href=\"https:\/\/stj-sy.org\/fr\/les-organisations-de-la-societe-civile-syrienne-exhortent-au-renouvellement-du-mandat-de-la-commission-denquete-internationale-sur-la-republique-arabe-syrienne-au-titre-du-point-4\/\" \/>\n<meta property=\"og:locale\" content=\"fr_FR\" \/>\n<meta property=\"og:type\" content=\"article\" \/>\n<meta property=\"og:title\" content=\"Les organisations de la soci\u00e9t\u00e9 civile syrienne exhortent au renouvellement du mandat de la Commission d\u2019enqu\u00eate internationale sur la R\u00e9publique arabe syrienne au titre du point 4 - \u0633\u0648\u0631\u064a\u0648\u0646 \u0645\u0646 \u0623\u062c\u0644 \u0627\u0644\u062d\u0642\u064a\u0642\u0629 \u0648\u0627\u0644\u0639\u062f\u0627\u0644\u0629\" \/>\n<meta property=\"og:description\" content=\"Les organisations de la soci\u00e9t\u00e9 civile syrienne signataires ci-dessous exhortent les \u00c9tats membres, \u00e0 l\u2019approche de la soixante-et-uni\u00e8me session du Conseil des droits de l\u2019homme, \u00e0 renouveler int\u00e9gralement le mandat&hellip;\" \/>\n<meta property=\"og:url\" content=\"https:\/\/stj-sy.org\/fr\/les-organisations-de-la-societe-civile-syrienne-exhortent-au-renouvellement-du-mandat-de-la-commission-denquete-internationale-sur-la-republique-arabe-syrienne-au-titre-du-point-4\/\" \/>\n<meta property=\"og:site_name\" content=\"\u0633\u0648\u0631\u064a\u0648\u0646 \u0645\u0646 \u0623\u062c\u0644 \u0627\u0644\u062d\u0642\u064a\u0642\u0629 \u0648\u0627\u0644\u0639\u062f\u0627\u0644\u0629\" \/>\n<meta property=\"article:publisher\" content=\"https:\/\/www.facebook.com\/SyriaSTJ\/\" \/>\n<meta property=\"article:published_time\" content=\"2026-02-26T23:56:39+00:00\" \/>\n<meta property=\"og:image\" content=\"https:\/\/stj-sy.org\/wp-content\/uploads\/2026\/02\/Syrian-CSOs-Urge-Renewal-of-Core-Mandate-of-Commission-of-Inquiry-on-Syrian-Arab-Republic-Und1.jpg\" \/>\n\t<meta property=\"og:image:width\" content=\"850\" \/>\n\t<meta property=\"og:image:height\" content=\"450\" \/>\n\t<meta property=\"og:image:type\" content=\"image\/jpeg\" \/>\n<meta name=\"twitter:card\" content=\"summary_large_image\" \/>\n<meta name=\"twitter:creator\" content=\"@STJ_SYRIA_ENG\" \/>\n<meta name=\"twitter:site\" content=\"@STJ_SYRIA_ENG\" \/>\n<meta name=\"twitter:label1\" content=\"\u00c9crit par\" \/>\n\t<meta name=\"twitter:data1\" content=\"Author F\" \/>\n\t<meta name=\"twitter:label2\" content=\"Dur\u00e9e de lecture estim\u00e9e\" \/>\n\t<meta name=\"twitter:data2\" content=\"4 minutes\" \/>\n<script type=\"application\/ld+json\" class=\"yoast-schema-graph\">{\"@context\":\"https:\/\/schema.org\",\"@graph\":[{\"@type\":\"Article\",\"@id\":\"https:\/\/stj-sy.org\/fr\/les-organisations-de-la-societe-civile-syrienne-exhortent-au-renouvellement-du-mandat-de-la-commission-denquete-internationale-sur-la-republique-arabe-syrienne-au-titre-du-point-4\/#article\",\"isPartOf\":{\"@id\":\"https:\/\/stj-sy.org\/fr\/les-organisations-de-la-societe-civile-syrienne-exhortent-au-renouvellement-du-mandat-de-la-commission-denquete-internationale-sur-la-republique-arabe-syrienne-au-titre-du-point-4\/\"},\"author\":{\"name\":\"Author F\",\"@id\":\"https:\/\/stj-sy.org\/fr\/#\/schema\/person\/7b4a12abc44af9ac4d13678a3a0667ec\"},\"headline\":\"Les organisations de la soci\u00e9t\u00e9 civile syrienne exhortent au renouvellement du mandat de la Commission d\u2019enqu\u00eate internationale sur la R\u00e9publique arabe syrienne au titre du point 4\",\"datePublished\":\"2026-02-26T23:56:39+00:00\",\"mainEntityOfPage\":{\"@id\":\"https:\/\/stj-sy.org\/fr\/les-organisations-de-la-societe-civile-syrienne-exhortent-au-renouvellement-du-mandat-de-la-commission-denquete-internationale-sur-la-republique-arabe-syrienne-au-titre-du-point-4\/\"},\"wordCount\":937,\"commentCount\":0,\"publisher\":{\"@id\":\"https:\/\/stj-sy.org\/fr\/#organization\"},\"image\":{\"@id\":\"https:\/\/stj-sy.org\/fr\/les-organisations-de-la-societe-civile-syrienne-exhortent-au-renouvellement-du-mandat-de-la-commission-denquete-internationale-sur-la-republique-arabe-syrienne-au-titre-du-point-4\/#primaryimage\"},\"thumbnailUrl\":\"https:\/\/stj-sy.org\/wp-content\/uploads\/2026\/02\/Syrian-CSOs-Urge-Renewal-of-Core-Mandate-of-Commission-of-Inquiry-on-Syrian-Arab-Republic-Und1.jpg\",\"keywords\":[\"Conseil des droits de l'homme\",\"Droits de l'homme\"],\"articleSection\":[\"Communiqu\u00e9s de presse et d\u00e9clarations\"],\"inLanguage\":\"fr-FR\",\"potentialAction\":[{\"@type\":\"CommentAction\",\"name\":\"Comment\",\"target\":[\"https:\/\/stj-sy.org\/fr\/les-organisations-de-la-societe-civile-syrienne-exhortent-au-renouvellement-du-mandat-de-la-commission-denquete-internationale-sur-la-republique-arabe-syrienne-au-titre-du-point-4\/#respond\"]}]},{\"@type\":\"WebPage\",\"@id\":\"https:\/\/stj-sy.org\/fr\/les-organisations-de-la-societe-civile-syrienne-exhortent-au-renouvellement-du-mandat-de-la-commission-denquete-internationale-sur-la-republique-arabe-syrienne-au-titre-du-point-4\/\",\"url\":\"https:\/\/stj-sy.org\/fr\/les-organisations-de-la-societe-civile-syrienne-exhortent-au-renouvellement-du-mandat-de-la-commission-denquete-internationale-sur-la-republique-arabe-syrienne-au-titre-du-point-4\/\",\"name\":\"Les organisations de la soci\u00e9t\u00e9 civile syrienne exhortent au renouvellement du mandat de la Commission d\u2019enqu\u00eate internationale sur la R\u00e9publique arabe syrienne au titre du point 4 - \u0633\u0648\u0631\u064a\u0648\u0646 \u0645\u0646 \u0623\u062c\u0644 \u0627\u0644\u062d\u0642\u064a\u0642\u0629 \u0648\u0627\u0644\u0639\u062f\u0627\u0644\u0629\",\"isPartOf\":{\"@id\":\"https:\/\/stj-sy.org\/fr\/#website\"},\"primaryImageOfPage\":{\"@id\":\"https:\/\/stj-sy.org\/fr\/les-organisations-de-la-societe-civile-syrienne-exhortent-au-renouvellement-du-mandat-de-la-commission-denquete-internationale-sur-la-republique-arabe-syrienne-au-titre-du-point-4\/#primaryimage\"},\"image\":{\"@id\":\"https:\/\/stj-sy.org\/fr\/les-organisations-de-la-societe-civile-syrienne-exhortent-au-renouvellement-du-mandat-de-la-commission-denquete-internationale-sur-la-republique-arabe-syrienne-au-titre-du-point-4\/#primaryimage\"},\"thumbnailUrl\":\"https:\/\/stj-sy.org\/wp-content\/uploads\/2026\/02\/Syrian-CSOs-Urge-Renewal-of-Core-Mandate-of-Commission-of-Inquiry-on-Syrian-Arab-Republic-Und1.jpg\",\"datePublished\":\"2026-02-26T23:56:39+00:00\",\"breadcrumb\":{\"@id\":\"https:\/\/stj-sy.org\/fr\/les-organisations-de-la-societe-civile-syrienne-exhortent-au-renouvellement-du-mandat-de-la-commission-denquete-internationale-sur-la-republique-arabe-syrienne-au-titre-du-point-4\/#breadcrumb\"},\"inLanguage\":\"fr-FR\",\"potentialAction\":[{\"@type\":\"ReadAction\",\"target\":[\"https:\/\/stj-sy.org\/fr\/les-organisations-de-la-societe-civile-syrienne-exhortent-au-renouvellement-du-mandat-de-la-commission-denquete-internationale-sur-la-republique-arabe-syrienne-au-titre-du-point-4\/\"]}]},{\"@type\":\"ImageObject\",\"inLanguage\":\"fr-FR\",\"@id\":\"https:\/\/stj-sy.org\/fr\/les-organisations-de-la-societe-civile-syrienne-exhortent-au-renouvellement-du-mandat-de-la-commission-denquete-internationale-sur-la-republique-arabe-syrienne-au-titre-du-point-4\/#primaryimage\",\"url\":\"https:\/\/stj-sy.org\/wp-content\/uploads\/2026\/02\/Syrian-CSOs-Urge-Renewal-of-Core-Mandate-of-Commission-of-Inquiry-on-Syrian-Arab-Republic-Und1.jpg\",\"contentUrl\":\"https:\/\/stj-sy.org\/wp-content\/uploads\/2026\/02\/Syrian-CSOs-Urge-Renewal-of-Core-Mandate-of-Commission-of-Inquiry-on-Syrian-Arab-Republic-Und1.jpg\",\"width\":850,\"height\":450},{\"@type\":\"BreadcrumbList\",\"@id\":\"https:\/\/stj-sy.org\/fr\/les-organisations-de-la-societe-civile-syrienne-exhortent-au-renouvellement-du-mandat-de-la-commission-denquete-internationale-sur-la-republique-arabe-syrienne-au-titre-du-point-4\/#breadcrumb\",\"itemListElement\":[{\"@type\":\"ListItem\",\"position\":1,\"name\":\"\u0627\u0644\u0631\u0626\u064a\u0633\u064a\u0629\",\"item\":\"https:\/\/stj-sy.org\/fr\/\"},{\"@type\":\"ListItem\",\"position\":2,\"name\":\"Les organisations de la soci\u00e9t\u00e9 civile syrienne exhortent au renouvellement du mandat de la Commission d\u2019enqu\u00eate internationale sur la R\u00e9publique arabe syrienne au titre du point 4\"}]},{\"@type\":\"WebSite\",\"@id\":\"https:\/\/stj-sy.org\/fr\/#website\",\"url\":\"https:\/\/stj-sy.org\/fr\/\",\"name\":\"\u0633\u0648\u0631\u064a\u0648\u0646 \u0645\u0646 \u0623\u062c\u0644 \u0627\u0644\u062d\u0642\u064a\u0642\u0629 \u0648\u0627\u0644\u0639\u062f\u0627\u0644\u0629\",\"description\":\"\u0645\u0648\u0642\u0639 \u0648\u0648\u0631\u062f\u0628\u0631\u064a\u0633 \u0639\u0631\u0628\u064a \u0622\u062e\u0631\",\"publisher\":{\"@id\":\"https:\/\/stj-sy.org\/fr\/#organization\"},\"potentialAction\":[{\"@type\":\"SearchAction\",\"target\":{\"@type\":\"EntryPoint\",\"urlTemplate\":\"https:\/\/stj-sy.org\/fr\/?s={search_term_string}\"},\"query-input\":{\"@type\":\"PropertyValueSpecification\",\"valueRequired\":true,\"valueName\":\"search_term_string\"}}],\"inLanguage\":\"fr-FR\"},{\"@type\":\"Organization\",\"@id\":\"https:\/\/stj-sy.org\/fr\/#organization\",\"name\":\"Syrians for Truth and Justice\",\"url\":\"https:\/\/stj-sy.org\/fr\/\",\"logo\":{\"@type\":\"ImageObject\",\"inLanguage\":\"fr-FR\",\"@id\":\"https:\/\/stj-sy.org\/fr\/#\/schema\/logo\/image\/\",\"url\":\"https:\/\/stj-sy.org\/wp-content\/uploads\/2019\/05\/logo.png\",\"contentUrl\":\"https:\/\/stj-sy.org\/wp-content\/uploads\/2019\/05\/logo.png\",\"width\":231,\"height\":70,\"caption\":\"Syrians for Truth and Justice\"},\"image\":{\"@id\":\"https:\/\/stj-sy.org\/fr\/#\/schema\/logo\/image\/\"},\"sameAs\":[\"https:\/\/www.facebook.com\/SyriaSTJ\/\",\"https:\/\/x.com\/STJ_SYRIA_ENG\",\"https:\/\/www.instagram.com\/syrians_for_truth_and_justice\/\",\"https:\/\/www.linkedin.com\/in\/syrians-for-truth-and-justice-8a0119172\/\"]},{\"@type\":\"Person\",\"@id\":\"https:\/\/stj-sy.org\/fr\/#\/schema\/person\/7b4a12abc44af9ac4d13678a3a0667ec\",\"name\":\"Author F\",\"image\":{\"@type\":\"ImageObject\",\"inLanguage\":\"fr-FR\",\"@id\":\"https:\/\/stj-sy.org\/fr\/#\/schema\/person\/image\/\",\"url\":\"https:\/\/secure.gravatar.com\/avatar\/cfaa4306024b40cdc95016b39fb23a4cf59e20937eb620c84be496e82d20d4e5?s=96&d=mm&r=g\",\"contentUrl\":\"https:\/\/secure.gravatar.com\/avatar\/cfaa4306024b40cdc95016b39fb23a4cf59e20937eb620c84be496e82d20d4e5?s=96&d=mm&r=g\",\"caption\":\"Author F\"}}]}<\/script>\n<!-- \/ Yoast SEO plugin. -->","yoast_head_json":{"title":"Les organisations de la soci\u00e9t\u00e9 civile syrienne exhortent au renouvellement du mandat de la Commission d\u2019enqu\u00eate internationale sur la R\u00e9publique arabe syrienne au titre du point 4 - \u0633\u0648\u0631\u064a\u0648\u0646 \u0645\u0646 \u0623\u062c\u0644 \u0627\u0644\u062d\u0642\u064a\u0642\u0629 \u0648\u0627\u0644\u0639\u062f\u0627\u0644\u0629","robots":{"index":"index","follow":"follow","max-snippet":"max-snippet:-1","max-image-preview":"max-image-preview:large","max-video-preview":"max-video-preview:-1"},"canonical":"https:\/\/stj-sy.org\/fr\/les-organisations-de-la-societe-civile-syrienne-exhortent-au-renouvellement-du-mandat-de-la-commission-denquete-internationale-sur-la-republique-arabe-syrienne-au-titre-du-point-4\/","og_locale":"fr_FR","og_type":"article","og_title":"Les organisations de la soci\u00e9t\u00e9 civile syrienne exhortent au renouvellement du mandat de la Commission d\u2019enqu\u00eate internationale sur la R\u00e9publique arabe syrienne au titre du point 4 - \u0633\u0648\u0631\u064a\u0648\u0646 \u0645\u0646 \u0623\u062c\u0644 \u0627\u0644\u062d\u0642\u064a\u0642\u0629 \u0648\u0627\u0644\u0639\u062f\u0627\u0644\u0629","og_description":"Les organisations de la soci\u00e9t\u00e9 civile syrienne signataires ci-dessous exhortent les \u00c9tats membres, \u00e0 l\u2019approche de la soixante-et-uni\u00e8me session du Conseil des droits de l\u2019homme, \u00e0 renouveler int\u00e9gralement le mandat&hellip;","og_url":"https:\/\/stj-sy.org\/fr\/les-organisations-de-la-societe-civile-syrienne-exhortent-au-renouvellement-du-mandat-de-la-commission-denquete-internationale-sur-la-republique-arabe-syrienne-au-titre-du-point-4\/","og_site_name":"\u0633\u0648\u0631\u064a\u0648\u0646 \u0645\u0646 \u0623\u062c\u0644 \u0627\u0644\u062d\u0642\u064a\u0642\u0629 \u0648\u0627\u0644\u0639\u062f\u0627\u0644\u0629","article_publisher":"https:\/\/www.facebook.com\/SyriaSTJ\/","article_published_time":"2026-02-26T23:56:39+00:00","og_image":[{"width":850,"height":450,"url":"https:\/\/stj-sy.org\/wp-content\/uploads\/2026\/02\/Syrian-CSOs-Urge-Renewal-of-Core-Mandate-of-Commission-of-Inquiry-on-Syrian-Arab-Republic-Und1.jpg","type":"image\/jpeg"}],"twitter_card":"summary_large_image","twitter_creator":"@STJ_SYRIA_ENG","twitter_site":"@STJ_SYRIA_ENG","twitter_misc":{"\u00c9crit par":"Author F","Dur\u00e9e de lecture estim\u00e9e":"4 minutes"},"schema":{"@context":"https:\/\/schema.org","@graph":[{"@type":"Article","@id":"https:\/\/stj-sy.org\/fr\/les-organisations-de-la-societe-civile-syrienne-exhortent-au-renouvellement-du-mandat-de-la-commission-denquete-internationale-sur-la-republique-arabe-syrienne-au-titre-du-point-4\/#article","isPartOf":{"@id":"https:\/\/stj-sy.org\/fr\/les-organisations-de-la-societe-civile-syrienne-exhortent-au-renouvellement-du-mandat-de-la-commission-denquete-internationale-sur-la-republique-arabe-syrienne-au-titre-du-point-4\/"},"author":{"name":"Author F","@id":"https:\/\/stj-sy.org\/fr\/#\/schema\/person\/7b4a12abc44af9ac4d13678a3a0667ec"},"headline":"Les organisations de la soci\u00e9t\u00e9 civile syrienne exhortent au renouvellement du mandat de la Commission d\u2019enqu\u00eate internationale sur la R\u00e9publique arabe syrienne au titre du point 4","datePublished":"2026-02-26T23:56:39+00:00","mainEntityOfPage":{"@id":"https:\/\/stj-sy.org\/fr\/les-organisations-de-la-societe-civile-syrienne-exhortent-au-renouvellement-du-mandat-de-la-commission-denquete-internationale-sur-la-republique-arabe-syrienne-au-titre-du-point-4\/"},"wordCount":937,"commentCount":0,"publisher":{"@id":"https:\/\/stj-sy.org\/fr\/#organization"},"image":{"@id":"https:\/\/stj-sy.org\/fr\/les-organisations-de-la-societe-civile-syrienne-exhortent-au-renouvellement-du-mandat-de-la-commission-denquete-internationale-sur-la-republique-arabe-syrienne-au-titre-du-point-4\/#primaryimage"},"thumbnailUrl":"https:\/\/stj-sy.org\/wp-content\/uploads\/2026\/02\/Syrian-CSOs-Urge-Renewal-of-Core-Mandate-of-Commission-of-Inquiry-on-Syrian-Arab-Republic-Und1.jpg","keywords":["Conseil des droits de l'homme","Droits de l'homme"],"articleSection":["Communiqu\u00e9s de presse et d\u00e9clarations"],"inLanguage":"fr-FR","potentialAction":[{"@type":"CommentAction","name":"Comment","target":["https:\/\/stj-sy.org\/fr\/les-organisations-de-la-societe-civile-syrienne-exhortent-au-renouvellement-du-mandat-de-la-commission-denquete-internationale-sur-la-republique-arabe-syrienne-au-titre-du-point-4\/#respond"]}]},{"@type":"WebPage","@id":"https:\/\/stj-sy.org\/fr\/les-organisations-de-la-societe-civile-syrienne-exhortent-au-renouvellement-du-mandat-de-la-commission-denquete-internationale-sur-la-republique-arabe-syrienne-au-titre-du-point-4\/","url":"https:\/\/stj-sy.org\/fr\/les-organisations-de-la-societe-civile-syrienne-exhortent-au-renouvellement-du-mandat-de-la-commission-denquete-internationale-sur-la-republique-arabe-syrienne-au-titre-du-point-4\/","name":"Les organisations de la soci\u00e9t\u00e9 civile syrienne exhortent au renouvellement du mandat de la Commission d\u2019enqu\u00eate internationale sur la R\u00e9publique arabe syrienne au titre du point 4 - \u0633\u0648\u0631\u064a\u0648\u0646 \u0645\u0646 \u0623\u062c\u0644 \u0627\u0644\u062d\u0642\u064a\u0642\u0629 \u0648\u0627\u0644\u0639\u062f\u0627\u0644\u0629","isPartOf":{"@id":"https:\/\/stj-sy.org\/fr\/#website"},"primaryImageOfPage":{"@id":"https:\/\/stj-sy.org\/fr\/les-organisations-de-la-societe-civile-syrienne-exhortent-au-renouvellement-du-mandat-de-la-commission-denquete-internationale-sur-la-republique-arabe-syrienne-au-titre-du-point-4\/#primaryimage"},"image":{"@id":"https:\/\/stj-sy.org\/fr\/les-organisations-de-la-societe-civile-syrienne-exhortent-au-renouvellement-du-mandat-de-la-commission-denquete-internationale-sur-la-republique-arabe-syrienne-au-titre-du-point-4\/#primaryimage"},"thumbnailUrl":"https:\/\/stj-sy.org\/wp-content\/uploads\/2026\/02\/Syrian-CSOs-Urge-Renewal-of-Core-Mandate-of-Commission-of-Inquiry-on-Syrian-Arab-Republic-Und1.jpg","datePublished":"2026-02-26T23:56:39+00:00","breadcrumb":{"@id":"https:\/\/stj-sy.org\/fr\/les-organisations-de-la-societe-civile-syrienne-exhortent-au-renouvellement-du-mandat-de-la-commission-denquete-internationale-sur-la-republique-arabe-syrienne-au-titre-du-point-4\/#breadcrumb"},"inLanguage":"fr-FR","potentialAction":[{"@type":"ReadAction","target":["https:\/\/stj-sy.org\/fr\/les-organisations-de-la-societe-civile-syrienne-exhortent-au-renouvellement-du-mandat-de-la-commission-denquete-internationale-sur-la-republique-arabe-syrienne-au-titre-du-point-4\/"]}]},{"@type":"ImageObject","inLanguage":"fr-FR","@id":"https:\/\/stj-sy.org\/fr\/les-organisations-de-la-societe-civile-syrienne-exhortent-au-renouvellement-du-mandat-de-la-commission-denquete-internationale-sur-la-republique-arabe-syrienne-au-titre-du-point-4\/#primaryimage","url":"https:\/\/stj-sy.org\/wp-content\/uploads\/2026\/02\/Syrian-CSOs-Urge-Renewal-of-Core-Mandate-of-Commission-of-Inquiry-on-Syrian-Arab-Republic-Und1.jpg","contentUrl":"https:\/\/stj-sy.org\/wp-content\/uploads\/2026\/02\/Syrian-CSOs-Urge-Renewal-of-Core-Mandate-of-Commission-of-Inquiry-on-Syrian-Arab-Republic-Und1.jpg","width":850,"height":450},{"@type":"BreadcrumbList","@id":"https:\/\/stj-sy.org\/fr\/les-organisations-de-la-societe-civile-syrienne-exhortent-au-renouvellement-du-mandat-de-la-commission-denquete-internationale-sur-la-republique-arabe-syrienne-au-titre-du-point-4\/#breadcrumb","itemListElement":[{"@type":"ListItem","position":1,"name":"\u0627\u0644\u0631\u0626\u064a\u0633\u064a\u0629","item":"https:\/\/stj-sy.org\/fr\/"},{"@type":"ListItem","position":2,"name":"Les organisations de la soci\u00e9t\u00e9 civile syrienne exhortent au renouvellement du mandat de la Commission d\u2019enqu\u00eate internationale sur la R\u00e9publique arabe syrienne au titre du point 4"}]},{"@type":"WebSite","@id":"https:\/\/stj-sy.org\/fr\/#website","url":"https:\/\/stj-sy.org\/fr\/","name":"\u0633\u0648\u0631\u064a\u0648\u0646 \u0645\u0646 \u0623\u062c\u0644 \u0627\u0644\u062d\u0642\u064a\u0642\u0629 \u0648\u0627\u0644\u0639\u062f\u0627\u0644\u0629","description":"\u0645\u0648\u0642\u0639 \u0648\u0648\u0631\u062f\u0628\u0631\u064a\u0633 \u0639\u0631\u0628\u064a \u0622\u062e\u0631","publisher":{"@id":"https:\/\/stj-sy.org\/fr\/#organization"},"potentialAction":[{"@type":"SearchAction","target":{"@type":"EntryPoint","urlTemplate":"https:\/\/stj-sy.org\/fr\/?s={search_term_string}"},"query-input":{"@type":"PropertyValueSpecification","valueRequired":true,"valueName":"search_term_string"}}],"inLanguage":"fr-FR"},{"@type":"Organization","@id":"https:\/\/stj-sy.org\/fr\/#organization","name":"Syrians for Truth and Justice","url":"https:\/\/stj-sy.org\/fr\/","logo":{"@type":"ImageObject","inLanguage":"fr-FR","@id":"https:\/\/stj-sy.org\/fr\/#\/schema\/logo\/image\/","url":"https:\/\/stj-sy.org\/wp-content\/uploads\/2019\/05\/logo.png","contentUrl":"https:\/\/stj-sy.org\/wp-content\/uploads\/2019\/05\/logo.png","width":231,"height":70,"caption":"Syrians for Truth and Justice"},"image":{"@id":"https:\/\/stj-sy.org\/fr\/#\/schema\/logo\/image\/"},"sameAs":["https:\/\/www.facebook.com\/SyriaSTJ\/","https:\/\/x.com\/STJ_SYRIA_ENG","https:\/\/www.instagram.com\/syrians_for_truth_and_justice\/","https:\/\/www.linkedin.com\/in\/syrians-for-truth-and-justice-8a0119172\/"]},{"@type":"Person","@id":"https:\/\/stj-sy.org\/fr\/#\/schema\/person\/7b4a12abc44af9ac4d13678a3a0667ec","name":"Author F","image":{"@type":"ImageObject","inLanguage":"fr-FR","@id":"https:\/\/stj-sy.org\/fr\/#\/schema\/person\/image\/","url":"https:\/\/secure.gravatar.com\/avatar\/cfaa4306024b40cdc95016b39fb23a4cf59e20937eb620c84be496e82d20d4e5?s=96&d=mm&r=g","contentUrl":"https:\/\/secure.gravatar.com\/avatar\/cfaa4306024b40cdc95016b39fb23a4cf59e20937eb620c84be496e82d20d4e5?s=96&d=mm&r=g","caption":"Author F"}}]}},"_links":{"self":[{"href":"https:\/\/stj-sy.org\/fr\/wp-json\/wp\/v2\/posts\/29995","targetHints":{"allow":["GET"]}}],"collection":[{"href":"https:\/\/stj-sy.org\/fr\/wp-json\/wp\/v2\/posts"}],"about":[{"href":"https:\/\/stj-sy.org\/fr\/wp-json\/wp\/v2\/types\/post"}],"author":[{"embeddable":true,"href":"https:\/\/stj-sy.org\/fr\/wp-json\/wp\/v2\/users\/15"}],"replies":[{"embeddable":true,"href":"https:\/\/stj-sy.org\/fr\/wp-json\/wp\/v2\/comments?post=29995"}],"version-history":[{"count":1,"href":"https:\/\/stj-sy.org\/fr\/wp-json\/wp\/v2\/posts\/29995\/revisions"}],"predecessor-version":[{"id":29998,"href":"https:\/\/stj-sy.org\/fr\/wp-json\/wp\/v2\/posts\/29995\/revisions\/29998"}],"wp:featuredmedia":[{"embeddable":true,"href":"https:\/\/stj-sy.org\/fr\/wp-json\/wp\/v2\/media\/29994"}],"wp:attachment":[{"href":"https:\/\/stj-sy.org\/fr\/wp-json\/wp\/v2\/media?parent=29995"}],"wp:term":[{"taxonomy":"category","embeddable":true,"href":"https:\/\/stj-sy.org\/fr\/wp-json\/wp\/v2\/categories?post=29995"},{"taxonomy":"post_tag","embeddable":true,"href":"https:\/\/stj-sy.org\/fr\/wp-json\/wp\/v2\/tags?post=29995"}],"curies":[{"name":"wp","href":"https:\/\/api.w.org\/{rel}","templated":true}]}}