{"id":29289,"date":"2025-12-26T19:42:05","date_gmt":"2025-12-26T16:42:05","guid":{"rendered":"https:\/\/stj-sy.org\/?p=29289"},"modified":"2025-12-26T19:42:05","modified_gmt":"2025-12-26T16:42:05","slug":"57-organisations-syriennes-demandent-la-garantie-du-retour-sur-des-personnes-deplacees-de-ras-al-ain-serekaniye-et-de-tell-abyad-ainsi-que-la-restitution-de-leurs-biens","status":"publish","type":"post","link":"https:\/\/stj-sy.org\/fr\/57-organisations-syriennes-demandent-la-garantie-du-retour-sur-des-personnes-deplacees-de-ras-al-ain-serekaniye-et-de-tell-abyad-ainsi-que-la-restitution-de-leurs-biens\/","title":{"rendered":"57 organisations syriennes demandent la garantie du retour s\u00fbr des personnes d\u00e9plac\u00e9es de Ras al-A\u00efn \/ Serekaniy\u00ea et de Tell Abyad, ainsi que la restitution de leurs biens"},"content":{"rendered":"<p style=\"text-align: justify;\">Malgr\u00e9 les transformations majeures qu\u2019a connues la Syrie, y compris la chute du r\u00e9gime Assad le 8 d\u00e9cembre 2024, la formation du gouvernement de transition et le retour d\u2019environ deux millions de personnes d\u00e9plac\u00e9es internes dans leurs foyers et zones de r\u00e9sidence, des dizaines de milliers de personnes d\u00e9plac\u00e9es de force des r\u00e9gions de Ras al-A\u00efn \/ Serekaniy\u00ea, Tell Abyad et Afrin restent priv\u00e9es de leur droit au retour ou \u00e0 la restitution de leurs biens.<\/p>\n<p style=\"text-align: justify;\">Le 9 octobre 2019, la Turquie, avec le soutien de factions de l\u2019\u00a0\u00bbArm\u00e9e nationale syrienne\u00a0\u00bb qu\u2019elle appuie, a lanc\u00e9 une op\u00e9ration militaire baptis\u00e9e \u00ab\u00a0Source de paix\u00a0\u00bb contre les r\u00e9gions de Ras al-A\u00efn \/ Serekaniy\u00ea et de Tell Abyad \/ Gir\u00ea Sp\u00ee, laquelle s\u2019est sold\u00e9e par l\u2019occupation des deux zones et le d\u00e9placement de plus de 200 000 de leurs habitants.<\/p>\n<p style=\"text-align: justify;\">Au cours des six derni\u00e8res ann\u00e9es, des violations syst\u00e9matiques et \u00e0 grande \u00e9chelle des droits humains, du droit international humanitaire et du droit international des droits de l\u2019homme ont \u00e9t\u00e9 document\u00e9es, perp\u00e9tr\u00e9es par les forces turques et les factions arm\u00e9es syriennes qu\u2019elles soutiennent. Ces violations incluent des ex\u00e9cutions extrajudiciaires, des ex\u00e9cutions sommaires, des arrestations arbitraires, la torture et les mauvais traitements, ainsi que la confiscation massive de biens appartenant aux populations autochtones kurdes, arabes, arm\u00e9niennes, syriaques, y\u00e9zidies, tch\u00e9tch\u00e8nes et autres.<\/p>\n<p style=\"text-align: justify;\">Des dizaines de milliers de personnes issues des populations autochtones demeurent d\u00e9plac\u00e9es de force dans des conditions humanitaires extr\u00eamement difficiles, au sein de camps et de centres d\u2019h\u00e9bergement d\u00e9pourvus de reconnaissance et de soutien de la part des Nations unies.<\/p>\n<p style=\"text-align: justify;\">Selon les estimations d\u2019organisations syriennes locales ind\u00e9pendantes, plus de 85 % des habitants de Ras al-A\u00efn \/ Serekaniy\u00ea sont toujours d\u00e9plac\u00e9s; le nombre de Kurdes y est pass\u00e9 d\u2019environ 75 000 \u00e0 moins de 50 personnes, tandis que la pr\u00e9sence des Arm\u00e9niens, des Syriaques et des Y\u00e9zidis a chut\u00e9 \u00e0 des chiffres ne d\u00e9passant pas les doigts d\u2019une main. \u00c0 Tell Abyad, la pr\u00e9sence kurde s\u2019est r\u00e9duite \u00e0 quelques familles.<\/p>\n<p style=\"text-align: justify;\">La situation humanitaire s\u2019est \u00e9galement aggrav\u00e9e avec la politisation des ressources hydriques. Depuis la prise de contr\u00f4le turque de la r\u00e9gion, l\u2019approvisionnement en eau de la station d\u2019Allouk, \u00e0 l\u2019est de Ras al-A\u00efn \/ Serekaniy\u00ea, a fait l\u2019objet de coupures d\u00e9lib\u00e9r\u00e9es et r\u00e9p\u00e9t\u00e9es, privant environ 800 000 habitants de la ville de Hassak\u00e9 et de ses zones rurales d\u2019acc\u00e8s \u00e0 l\u2019eau, en violation flagrante du droit des populations de la r\u00e9gion \u00e0 disposer d\u2019eau potable et de services d\u2019assainissement.<\/p>\n<p style=\"text-align: justify;\">Lors de la signature de l\u2019accord du 10 mars entre le gouvernement de transition et les Forces d\u00e9mocratiques syriennes, l\u2019article cinq a consacr\u00e9 un engagement moral et politique en faveur du retour de toutes les personnes d\u00e9plac\u00e9es dans leurs foyers et de la garantie de leur protection par l\u2019\u00c9tat syrien. Cependant, l\u2019\u00e9coulement de sept mois depuis l\u2019accord sans progr\u00e8s tangible concernant le dossier des personnes d\u00e9plac\u00e9es de Ras al-A\u00efn \/ Serekaniy\u00ea et de Tell Abyad confirme la n\u00e9cessit\u00e9 d\u2019en faire une priorit\u00e9 nationale urgente, afin d\u2019organiser un retour s\u00fbr, digne et \u00e9quitable, ind\u00e9pendamment des marchandages politiques ou des arrangements s\u00e9curitaires temporaires.<\/p>\n<p style=\"text-align: justify;\">Partant de ce constat, les organisations syriennes signataires r\u00e9affirment leur pleine solidarit\u00e9 avec les personnes d\u00e9plac\u00e9es de Ras al-A\u00efn \/ Serekaniy\u00ea et de Tell Abyad, ainsi qu\u2019avec l\u2019ensemble des victimes et des personnes d\u00e9plac\u00e9es en Syrie, et appellent la communaut\u00e9 internationale, le gouvernement syrien de transition, l\u2019Administration autonome, le gouvernement turc et toutes les parties concern\u00e9es \u00e0:<\/p>\n<p style=\"text-align: justify;\">1) Garantir le retour imm\u00e9diat, s\u00fbr et digne de toutes les personnes d\u00e9plac\u00e9es de Ras al-A\u00efn \/ Serekaniy\u00ea et de Tell Abyad, lever les obstacles au retour et r\u00e9tablir les services essentiels.<br \/>\n2) Restituer les droits \u00e0 leurs titulaires, permettre la r\u00e9cup\u00e9ration des biens confisqu\u00e9s, et mettre en place des m\u00e9canismes efficaces d\u2019indemnisation et de r\u00e9paration individuelle et collective.<\/p>\n<p style=\"text-align: justify;\">3) Int\u00e9grer les violations commises dans la r\u00e9gion aux programmes de justice transitionnelle de mani\u00e8re \u00e0 garantir la reddition de comptes, la r\u00e9paration des pr\u00e9judices, l\u2019indemnisation et la non-r\u00e9p\u00e9tition.<\/p>\n<p style=\"text-align: justify;\">4) Conditionner tout processus de n\u00e9gociations politiques \u00e0 des garanties concernant le retour des personnes d\u00e9plac\u00e9es, et permettre aux habitants de la r\u00e9gion de g\u00e9rer les affaires de leur territoire \u00e0 travers des structures locales \u00e9lues et inclusives, renfor\u00e7ant la confiance et consacrant l\u2019\u00c9tat de droit.<\/p>\n<p style=\"text-align: justify;\">5) Neutraliser l\u2019eau et les ressources naturelles des tiraillements politiques, assurer le fonctionnement r\u00e9gulier de la station d\u2019Allouk et s\u2019abstenir d\u2019utiliser l\u2019eau comme moyen de pression sur les communaut\u00e9s.<\/p>\n<p style=\"text-align: justify;\">6) Int\u00e9grer Ras al-A\u00efn \/ Serekaniy\u00ea et Tell Abyad aux programmes de reconstruction sur la base de la non-discrimination et de l\u2019\u00e9galit\u00e9 des chances en mati\u00e8re de services et d\u2019investissements publics, afin de garantir un retour durable.<\/p>\n<h4 style=\"text-align: justify;\"><strong>Organisations signataires par ordre alphab\u00e9tique:<\/strong><\/h4>\n<p style=\"text-align: justify;\">1-Access<\/p>\n<p style=\"text-align: justify;\">2 &#8211; Act for Afrin<\/p>\n<p style=\"text-align: justify;\">3 &#8211; Afrin Platform<\/p>\n<p style=\"text-align: justify;\">4- Afrin Social Association<\/p>\n<p style=\"text-align: justify;\">5- Ambassadors Association for Persons with Disabilities<\/p>\n<p style=\"text-align: justify;\">6- Analysis and Strategic Studies Organization (ASSO)<\/p>\n<p style=\"text-align: justify;\">7- Aras Association<\/p>\n<p style=\"text-align: justify;\">8- Areej Organization<\/p>\n<p style=\"text-align: justify;\">9- Artist Organization for Culture and Development<\/p>\n<p style=\"text-align: justify;\">10- ASHNA for Development<\/p>\n<p style=\"text-align: justify;\">11- Ashti Center<\/p>\n<p style=\"text-align: justify;\">12- ASHTI Foundation<\/p>\n<p style=\"text-align: justify;\">13- Committee of Displaced Persons from Ser\u00ea Kaniy\u00ea\/Ras al-Ain<\/p>\n<p style=\"text-align: justify;\">14- Dar Association for Victims of Forced Displacement<\/p>\n<p style=\"text-align: justify;\">15- Dar for Peace and Prosperity<\/p>\n<p style=\"text-align: justify;\">16- Development Seeds Centre<\/p>\n<p style=\"text-align: justify;\">17- Dijla Organization for Development and Environment<\/p>\n<p style=\"text-align: justify;\">18- Ella for Development and Peace Building<\/p>\n<p style=\"text-align: justify;\">19- Human Rights Organization Afrin- Syria<\/p>\n<p style=\"text-align: justify;\">20- Humanitarian Development Cooperation<\/p>\n<p style=\"text-align: justify;\">21- Jian Humanitarian Organization<\/p>\n<p style=\"text-align: justify;\">22- Jiyan Foundation for Human Rights<\/p>\n<p style=\"text-align: justify;\">23- Kobani for Relief and Development<\/p>\n<p style=\"text-align: justify;\">24- Lelun Association for Victims<\/p>\n<p style=\"text-align: justify;\">25- Malva for Arts and Culture<\/p>\n<p style=\"text-align: justify;\">26- Missing Persons\u2019 Families Platform in North and East Syria (MPFP-NES)<\/p>\n<p style=\"text-align: justify;\">27- Network of Statelessness Victims in al-Hasakah (NSVH)<\/p>\n<p style=\"text-align: justify;\">28- N\u00fbdem M\u00e9dias et Developpement<\/p>\n<p style=\"text-align: justify;\">29- Nujeen Association of Community Development<\/p>\n<p style=\"text-align: justify;\">30- PEACE SHE LEADAR NETWORK<\/p>\n<p style=\"text-align: justify;\">31- P\u00caL \u2013 Civil Waves<\/p>\n<p style=\"text-align: justify;\">32- Peyam Organization<\/p>\n<p style=\"text-align: justify;\">33- Ras al-Ain Platform<\/p>\n<p style=\"text-align: justify;\">34- RDI Organization<\/p>\n<p style=\"text-align: justify;\">35- R\u00ca for Rehabilitation and Development<\/p>\n<p style=\"text-align: justify;\">36- Reng for Development<\/p>\n<p style=\"text-align: justify;\">37- Rojava Association for Kurdish Culture and Literature<\/p>\n<p style=\"text-align: justify;\">38- Roni Peywend<\/p>\n<p style=\"text-align: justify;\">39- Rose for Support and Empowerment<\/p>\n<p style=\"text-align: justify;\">40- Salam for Hope<\/p>\n<p style=\"text-align: justify;\">41- SCSD<\/p>\n<p style=\"text-align: justify;\">42- Shams Organization for Rehabilitation and Development\u201d<\/p>\n<p style=\"text-align: justify;\">43- SHAR for Development<\/p>\n<p style=\"text-align: justify;\">44- Shawshka Women\u2019s Association<\/p>\n<p style=\"text-align: justify;\">45- Small Dreams Group<\/p>\n<p style=\"text-align: justify;\">46- Synergy Association for Victims<\/p>\n<p style=\"text-align: justify;\">47- Syriac cultural association in Syria<\/p>\n<p style=\"text-align: justify;\">48- Syrians for Truth and Justice (STJ)<\/p>\n<p style=\"text-align: justify;\">49- Taa Marbouta<\/p>\n<p style=\"text-align: justify;\">50- Tara for Development<\/p>\n<p style=\"text-align: justify;\">51- Together for a better society- TBS<\/p>\n<p style=\"text-align: justify;\">52- We Care<\/p>\n<p style=\"text-align: justify;\">53- White Hope Organization<\/p>\n<p style=\"text-align: justify;\">54- Wheat &amp; Olive Platform<\/p>\n<p style=\"text-align: justify;\">55- Yekpar Society for Culture and Arts<\/p>\n<p style=\"text-align: justify;\">56- Zagon Organization<\/p>\n<p style=\"text-align: justify;\">57- Zagros Center for Human Rights<\/p>\n","protected":false},"excerpt":{"rendered":"<p>Malgr\u00e9 les transformations majeures qu\u2019a connues la Syrie, y compris la chute du r\u00e9gime Assad le 8 d\u00e9cembre 2024, la formation du gouvernement de transition et le retour d\u2019environ deux&hellip;<\/p>\n","protected":false},"author":15,"featured_media":28577,"comment_status":"open","ping_status":"open","sticky":false,"template":"","format":"link","meta":{"_lmt_disableupdate":"","_lmt_disable":"","footnotes":""},"categories":[641],"tags":[1622,1623,1624],"class_list":["post-29289","post","type-post","status-publish","format-link","has-post-thumbnail","hentry","category-communiques-de-presse-et-declarations","tag-source-de-paix","tag-ras-al-ain-serekaniye-fr","tag-tal-abyad","post_format-post-format-link"],"yoast_head":"<!-- This site is optimized with the Yoast SEO plugin v26.8 - https:\/\/yoast.com\/product\/yoast-seo-wordpress\/ -->\n<title>57 organisations syriennes demandent la garantie du retour s\u00fbr des personnes d\u00e9plac\u00e9es de Ras al-A\u00efn \/ Serekaniy\u00ea et de Tell Abyad, ainsi que la restitution de leurs biens - \u0633\u0648\u0631\u064a\u0648\u0646 \u0645\u0646 \u0623\u062c\u0644 \u0627\u0644\u062d\u0642\u064a\u0642\u0629 \u0648\u0627\u0644\u0639\u062f\u0627\u0644\u0629<\/title>\n<meta name=\"robots\" content=\"index, follow, max-snippet:-1, max-image-preview:large, max-video-preview:-1\" \/>\n<link rel=\"canonical\" href=\"https:\/\/stj-sy.org\/fr\/57-organisations-syriennes-demandent-la-garantie-du-retour-sur-des-personnes-deplacees-de-ras-al-ain-serekaniye-et-de-tell-abyad-ainsi-que-la-restitution-de-leurs-biens\/\" \/>\n<meta property=\"og:locale\" content=\"fr_FR\" \/>\n<meta property=\"og:type\" content=\"article\" \/>\n<meta property=\"og:title\" content=\"57 organisations syriennes demandent la garantie du retour s\u00fbr des personnes d\u00e9plac\u00e9es de Ras al-A\u00efn \/ Serekaniy\u00ea et de Tell Abyad, ainsi que la restitution de leurs biens - \u0633\u0648\u0631\u064a\u0648\u0646 \u0645\u0646 \u0623\u062c\u0644 \u0627\u0644\u062d\u0642\u064a\u0642\u0629 \u0648\u0627\u0644\u0639\u062f\u0627\u0644\u0629\" \/>\n<meta property=\"og:description\" content=\"Malgr\u00e9 les transformations majeures qu\u2019a connues la Syrie, y compris la chute du r\u00e9gime Assad le 8 d\u00e9cembre 2024, la formation du gouvernement de transition et le retour d\u2019environ deux&hellip;\" \/>\n<meta property=\"og:url\" content=\"https:\/\/stj-sy.org\/fr\/57-organisations-syriennes-demandent-la-garantie-du-retour-sur-des-personnes-deplacees-de-ras-al-ain-serekaniye-et-de-tell-abyad-ainsi-que-la-restitution-de-leurs-biens\/\" \/>\n<meta property=\"og:site_name\" content=\"\u0633\u0648\u0631\u064a\u0648\u0646 \u0645\u0646 \u0623\u062c\u0644 \u0627\u0644\u062d\u0642\u064a\u0642\u0629 \u0648\u0627\u0644\u0639\u062f\u0627\u0644\u0629\" \/>\n<meta property=\"article:publisher\" content=\"https:\/\/www.facebook.com\/SyriaSTJ\/\" \/>\n<meta property=\"article:published_time\" content=\"2025-12-26T16:42:05+00:00\" \/>\n<meta property=\"og:image\" content=\"https:\/\/stj-sy.org\/wp-content\/uploads\/2025\/10\/Cover-850-2-1.jpg\" \/>\n\t<meta property=\"og:image:width\" content=\"1700\" \/>\n\t<meta property=\"og:image:height\" content=\"900\" \/>\n\t<meta property=\"og:image:type\" content=\"image\/jpeg\" \/>\n<meta name=\"twitter:card\" content=\"summary_large_image\" \/>\n<meta name=\"twitter:creator\" content=\"@STJ_SYRIA_ENG\" \/>\n<meta name=\"twitter:site\" content=\"@STJ_SYRIA_ENG\" \/>\n<meta name=\"twitter:label1\" content=\"\u00c9crit par\" \/>\n\t<meta name=\"twitter:data1\" content=\"Author F\" \/>\n\t<meta name=\"twitter:label2\" content=\"Dur\u00e9e de lecture estim\u00e9e\" \/>\n\t<meta name=\"twitter:data2\" content=\"5 minutes\" \/>\n<script type=\"application\/ld+json\" class=\"yoast-schema-graph\">{\"@context\":\"https:\/\/schema.org\",\"@graph\":[{\"@type\":\"Article\",\"@id\":\"https:\/\/stj-sy.org\/fr\/57-organisations-syriennes-demandent-la-garantie-du-retour-sur-des-personnes-deplacees-de-ras-al-ain-serekaniye-et-de-tell-abyad-ainsi-que-la-restitution-de-leurs-biens\/#article\",\"isPartOf\":{\"@id\":\"https:\/\/stj-sy.org\/fr\/57-organisations-syriennes-demandent-la-garantie-du-retour-sur-des-personnes-deplacees-de-ras-al-ain-serekaniye-et-de-tell-abyad-ainsi-que-la-restitution-de-leurs-biens\/\"},\"author\":{\"name\":\"Author F\",\"@id\":\"https:\/\/stj-sy.org\/fr\/#\/schema\/person\/7b4a12abc44af9ac4d13678a3a0667ec\"},\"headline\":\"57 organisations syriennes demandent la garantie du retour s\u00fbr des personnes d\u00e9plac\u00e9es de Ras al-A\u00efn \/ Serekaniy\u00ea et de Tell Abyad, ainsi que la restitution de leurs biens\",\"datePublished\":\"2025-12-26T16:42:05+00:00\",\"mainEntityOfPage\":{\"@id\":\"https:\/\/stj-sy.org\/fr\/57-organisations-syriennes-demandent-la-garantie-du-retour-sur-des-personnes-deplacees-de-ras-al-ain-serekaniye-et-de-tell-abyad-ainsi-que-la-restitution-de-leurs-biens\/\"},\"wordCount\":1195,\"commentCount\":0,\"publisher\":{\"@id\":\"https:\/\/stj-sy.org\/fr\/#organization\"},\"image\":{\"@id\":\"https:\/\/stj-sy.org\/fr\/57-organisations-syriennes-demandent-la-garantie-du-retour-sur-des-personnes-deplacees-de-ras-al-ain-serekaniye-et-de-tell-abyad-ainsi-que-la-restitution-de-leurs-biens\/#primaryimage\"},\"thumbnailUrl\":\"https:\/\/stj-sy.org\/wp-content\/uploads\/2025\/10\/Cover-850-2-1.jpg\",\"keywords\":[\"\\\"Source de paix\\\"\",\"Ras al-Ain\/Serekaniye\",\"Tal Abyad\"],\"articleSection\":[\"Communiqu\u00e9s de presse et d\u00e9clarations\"],\"inLanguage\":\"fr-FR\",\"potentialAction\":[{\"@type\":\"CommentAction\",\"name\":\"Comment\",\"target\":[\"https:\/\/stj-sy.org\/fr\/57-organisations-syriennes-demandent-la-garantie-du-retour-sur-des-personnes-deplacees-de-ras-al-ain-serekaniye-et-de-tell-abyad-ainsi-que-la-restitution-de-leurs-biens\/#respond\"]}]},{\"@type\":\"WebPage\",\"@id\":\"https:\/\/stj-sy.org\/fr\/57-organisations-syriennes-demandent-la-garantie-du-retour-sur-des-personnes-deplacees-de-ras-al-ain-serekaniye-et-de-tell-abyad-ainsi-que-la-restitution-de-leurs-biens\/\",\"url\":\"https:\/\/stj-sy.org\/fr\/57-organisations-syriennes-demandent-la-garantie-du-retour-sur-des-personnes-deplacees-de-ras-al-ain-serekaniye-et-de-tell-abyad-ainsi-que-la-restitution-de-leurs-biens\/\",\"name\":\"57 organisations syriennes demandent la garantie du retour s\u00fbr des personnes d\u00e9plac\u00e9es de Ras al-A\u00efn \/ Serekaniy\u00ea et de Tell Abyad, ainsi que la restitution de leurs biens - \u0633\u0648\u0631\u064a\u0648\u0646 \u0645\u0646 \u0623\u062c\u0644 \u0627\u0644\u062d\u0642\u064a\u0642\u0629 \u0648\u0627\u0644\u0639\u062f\u0627\u0644\u0629\",\"isPartOf\":{\"@id\":\"https:\/\/stj-sy.org\/fr\/#website\"},\"primaryImageOfPage\":{\"@id\":\"https:\/\/stj-sy.org\/fr\/57-organisations-syriennes-demandent-la-garantie-du-retour-sur-des-personnes-deplacees-de-ras-al-ain-serekaniye-et-de-tell-abyad-ainsi-que-la-restitution-de-leurs-biens\/#primaryimage\"},\"image\":{\"@id\":\"https:\/\/stj-sy.org\/fr\/57-organisations-syriennes-demandent-la-garantie-du-retour-sur-des-personnes-deplacees-de-ras-al-ain-serekaniye-et-de-tell-abyad-ainsi-que-la-restitution-de-leurs-biens\/#primaryimage\"},\"thumbnailUrl\":\"https:\/\/stj-sy.org\/wp-content\/uploads\/2025\/10\/Cover-850-2-1.jpg\",\"datePublished\":\"2025-12-26T16:42:05+00:00\",\"breadcrumb\":{\"@id\":\"https:\/\/stj-sy.org\/fr\/57-organisations-syriennes-demandent-la-garantie-du-retour-sur-des-personnes-deplacees-de-ras-al-ain-serekaniye-et-de-tell-abyad-ainsi-que-la-restitution-de-leurs-biens\/#breadcrumb\"},\"inLanguage\":\"fr-FR\",\"potentialAction\":[{\"@type\":\"ReadAction\",\"target\":[\"https:\/\/stj-sy.org\/fr\/57-organisations-syriennes-demandent-la-garantie-du-retour-sur-des-personnes-deplacees-de-ras-al-ain-serekaniye-et-de-tell-abyad-ainsi-que-la-restitution-de-leurs-biens\/\"]}]},{\"@type\":\"ImageObject\",\"inLanguage\":\"fr-FR\",\"@id\":\"https:\/\/stj-sy.org\/fr\/57-organisations-syriennes-demandent-la-garantie-du-retour-sur-des-personnes-deplacees-de-ras-al-ain-serekaniye-et-de-tell-abyad-ainsi-que-la-restitution-de-leurs-biens\/#primaryimage\",\"url\":\"https:\/\/stj-sy.org\/wp-content\/uploads\/2025\/10\/Cover-850-2-1.jpg\",\"contentUrl\":\"https:\/\/stj-sy.org\/wp-content\/uploads\/2025\/10\/Cover-850-2-1.jpg\",\"width\":1700,\"height\":900},{\"@type\":\"BreadcrumbList\",\"@id\":\"https:\/\/stj-sy.org\/fr\/57-organisations-syriennes-demandent-la-garantie-du-retour-sur-des-personnes-deplacees-de-ras-al-ain-serekaniye-et-de-tell-abyad-ainsi-que-la-restitution-de-leurs-biens\/#breadcrumb\",\"itemListElement\":[{\"@type\":\"ListItem\",\"position\":1,\"name\":\"\u0627\u0644\u0631\u0626\u064a\u0633\u064a\u0629\",\"item\":\"https:\/\/stj-sy.org\/fr\/\"},{\"@type\":\"ListItem\",\"position\":2,\"name\":\"57 organisations syriennes demandent la garantie du retour s\u00fbr des personnes d\u00e9plac\u00e9es de Ras al-A\u00efn \/ Serekaniy\u00ea et de Tell Abyad, ainsi que la restitution de leurs biens\"}]},{\"@type\":\"WebSite\",\"@id\":\"https:\/\/stj-sy.org\/fr\/#website\",\"url\":\"https:\/\/stj-sy.org\/fr\/\",\"name\":\"\u0633\u0648\u0631\u064a\u0648\u0646 \u0645\u0646 \u0623\u062c\u0644 \u0627\u0644\u062d\u0642\u064a\u0642\u0629 \u0648\u0627\u0644\u0639\u062f\u0627\u0644\u0629\",\"description\":\"\u0645\u0648\u0642\u0639 \u0648\u0648\u0631\u062f\u0628\u0631\u064a\u0633 \u0639\u0631\u0628\u064a \u0622\u062e\u0631\",\"publisher\":{\"@id\":\"https:\/\/stj-sy.org\/fr\/#organization\"},\"potentialAction\":[{\"@type\":\"SearchAction\",\"target\":{\"@type\":\"EntryPoint\",\"urlTemplate\":\"https:\/\/stj-sy.org\/fr\/?s={search_term_string}\"},\"query-input\":{\"@type\":\"PropertyValueSpecification\",\"valueRequired\":true,\"valueName\":\"search_term_string\"}}],\"inLanguage\":\"fr-FR\"},{\"@type\":\"Organization\",\"@id\":\"https:\/\/stj-sy.org\/fr\/#organization\",\"name\":\"Syrians for Truth and Justice\",\"url\":\"https:\/\/stj-sy.org\/fr\/\",\"logo\":{\"@type\":\"ImageObject\",\"inLanguage\":\"fr-FR\",\"@id\":\"https:\/\/stj-sy.org\/fr\/#\/schema\/logo\/image\/\",\"url\":\"https:\/\/stj-sy.org\/wp-content\/uploads\/2019\/05\/logo.png\",\"contentUrl\":\"https:\/\/stj-sy.org\/wp-content\/uploads\/2019\/05\/logo.png\",\"width\":231,\"height\":70,\"caption\":\"Syrians for Truth and Justice\"},\"image\":{\"@id\":\"https:\/\/stj-sy.org\/fr\/#\/schema\/logo\/image\/\"},\"sameAs\":[\"https:\/\/www.facebook.com\/SyriaSTJ\/\",\"https:\/\/x.com\/STJ_SYRIA_ENG\",\"https:\/\/www.instagram.com\/syrians_for_truth_and_justice\/\",\"https:\/\/www.linkedin.com\/in\/syrians-for-truth-and-justice-8a0119172\/\"]},{\"@type\":\"Person\",\"@id\":\"https:\/\/stj-sy.org\/fr\/#\/schema\/person\/7b4a12abc44af9ac4d13678a3a0667ec\",\"name\":\"Author F\",\"image\":{\"@type\":\"ImageObject\",\"inLanguage\":\"fr-FR\",\"@id\":\"https:\/\/stj-sy.org\/fr\/#\/schema\/person\/image\/\",\"url\":\"https:\/\/secure.gravatar.com\/avatar\/cfaa4306024b40cdc95016b39fb23a4cf59e20937eb620c84be496e82d20d4e5?s=96&d=mm&r=g\",\"contentUrl\":\"https:\/\/secure.gravatar.com\/avatar\/cfaa4306024b40cdc95016b39fb23a4cf59e20937eb620c84be496e82d20d4e5?s=96&d=mm&r=g\",\"caption\":\"Author F\"}}]}<\/script>\n<!-- \/ Yoast SEO plugin. -->","yoast_head_json":{"title":"57 organisations syriennes demandent la garantie du retour s\u00fbr des personnes d\u00e9plac\u00e9es de Ras al-A\u00efn \/ Serekaniy\u00ea et de Tell Abyad, ainsi que la restitution de leurs biens - \u0633\u0648\u0631\u064a\u0648\u0646 \u0645\u0646 \u0623\u062c\u0644 \u0627\u0644\u062d\u0642\u064a\u0642\u0629 \u0648\u0627\u0644\u0639\u062f\u0627\u0644\u0629","robots":{"index":"index","follow":"follow","max-snippet":"max-snippet:-1","max-image-preview":"max-image-preview:large","max-video-preview":"max-video-preview:-1"},"canonical":"https:\/\/stj-sy.org\/fr\/57-organisations-syriennes-demandent-la-garantie-du-retour-sur-des-personnes-deplacees-de-ras-al-ain-serekaniye-et-de-tell-abyad-ainsi-que-la-restitution-de-leurs-biens\/","og_locale":"fr_FR","og_type":"article","og_title":"57 organisations syriennes demandent la garantie du retour s\u00fbr des personnes d\u00e9plac\u00e9es de Ras al-A\u00efn \/ Serekaniy\u00ea et de Tell Abyad, ainsi que la restitution de leurs biens - \u0633\u0648\u0631\u064a\u0648\u0646 \u0645\u0646 \u0623\u062c\u0644 \u0627\u0644\u062d\u0642\u064a\u0642\u0629 \u0648\u0627\u0644\u0639\u062f\u0627\u0644\u0629","og_description":"Malgr\u00e9 les transformations majeures qu\u2019a connues la Syrie, y compris la chute du r\u00e9gime Assad le 8 d\u00e9cembre 2024, la formation du gouvernement de transition et le retour d\u2019environ deux&hellip;","og_url":"https:\/\/stj-sy.org\/fr\/57-organisations-syriennes-demandent-la-garantie-du-retour-sur-des-personnes-deplacees-de-ras-al-ain-serekaniye-et-de-tell-abyad-ainsi-que-la-restitution-de-leurs-biens\/","og_site_name":"\u0633\u0648\u0631\u064a\u0648\u0646 \u0645\u0646 \u0623\u062c\u0644 \u0627\u0644\u062d\u0642\u064a\u0642\u0629 \u0648\u0627\u0644\u0639\u062f\u0627\u0644\u0629","article_publisher":"https:\/\/www.facebook.com\/SyriaSTJ\/","article_published_time":"2025-12-26T16:42:05+00:00","og_image":[{"width":1700,"height":900,"url":"https:\/\/stj-sy.org\/wp-content\/uploads\/2025\/10\/Cover-850-2-1.jpg","type":"image\/jpeg"}],"twitter_card":"summary_large_image","twitter_creator":"@STJ_SYRIA_ENG","twitter_site":"@STJ_SYRIA_ENG","twitter_misc":{"\u00c9crit par":"Author F","Dur\u00e9e de lecture estim\u00e9e":"5 minutes"},"schema":{"@context":"https:\/\/schema.org","@graph":[{"@type":"Article","@id":"https:\/\/stj-sy.org\/fr\/57-organisations-syriennes-demandent-la-garantie-du-retour-sur-des-personnes-deplacees-de-ras-al-ain-serekaniye-et-de-tell-abyad-ainsi-que-la-restitution-de-leurs-biens\/#article","isPartOf":{"@id":"https:\/\/stj-sy.org\/fr\/57-organisations-syriennes-demandent-la-garantie-du-retour-sur-des-personnes-deplacees-de-ras-al-ain-serekaniye-et-de-tell-abyad-ainsi-que-la-restitution-de-leurs-biens\/"},"author":{"name":"Author F","@id":"https:\/\/stj-sy.org\/fr\/#\/schema\/person\/7b4a12abc44af9ac4d13678a3a0667ec"},"headline":"57 organisations syriennes demandent la garantie du retour s\u00fbr des personnes d\u00e9plac\u00e9es de Ras al-A\u00efn \/ Serekaniy\u00ea et de Tell Abyad, ainsi que la restitution de leurs biens","datePublished":"2025-12-26T16:42:05+00:00","mainEntityOfPage":{"@id":"https:\/\/stj-sy.org\/fr\/57-organisations-syriennes-demandent-la-garantie-du-retour-sur-des-personnes-deplacees-de-ras-al-ain-serekaniye-et-de-tell-abyad-ainsi-que-la-restitution-de-leurs-biens\/"},"wordCount":1195,"commentCount":0,"publisher":{"@id":"https:\/\/stj-sy.org\/fr\/#organization"},"image":{"@id":"https:\/\/stj-sy.org\/fr\/57-organisations-syriennes-demandent-la-garantie-du-retour-sur-des-personnes-deplacees-de-ras-al-ain-serekaniye-et-de-tell-abyad-ainsi-que-la-restitution-de-leurs-biens\/#primaryimage"},"thumbnailUrl":"https:\/\/stj-sy.org\/wp-content\/uploads\/2025\/10\/Cover-850-2-1.jpg","keywords":["\"Source de paix\"","Ras al-Ain\/Serekaniye","Tal Abyad"],"articleSection":["Communiqu\u00e9s de presse et d\u00e9clarations"],"inLanguage":"fr-FR","potentialAction":[{"@type":"CommentAction","name":"Comment","target":["https:\/\/stj-sy.org\/fr\/57-organisations-syriennes-demandent-la-garantie-du-retour-sur-des-personnes-deplacees-de-ras-al-ain-serekaniye-et-de-tell-abyad-ainsi-que-la-restitution-de-leurs-biens\/#respond"]}]},{"@type":"WebPage","@id":"https:\/\/stj-sy.org\/fr\/57-organisations-syriennes-demandent-la-garantie-du-retour-sur-des-personnes-deplacees-de-ras-al-ain-serekaniye-et-de-tell-abyad-ainsi-que-la-restitution-de-leurs-biens\/","url":"https:\/\/stj-sy.org\/fr\/57-organisations-syriennes-demandent-la-garantie-du-retour-sur-des-personnes-deplacees-de-ras-al-ain-serekaniye-et-de-tell-abyad-ainsi-que-la-restitution-de-leurs-biens\/","name":"57 organisations syriennes demandent la garantie du retour s\u00fbr des personnes d\u00e9plac\u00e9es de Ras al-A\u00efn \/ Serekaniy\u00ea et de Tell Abyad, ainsi que la restitution de leurs biens - \u0633\u0648\u0631\u064a\u0648\u0646 \u0645\u0646 \u0623\u062c\u0644 \u0627\u0644\u062d\u0642\u064a\u0642\u0629 \u0648\u0627\u0644\u0639\u062f\u0627\u0644\u0629","isPartOf":{"@id":"https:\/\/stj-sy.org\/fr\/#website"},"primaryImageOfPage":{"@id":"https:\/\/stj-sy.org\/fr\/57-organisations-syriennes-demandent-la-garantie-du-retour-sur-des-personnes-deplacees-de-ras-al-ain-serekaniye-et-de-tell-abyad-ainsi-que-la-restitution-de-leurs-biens\/#primaryimage"},"image":{"@id":"https:\/\/stj-sy.org\/fr\/57-organisations-syriennes-demandent-la-garantie-du-retour-sur-des-personnes-deplacees-de-ras-al-ain-serekaniye-et-de-tell-abyad-ainsi-que-la-restitution-de-leurs-biens\/#primaryimage"},"thumbnailUrl":"https:\/\/stj-sy.org\/wp-content\/uploads\/2025\/10\/Cover-850-2-1.jpg","datePublished":"2025-12-26T16:42:05+00:00","breadcrumb":{"@id":"https:\/\/stj-sy.org\/fr\/57-organisations-syriennes-demandent-la-garantie-du-retour-sur-des-personnes-deplacees-de-ras-al-ain-serekaniye-et-de-tell-abyad-ainsi-que-la-restitution-de-leurs-biens\/#breadcrumb"},"inLanguage":"fr-FR","potentialAction":[{"@type":"ReadAction","target":["https:\/\/stj-sy.org\/fr\/57-organisations-syriennes-demandent-la-garantie-du-retour-sur-des-personnes-deplacees-de-ras-al-ain-serekaniye-et-de-tell-abyad-ainsi-que-la-restitution-de-leurs-biens\/"]}]},{"@type":"ImageObject","inLanguage":"fr-FR","@id":"https:\/\/stj-sy.org\/fr\/57-organisations-syriennes-demandent-la-garantie-du-retour-sur-des-personnes-deplacees-de-ras-al-ain-serekaniye-et-de-tell-abyad-ainsi-que-la-restitution-de-leurs-biens\/#primaryimage","url":"https:\/\/stj-sy.org\/wp-content\/uploads\/2025\/10\/Cover-850-2-1.jpg","contentUrl":"https:\/\/stj-sy.org\/wp-content\/uploads\/2025\/10\/Cover-850-2-1.jpg","width":1700,"height":900},{"@type":"BreadcrumbList","@id":"https:\/\/stj-sy.org\/fr\/57-organisations-syriennes-demandent-la-garantie-du-retour-sur-des-personnes-deplacees-de-ras-al-ain-serekaniye-et-de-tell-abyad-ainsi-que-la-restitution-de-leurs-biens\/#breadcrumb","itemListElement":[{"@type":"ListItem","position":1,"name":"\u0627\u0644\u0631\u0626\u064a\u0633\u064a\u0629","item":"https:\/\/stj-sy.org\/fr\/"},{"@type":"ListItem","position":2,"name":"57 organisations syriennes demandent la garantie du retour s\u00fbr des personnes d\u00e9plac\u00e9es de Ras al-A\u00efn \/ Serekaniy\u00ea et de Tell Abyad, ainsi que la restitution de leurs biens"}]},{"@type":"WebSite","@id":"https:\/\/stj-sy.org\/fr\/#website","url":"https:\/\/stj-sy.org\/fr\/","name":"\u0633\u0648\u0631\u064a\u0648\u0646 \u0645\u0646 \u0623\u062c\u0644 \u0627\u0644\u062d\u0642\u064a\u0642\u0629 \u0648\u0627\u0644\u0639\u062f\u0627\u0644\u0629","description":"\u0645\u0648\u0642\u0639 \u0648\u0648\u0631\u062f\u0628\u0631\u064a\u0633 \u0639\u0631\u0628\u064a \u0622\u062e\u0631","publisher":{"@id":"https:\/\/stj-sy.org\/fr\/#organization"},"potentialAction":[{"@type":"SearchAction","target":{"@type":"EntryPoint","urlTemplate":"https:\/\/stj-sy.org\/fr\/?s={search_term_string}"},"query-input":{"@type":"PropertyValueSpecification","valueRequired":true,"valueName":"search_term_string"}}],"inLanguage":"fr-FR"},{"@type":"Organization","@id":"https:\/\/stj-sy.org\/fr\/#organization","name":"Syrians for Truth and Justice","url":"https:\/\/stj-sy.org\/fr\/","logo":{"@type":"ImageObject","inLanguage":"fr-FR","@id":"https:\/\/stj-sy.org\/fr\/#\/schema\/logo\/image\/","url":"https:\/\/stj-sy.org\/wp-content\/uploads\/2019\/05\/logo.png","contentUrl":"https:\/\/stj-sy.org\/wp-content\/uploads\/2019\/05\/logo.png","width":231,"height":70,"caption":"Syrians for Truth and Justice"},"image":{"@id":"https:\/\/stj-sy.org\/fr\/#\/schema\/logo\/image\/"},"sameAs":["https:\/\/www.facebook.com\/SyriaSTJ\/","https:\/\/x.com\/STJ_SYRIA_ENG","https:\/\/www.instagram.com\/syrians_for_truth_and_justice\/","https:\/\/www.linkedin.com\/in\/syrians-for-truth-and-justice-8a0119172\/"]},{"@type":"Person","@id":"https:\/\/stj-sy.org\/fr\/#\/schema\/person\/7b4a12abc44af9ac4d13678a3a0667ec","name":"Author F","image":{"@type":"ImageObject","inLanguage":"fr-FR","@id":"https:\/\/stj-sy.org\/fr\/#\/schema\/person\/image\/","url":"https:\/\/secure.gravatar.com\/avatar\/cfaa4306024b40cdc95016b39fb23a4cf59e20937eb620c84be496e82d20d4e5?s=96&d=mm&r=g","contentUrl":"https:\/\/secure.gravatar.com\/avatar\/cfaa4306024b40cdc95016b39fb23a4cf59e20937eb620c84be496e82d20d4e5?s=96&d=mm&r=g","caption":"Author F"}}]}},"_links":{"self":[{"href":"https:\/\/stj-sy.org\/fr\/wp-json\/wp\/v2\/posts\/29289","targetHints":{"allow":["GET"]}}],"collection":[{"href":"https:\/\/stj-sy.org\/fr\/wp-json\/wp\/v2\/posts"}],"about":[{"href":"https:\/\/stj-sy.org\/fr\/wp-json\/wp\/v2\/types\/post"}],"author":[{"embeddable":true,"href":"https:\/\/stj-sy.org\/fr\/wp-json\/wp\/v2\/users\/15"}],"replies":[{"embeddable":true,"href":"https:\/\/stj-sy.org\/fr\/wp-json\/wp\/v2\/comments?post=29289"}],"version-history":[{"count":1,"href":"https:\/\/stj-sy.org\/fr\/wp-json\/wp\/v2\/posts\/29289\/revisions"}],"predecessor-version":[{"id":29290,"href":"https:\/\/stj-sy.org\/fr\/wp-json\/wp\/v2\/posts\/29289\/revisions\/29290"}],"wp:featuredmedia":[{"embeddable":true,"href":"https:\/\/stj-sy.org\/fr\/wp-json\/wp\/v2\/media\/28577"}],"wp:attachment":[{"href":"https:\/\/stj-sy.org\/fr\/wp-json\/wp\/v2\/media?parent=29289"}],"wp:term":[{"taxonomy":"category","embeddable":true,"href":"https:\/\/stj-sy.org\/fr\/wp-json\/wp\/v2\/categories?post=29289"},{"taxonomy":"post_tag","embeddable":true,"href":"https:\/\/stj-sy.org\/fr\/wp-json\/wp\/v2\/tags?post=29289"}],"curies":[{"name":"wp","href":"https:\/\/api.w.org\/{rel}","templated":true}]}}