{"id":29271,"date":"2025-12-26T19:20:43","date_gmt":"2025-12-26T16:20:43","guid":{"rendered":"https:\/\/stj-sy.org\/?p=29271"},"modified":"2025-12-26T19:44:40","modified_gmt":"2025-12-26T16:44:40","slug":"je-vis-entre-lespoir-et-la-peur-temoignages-documentant-la-persistance-des-disparitions-forcees-en-syrie-post-assad","status":"publish","type":"post","link":"https:\/\/stj-sy.org\/fr\/je-vis-entre-lespoir-et-la-peur-temoignages-documentant-la-persistance-des-disparitions-forcees-en-syrie-post-assad\/","title":{"rendered":"\u00ab\u00a0Je vis entre l\u2019espoir et la peur\u00a0\u00bb: T\u00e9moignages documentant la persistance des disparitions forc\u00e9es en Syrie post-Assad"},"content":{"rendered":"<h4 style=\"text-align: justify;\"><strong>R\u00e9sum\u00e9 ex\u00e9cutif<\/strong><\/h4>\n<p style=\"text-align: justify;\">Ce rapport documente des cas de disparitions forc\u00e9es survenus apr\u00e8s la chute du r\u00e9gime en d\u00e9cembre 2024, indiquant que cette violation n\u2019a pas cess\u00e9 avec la fin de l\u2019\u00e8re Assad, mais a persist\u00e9 durant la phase de transition, sous des formes diff\u00e9rentes et dans des proportions moindres. Sur la base des r\u00e9cits de t\u00e9moins et des proches des disparus, ces pratiques ont principalement \u00e9t\u00e9 commises par les services de s\u00e9curit\u00e9 du nouveau gouvernement, en particulier le Service de s\u00e9curit\u00e9 g\u00e9n\u00e9rale (s\u00e9curit\u00e9 int\u00e9rieure).<\/p>\n<p style=\"text-align: justify;\">L\u2019\u00e9quipe de recherche, \u00e0 travers l\u2019analyse des t\u00e9moignages recueillis par \u00ab\u00a0Syrians for Truth and Justice\u00a0\u00bb (11 t\u00e9moignages pour ce rapport) ainsi que d\u2019autres sources, a identifi\u00e9 plusieurs principaux sch\u00e9mas de disparitions forc\u00e9es survenues ces derniers mois:<\/p>\n<p style=\"text-align: justify;\"><strong>1 \u2013 Lors de perquisitions\/ op\u00e9rations de ratissage<\/strong>: Par exemple, des forces militaires et de s\u00e9curit\u00e9 ont investi des domiciles \u00e0 Jableh, Homs et Damas, arr\u00eatant des membres entiers de familles sans mandat judiciaire ni accusations pr\u00e9cises, laissant leurs proches compl\u00e8tement dans l\u2019incertitude.<\/p>\n<p style=\"text-align: justify;\"><strong>2 \u2013 Aux postes de contr\u00f4le:<\/strong> Dans d\u2019autres cas, les points de contr\u00f4le dans les campagnes de Lattaqui\u00e9, Homs et Tartous sont devenus des pi\u00e8ges pour les disparitions, o\u00f9 des civils ont \u00e9t\u00e9 arr\u00eat\u00e9s en plein jour, puis ni\u00e9s ou pr\u00e9sent\u00e9s par les autorit\u00e9s de mani\u00e8re contradictoire concernant leur sort.<\/p>\n<p style=\"text-align: justify;\"><strong>3 \u2013 Par les centres ou services de s\u00e9curit\u00e9 nouveaux:<\/strong> Certains cas ont commenc\u00e9 par des convocations officielles \u00ab\u00a0pour interrogatoire\u00a0\u00bb, mais se sont transform\u00e9s en disparition compl\u00e8te, comme dans le cas d\u2019un fonctionnaire civil \u00e0 Homs, o\u00f9 la m\u00eame autorit\u00e9 qui l\u2019avait convoqu\u00e9 a ni\u00e9 plus tard conna\u00eetre son emplacement.<\/p>\n<p style=\"text-align: justify;\"><strong>4 \u2013 Dans les lieux publics:<\/strong> La pratique ne s\u2019est pas limit\u00e9e aux centres ferm\u00e9s; elle a \u00e9galement inclus des arrestations publiques dans les rues, suivies de disparitions forc\u00e9es, comme sur la place Tishreen \u00e0 Lattaqui\u00e9, refl\u00e9tant la visibilit\u00e9 de ces actes et l\u2019absence d\u2019inqui\u00e9tude concernant des poursuites.<\/p>\n<p style=\"text-align: justify;\">\u00ab\u00a0Syrians\u00a0\u00bb appelle \u00e0 activer pleinement la Commission nationale des disparus avec toutes ses pr\u00e9rogatives, y compris pour les cas survenus apr\u00e8s la chute du r\u00e9gime, et \u00e0 coop\u00e9rer pleinement avec l\u2019Institution internationale ind\u00e9pendante pour les disparus en Syrie cr\u00e9\u00e9e par l\u2019ONU en 2023.<\/p>\n<p style=\"text-align: justify;\">Ces t\u00e9moignages r\u00e9v\u00e8lent un grave \u00e9cart entre les textes l\u00e9gaux et la r\u00e9alit\u00e9 sur le terrain. La D\u00e9claration constitutionnelle de la phase de transition (article 18) et le d\u00e9cret l\u00e9gislatif n\u00b019 \u00e9tablissant une Commission nationale des disparus ne se sont pas encore traduits par une protection effective contre les disparitions forc\u00e9es. Selon les t\u00e9moignages, les autorit\u00e9s n\u2019ont pas non plus initi\u00e9 d\u2019enqu\u00eates sur tous les cas document\u00e9s ni r\u00e9v\u00e9l\u00e9 le sort des victimes, et n\u2019ont pas pris au s\u00e9rieux les appels des familles, renfor\u00e7ant ainsi l\u2019impunit\u00e9.<\/p>\n<p style=\"text-align: justify;\">\u00ab\u00a0Syrians\u00a0\u00bb souligne que la responsabilit\u00e9 du gouvernement ne se limite pas aux violations commises directement par ses forces, mais s\u2019\u00e9tend \u00e9galement aux violations perp\u00e9tr\u00e9es par d\u2019autres groupes arm\u00e9s qui lui sont li\u00e9s ou agissent avec sa connaissance. Il incombe \u00e0 l\u2019\u00c9tat de prot\u00e9ger tous les citoyens, d\u2019enqu\u00eater sur chaque incident et de garantir la responsabilit\u00e9 des auteurs.<\/p>\n<p style=\"text-align: justify;\">En compl\u00e9ment des t\u00e9moignages locaux, le rapport passe en revue des rapports internationaux et onusiens r\u00e9cents indiquant l\u2019ampleur du ph\u00e9nom\u00e8ne. Les commissions d\u2019experts des Nations Unies ont document\u00e9 l\u2019enl\u00e8vement de centaines de personnes, dont des femmes des communaut\u00e9s druze et alaouite, principalement par des groupes arm\u00e9s li\u00e9s aux autorit\u00e9s syriennes de transition, confirmant l\u2019absence continue de r\u00e9ponse effective de l\u2019\u00c9tat. Sur cette base, le rapport insiste sur le fait que le traitement des disparitions forc\u00e9es constitue un test crucial de l\u2019engagement du gouvernement de transition\/provisoire envers les normes internationales des droits humains.<\/p>\n<p style=\"text-align: justify;\">Par cons\u00e9quent, \u00ab\u00a0Syrians\u00a0\u00bb appelle \u00e0 activer pleinement la Commission nationale des disparus avec toutes ses pr\u00e9rogatives, y compris pour les cas survenus apr\u00e8s la chute du r\u00e9gime, et \u00e0 coop\u00e9rer pleinement avec l\u2019Institution internationale ind\u00e9pendante pour les disparus en Syrie cr\u00e9\u00e9e par l\u2019ONU en 2023.<\/p>\n<p>&nbsp;<\/p>\n<p style=\"text-align: justify;\">Ce r\u00e9sum\u00e9 en fran\u00e7ais est bas\u00e9 sur le document original pr\u00e9par\u00e9 par l\u2019organisation \u00ab\u00a0Syrians for Truth and Justice\u00a0\u00bb.<br \/>\nPour consulter l\u2019int\u00e9gralit\u00e9 du rapport ainsi que les faits et t\u00e9moignages qu\u2019il contient, veuillez consulter les liens suivants:<\/p>\n<p style=\"text-align: justify;\"><a href=\"https:\/\/stj-sy.org\/wp-content\/uploads\/2025\/08\/Testimonies-Documenting-the-Persistence-of-Enforced-Disappearance-in-Post-Assad-Syria.pdf\">En anglais:<\/a><\/p>\n<p style=\"text-align: justify;\"><a href=\"https:\/\/stj-sy.org\/wp-content\/uploads\/2025\/08\/%D8%B4%D9%87%D8%A7%D8%AF%D8%A7%D8%AA-%D8%AA%D9%88%D8%AB%D9%82-%D8%A7%D8%B3%D8%AA%D9%85%D8%B1%D8%A7%D8%B1-%D8%A7%D9%84%D8%A7%D8%AE%D8%AA%D9%81%D8%A7%D8%A1-%D8%A7%D9%84%D9%82%D8%B3%D8%B1%D9%8A-%D9%81%D9%8A-%D8%B3%D9%88%D8%B1%D9%8A%D8%A7-%D9%85%D8%A7-%D8%A8%D8%B9%D8%AF-%D8%A7%D9%84%D8%A3%D8%B3%D8%AF.pdf\">En arabe:<\/a><\/p>\n<p style=\"text-align: justify;\">\n","protected":false},"excerpt":{"rendered":"<p>R\u00e9sum\u00e9 ex\u00e9cutif Ce rapport documente des cas de disparitions forc\u00e9es survenus apr\u00e8s la chute du r\u00e9gime en d\u00e9cembre 2024, indiquant que cette violation n\u2019a pas cess\u00e9 avec la fin de&hellip;<\/p>\n","protected":false},"author":15,"featured_media":28284,"comment_status":"open","ping_status":"open","sticky":false,"template":"","format":"link","meta":{"_lmt_disableupdate":"no","_lmt_disable":"","footnotes":""},"categories":[1601],"tags":[],"class_list":["post-29271","post","type-post","status-publish","format-link","has-post-thumbnail","hentry","category-la-presse-des-droits-de-lhomme","post_format-post-format-link"],"yoast_head":"<!-- This site is optimized with the Yoast SEO plugin v26.8 - https:\/\/yoast.com\/product\/yoast-seo-wordpress\/ -->\n<title>&quot;Je vis entre l\u2019espoir et la peur&quot;: T\u00e9moignages documentant la persistance des disparitions forc\u00e9es en Syrie post-Assad - \u0633\u0648\u0631\u064a\u0648\u0646 \u0645\u0646 \u0623\u062c\u0644 \u0627\u0644\u062d\u0642\u064a\u0642\u0629 \u0648\u0627\u0644\u0639\u062f\u0627\u0644\u0629<\/title>\n<meta name=\"robots\" content=\"index, follow, max-snippet:-1, max-image-preview:large, max-video-preview:-1\" \/>\n<link rel=\"canonical\" href=\"https:\/\/stj-sy.org\/fr\/je-vis-entre-lespoir-et-la-peur-temoignages-documentant-la-persistance-des-disparitions-forcees-en-syrie-post-assad\/\" \/>\n<meta property=\"og:locale\" content=\"fr_FR\" \/>\n<meta property=\"og:type\" content=\"article\" \/>\n<meta property=\"og:title\" content=\"&quot;Je vis entre l\u2019espoir et la peur&quot;: T\u00e9moignages documentant la persistance des disparitions forc\u00e9es en Syrie post-Assad - \u0633\u0648\u0631\u064a\u0648\u0646 \u0645\u0646 \u0623\u062c\u0644 \u0627\u0644\u062d\u0642\u064a\u0642\u0629 \u0648\u0627\u0644\u0639\u062f\u0627\u0644\u0629\" \/>\n<meta property=\"og:description\" content=\"R\u00e9sum\u00e9 ex\u00e9cutif Ce rapport documente des cas de disparitions forc\u00e9es survenus apr\u00e8s la chute du r\u00e9gime en d\u00e9cembre 2024, indiquant que cette violation n\u2019a pas cess\u00e9 avec la fin de&hellip;\" \/>\n<meta property=\"og:url\" content=\"https:\/\/stj-sy.org\/fr\/je-vis-entre-lespoir-et-la-peur-temoignages-documentant-la-persistance-des-disparitions-forcees-en-syrie-post-assad\/\" \/>\n<meta property=\"og:site_name\" content=\"\u0633\u0648\u0631\u064a\u0648\u0646 \u0645\u0646 \u0623\u062c\u0644 \u0627\u0644\u062d\u0642\u064a\u0642\u0629 \u0648\u0627\u0644\u0639\u062f\u0627\u0644\u0629\" \/>\n<meta property=\"article:publisher\" content=\"https:\/\/www.facebook.com\/SyriaSTJ\/\" \/>\n<meta property=\"article:published_time\" content=\"2025-12-26T16:20:43+00:00\" \/>\n<meta property=\"article:modified_time\" content=\"2025-12-26T16:44:40+00:00\" \/>\n<meta property=\"og:image\" content=\"https:\/\/stj-sy.org\/wp-content\/uploads\/2025\/08\/Cover-850-2.jpg\" \/>\n\t<meta property=\"og:image:width\" content=\"1700\" \/>\n\t<meta property=\"og:image:height\" content=\"900\" \/>\n\t<meta property=\"og:image:type\" content=\"image\/jpeg\" \/>\n<meta name=\"twitter:card\" content=\"summary_large_image\" \/>\n<meta name=\"twitter:creator\" content=\"@STJ_SYRIA_ENG\" \/>\n<meta name=\"twitter:site\" content=\"@STJ_SYRIA_ENG\" \/>\n<meta name=\"twitter:label1\" content=\"\u00c9crit par\" \/>\n\t<meta name=\"twitter:data1\" content=\"Author F\" \/>\n\t<meta name=\"twitter:label2\" content=\"Dur\u00e9e de lecture estim\u00e9e\" \/>\n\t<meta name=\"twitter:data2\" content=\"4 minutes\" \/>\n<script type=\"application\/ld+json\" class=\"yoast-schema-graph\">{\"@context\":\"https:\/\/schema.org\",\"@graph\":[{\"@type\":\"Article\",\"@id\":\"https:\/\/stj-sy.org\/fr\/je-vis-entre-lespoir-et-la-peur-temoignages-documentant-la-persistance-des-disparitions-forcees-en-syrie-post-assad\/#article\",\"isPartOf\":{\"@id\":\"https:\/\/stj-sy.org\/fr\/je-vis-entre-lespoir-et-la-peur-temoignages-documentant-la-persistance-des-disparitions-forcees-en-syrie-post-assad\/\"},\"author\":{\"name\":\"Author F\",\"@id\":\"https:\/\/stj-sy.org\/fr\/#\/schema\/person\/7b4a12abc44af9ac4d13678a3a0667ec\"},\"headline\":\"\u00ab\u00a0Je vis entre l\u2019espoir et la peur\u00a0\u00bb: T\u00e9moignages documentant la persistance des disparitions forc\u00e9es en Syrie post-Assad\",\"datePublished\":\"2025-12-26T16:20:43+00:00\",\"dateModified\":\"2025-12-26T16:44:40+00:00\",\"mainEntityOfPage\":{\"@id\":\"https:\/\/stj-sy.org\/fr\/je-vis-entre-lespoir-et-la-peur-temoignages-documentant-la-persistance-des-disparitions-forcees-en-syrie-post-assad\/\"},\"wordCount\":804,\"commentCount\":0,\"publisher\":{\"@id\":\"https:\/\/stj-sy.org\/fr\/#organization\"},\"image\":{\"@id\":\"https:\/\/stj-sy.org\/fr\/je-vis-entre-lespoir-et-la-peur-temoignages-documentant-la-persistance-des-disparitions-forcees-en-syrie-post-assad\/#primaryimage\"},\"thumbnailUrl\":\"https:\/\/stj-sy.org\/wp-content\/uploads\/2025\/08\/Cover-850-2.jpg\",\"articleSection\":[\"La Presse des droits de l'Homme\"],\"inLanguage\":\"fr-FR\",\"potentialAction\":[{\"@type\":\"CommentAction\",\"name\":\"Comment\",\"target\":[\"https:\/\/stj-sy.org\/fr\/je-vis-entre-lespoir-et-la-peur-temoignages-documentant-la-persistance-des-disparitions-forcees-en-syrie-post-assad\/#respond\"]}]},{\"@type\":\"WebPage\",\"@id\":\"https:\/\/stj-sy.org\/fr\/je-vis-entre-lespoir-et-la-peur-temoignages-documentant-la-persistance-des-disparitions-forcees-en-syrie-post-assad\/\",\"url\":\"https:\/\/stj-sy.org\/fr\/je-vis-entre-lespoir-et-la-peur-temoignages-documentant-la-persistance-des-disparitions-forcees-en-syrie-post-assad\/\",\"name\":\"\\\"Je vis entre l\u2019espoir et la peur\\\": T\u00e9moignages documentant la persistance des disparitions forc\u00e9es en Syrie post-Assad - \u0633\u0648\u0631\u064a\u0648\u0646 \u0645\u0646 \u0623\u062c\u0644 \u0627\u0644\u062d\u0642\u064a\u0642\u0629 \u0648\u0627\u0644\u0639\u062f\u0627\u0644\u0629\",\"isPartOf\":{\"@id\":\"https:\/\/stj-sy.org\/fr\/#website\"},\"primaryImageOfPage\":{\"@id\":\"https:\/\/stj-sy.org\/fr\/je-vis-entre-lespoir-et-la-peur-temoignages-documentant-la-persistance-des-disparitions-forcees-en-syrie-post-assad\/#primaryimage\"},\"image\":{\"@id\":\"https:\/\/stj-sy.org\/fr\/je-vis-entre-lespoir-et-la-peur-temoignages-documentant-la-persistance-des-disparitions-forcees-en-syrie-post-assad\/#primaryimage\"},\"thumbnailUrl\":\"https:\/\/stj-sy.org\/wp-content\/uploads\/2025\/08\/Cover-850-2.jpg\",\"datePublished\":\"2025-12-26T16:20:43+00:00\",\"dateModified\":\"2025-12-26T16:44:40+00:00\",\"breadcrumb\":{\"@id\":\"https:\/\/stj-sy.org\/fr\/je-vis-entre-lespoir-et-la-peur-temoignages-documentant-la-persistance-des-disparitions-forcees-en-syrie-post-assad\/#breadcrumb\"},\"inLanguage\":\"fr-FR\",\"potentialAction\":[{\"@type\":\"ReadAction\",\"target\":[\"https:\/\/stj-sy.org\/fr\/je-vis-entre-lespoir-et-la-peur-temoignages-documentant-la-persistance-des-disparitions-forcees-en-syrie-post-assad\/\"]}]},{\"@type\":\"ImageObject\",\"inLanguage\":\"fr-FR\",\"@id\":\"https:\/\/stj-sy.org\/fr\/je-vis-entre-lespoir-et-la-peur-temoignages-documentant-la-persistance-des-disparitions-forcees-en-syrie-post-assad\/#primaryimage\",\"url\":\"https:\/\/stj-sy.org\/wp-content\/uploads\/2025\/08\/Cover-850-2.jpg\",\"contentUrl\":\"https:\/\/stj-sy.org\/wp-content\/uploads\/2025\/08\/Cover-850-2.jpg\",\"width\":1700,\"height\":900},{\"@type\":\"BreadcrumbList\",\"@id\":\"https:\/\/stj-sy.org\/fr\/je-vis-entre-lespoir-et-la-peur-temoignages-documentant-la-persistance-des-disparitions-forcees-en-syrie-post-assad\/#breadcrumb\",\"itemListElement\":[{\"@type\":\"ListItem\",\"position\":1,\"name\":\"\u0627\u0644\u0631\u0626\u064a\u0633\u064a\u0629\",\"item\":\"https:\/\/stj-sy.org\/fr\/\"},{\"@type\":\"ListItem\",\"position\":2,\"name\":\"&#8220;Je vis entre l\u2019espoir et la peur&#8221;: T\u00e9moignages documentant la persistance des disparitions forc\u00e9es en Syrie post-Assad\"}]},{\"@type\":\"WebSite\",\"@id\":\"https:\/\/stj-sy.org\/fr\/#website\",\"url\":\"https:\/\/stj-sy.org\/fr\/\",\"name\":\"\u0633\u0648\u0631\u064a\u0648\u0646 \u0645\u0646 \u0623\u062c\u0644 \u0627\u0644\u062d\u0642\u064a\u0642\u0629 \u0648\u0627\u0644\u0639\u062f\u0627\u0644\u0629\",\"description\":\"\u0645\u0648\u0642\u0639 \u0648\u0648\u0631\u062f\u0628\u0631\u064a\u0633 \u0639\u0631\u0628\u064a \u0622\u062e\u0631\",\"publisher\":{\"@id\":\"https:\/\/stj-sy.org\/fr\/#organization\"},\"potentialAction\":[{\"@type\":\"SearchAction\",\"target\":{\"@type\":\"EntryPoint\",\"urlTemplate\":\"https:\/\/stj-sy.org\/fr\/?s={search_term_string}\"},\"query-input\":{\"@type\":\"PropertyValueSpecification\",\"valueRequired\":true,\"valueName\":\"search_term_string\"}}],\"inLanguage\":\"fr-FR\"},{\"@type\":\"Organization\",\"@id\":\"https:\/\/stj-sy.org\/fr\/#organization\",\"name\":\"Syrians for Truth and Justice\",\"url\":\"https:\/\/stj-sy.org\/fr\/\",\"logo\":{\"@type\":\"ImageObject\",\"inLanguage\":\"fr-FR\",\"@id\":\"https:\/\/stj-sy.org\/fr\/#\/schema\/logo\/image\/\",\"url\":\"https:\/\/stj-sy.org\/wp-content\/uploads\/2019\/05\/logo.png\",\"contentUrl\":\"https:\/\/stj-sy.org\/wp-content\/uploads\/2019\/05\/logo.png\",\"width\":231,\"height\":70,\"caption\":\"Syrians for Truth and Justice\"},\"image\":{\"@id\":\"https:\/\/stj-sy.org\/fr\/#\/schema\/logo\/image\/\"},\"sameAs\":[\"https:\/\/www.facebook.com\/SyriaSTJ\/\",\"https:\/\/x.com\/STJ_SYRIA_ENG\",\"https:\/\/www.instagram.com\/syrians_for_truth_and_justice\/\",\"https:\/\/www.linkedin.com\/in\/syrians-for-truth-and-justice-8a0119172\/\"]},{\"@type\":\"Person\",\"@id\":\"https:\/\/stj-sy.org\/fr\/#\/schema\/person\/7b4a12abc44af9ac4d13678a3a0667ec\",\"name\":\"Author F\",\"image\":{\"@type\":\"ImageObject\",\"inLanguage\":\"fr-FR\",\"@id\":\"https:\/\/stj-sy.org\/fr\/#\/schema\/person\/image\/\",\"url\":\"https:\/\/secure.gravatar.com\/avatar\/cfaa4306024b40cdc95016b39fb23a4cf59e20937eb620c84be496e82d20d4e5?s=96&d=mm&r=g\",\"contentUrl\":\"https:\/\/secure.gravatar.com\/avatar\/cfaa4306024b40cdc95016b39fb23a4cf59e20937eb620c84be496e82d20d4e5?s=96&d=mm&r=g\",\"caption\":\"Author F\"}}]}<\/script>\n<!-- \/ Yoast SEO plugin. -->","yoast_head_json":{"title":"\"Je vis entre l\u2019espoir et la peur\": T\u00e9moignages documentant la persistance des disparitions forc\u00e9es en Syrie post-Assad - \u0633\u0648\u0631\u064a\u0648\u0646 \u0645\u0646 \u0623\u062c\u0644 \u0627\u0644\u062d\u0642\u064a\u0642\u0629 \u0648\u0627\u0644\u0639\u062f\u0627\u0644\u0629","robots":{"index":"index","follow":"follow","max-snippet":"max-snippet:-1","max-image-preview":"max-image-preview:large","max-video-preview":"max-video-preview:-1"},"canonical":"https:\/\/stj-sy.org\/fr\/je-vis-entre-lespoir-et-la-peur-temoignages-documentant-la-persistance-des-disparitions-forcees-en-syrie-post-assad\/","og_locale":"fr_FR","og_type":"article","og_title":"\"Je vis entre l\u2019espoir et la peur\": T\u00e9moignages documentant la persistance des disparitions forc\u00e9es en Syrie post-Assad - \u0633\u0648\u0631\u064a\u0648\u0646 \u0645\u0646 \u0623\u062c\u0644 \u0627\u0644\u062d\u0642\u064a\u0642\u0629 \u0648\u0627\u0644\u0639\u062f\u0627\u0644\u0629","og_description":"R\u00e9sum\u00e9 ex\u00e9cutif Ce rapport documente des cas de disparitions forc\u00e9es survenus apr\u00e8s la chute du r\u00e9gime en d\u00e9cembre 2024, indiquant que cette violation n\u2019a pas cess\u00e9 avec la fin de&hellip;","og_url":"https:\/\/stj-sy.org\/fr\/je-vis-entre-lespoir-et-la-peur-temoignages-documentant-la-persistance-des-disparitions-forcees-en-syrie-post-assad\/","og_site_name":"\u0633\u0648\u0631\u064a\u0648\u0646 \u0645\u0646 \u0623\u062c\u0644 \u0627\u0644\u062d\u0642\u064a\u0642\u0629 \u0648\u0627\u0644\u0639\u062f\u0627\u0644\u0629","article_publisher":"https:\/\/www.facebook.com\/SyriaSTJ\/","article_published_time":"2025-12-26T16:20:43+00:00","article_modified_time":"2025-12-26T16:44:40+00:00","og_image":[{"width":1700,"height":900,"url":"https:\/\/stj-sy.org\/wp-content\/uploads\/2025\/08\/Cover-850-2.jpg","type":"image\/jpeg"}],"twitter_card":"summary_large_image","twitter_creator":"@STJ_SYRIA_ENG","twitter_site":"@STJ_SYRIA_ENG","twitter_misc":{"\u00c9crit par":"Author F","Dur\u00e9e de lecture estim\u00e9e":"4 minutes"},"schema":{"@context":"https:\/\/schema.org","@graph":[{"@type":"Article","@id":"https:\/\/stj-sy.org\/fr\/je-vis-entre-lespoir-et-la-peur-temoignages-documentant-la-persistance-des-disparitions-forcees-en-syrie-post-assad\/#article","isPartOf":{"@id":"https:\/\/stj-sy.org\/fr\/je-vis-entre-lespoir-et-la-peur-temoignages-documentant-la-persistance-des-disparitions-forcees-en-syrie-post-assad\/"},"author":{"name":"Author F","@id":"https:\/\/stj-sy.org\/fr\/#\/schema\/person\/7b4a12abc44af9ac4d13678a3a0667ec"},"headline":"\u00ab\u00a0Je vis entre l\u2019espoir et la peur\u00a0\u00bb: T\u00e9moignages documentant la persistance des disparitions forc\u00e9es en Syrie post-Assad","datePublished":"2025-12-26T16:20:43+00:00","dateModified":"2025-12-26T16:44:40+00:00","mainEntityOfPage":{"@id":"https:\/\/stj-sy.org\/fr\/je-vis-entre-lespoir-et-la-peur-temoignages-documentant-la-persistance-des-disparitions-forcees-en-syrie-post-assad\/"},"wordCount":804,"commentCount":0,"publisher":{"@id":"https:\/\/stj-sy.org\/fr\/#organization"},"image":{"@id":"https:\/\/stj-sy.org\/fr\/je-vis-entre-lespoir-et-la-peur-temoignages-documentant-la-persistance-des-disparitions-forcees-en-syrie-post-assad\/#primaryimage"},"thumbnailUrl":"https:\/\/stj-sy.org\/wp-content\/uploads\/2025\/08\/Cover-850-2.jpg","articleSection":["La Presse des droits de l'Homme"],"inLanguage":"fr-FR","potentialAction":[{"@type":"CommentAction","name":"Comment","target":["https:\/\/stj-sy.org\/fr\/je-vis-entre-lespoir-et-la-peur-temoignages-documentant-la-persistance-des-disparitions-forcees-en-syrie-post-assad\/#respond"]}]},{"@type":"WebPage","@id":"https:\/\/stj-sy.org\/fr\/je-vis-entre-lespoir-et-la-peur-temoignages-documentant-la-persistance-des-disparitions-forcees-en-syrie-post-assad\/","url":"https:\/\/stj-sy.org\/fr\/je-vis-entre-lespoir-et-la-peur-temoignages-documentant-la-persistance-des-disparitions-forcees-en-syrie-post-assad\/","name":"\"Je vis entre l\u2019espoir et la peur\": T\u00e9moignages documentant la persistance des disparitions forc\u00e9es en Syrie post-Assad - \u0633\u0648\u0631\u064a\u0648\u0646 \u0645\u0646 \u0623\u062c\u0644 \u0627\u0644\u062d\u0642\u064a\u0642\u0629 \u0648\u0627\u0644\u0639\u062f\u0627\u0644\u0629","isPartOf":{"@id":"https:\/\/stj-sy.org\/fr\/#website"},"primaryImageOfPage":{"@id":"https:\/\/stj-sy.org\/fr\/je-vis-entre-lespoir-et-la-peur-temoignages-documentant-la-persistance-des-disparitions-forcees-en-syrie-post-assad\/#primaryimage"},"image":{"@id":"https:\/\/stj-sy.org\/fr\/je-vis-entre-lespoir-et-la-peur-temoignages-documentant-la-persistance-des-disparitions-forcees-en-syrie-post-assad\/#primaryimage"},"thumbnailUrl":"https:\/\/stj-sy.org\/wp-content\/uploads\/2025\/08\/Cover-850-2.jpg","datePublished":"2025-12-26T16:20:43+00:00","dateModified":"2025-12-26T16:44:40+00:00","breadcrumb":{"@id":"https:\/\/stj-sy.org\/fr\/je-vis-entre-lespoir-et-la-peur-temoignages-documentant-la-persistance-des-disparitions-forcees-en-syrie-post-assad\/#breadcrumb"},"inLanguage":"fr-FR","potentialAction":[{"@type":"ReadAction","target":["https:\/\/stj-sy.org\/fr\/je-vis-entre-lespoir-et-la-peur-temoignages-documentant-la-persistance-des-disparitions-forcees-en-syrie-post-assad\/"]}]},{"@type":"ImageObject","inLanguage":"fr-FR","@id":"https:\/\/stj-sy.org\/fr\/je-vis-entre-lespoir-et-la-peur-temoignages-documentant-la-persistance-des-disparitions-forcees-en-syrie-post-assad\/#primaryimage","url":"https:\/\/stj-sy.org\/wp-content\/uploads\/2025\/08\/Cover-850-2.jpg","contentUrl":"https:\/\/stj-sy.org\/wp-content\/uploads\/2025\/08\/Cover-850-2.jpg","width":1700,"height":900},{"@type":"BreadcrumbList","@id":"https:\/\/stj-sy.org\/fr\/je-vis-entre-lespoir-et-la-peur-temoignages-documentant-la-persistance-des-disparitions-forcees-en-syrie-post-assad\/#breadcrumb","itemListElement":[{"@type":"ListItem","position":1,"name":"\u0627\u0644\u0631\u0626\u064a\u0633\u064a\u0629","item":"https:\/\/stj-sy.org\/fr\/"},{"@type":"ListItem","position":2,"name":"&#8220;Je vis entre l\u2019espoir et la peur&#8221;: T\u00e9moignages documentant la persistance des disparitions forc\u00e9es en Syrie post-Assad"}]},{"@type":"WebSite","@id":"https:\/\/stj-sy.org\/fr\/#website","url":"https:\/\/stj-sy.org\/fr\/","name":"\u0633\u0648\u0631\u064a\u0648\u0646 \u0645\u0646 \u0623\u062c\u0644 \u0627\u0644\u062d\u0642\u064a\u0642\u0629 \u0648\u0627\u0644\u0639\u062f\u0627\u0644\u0629","description":"\u0645\u0648\u0642\u0639 \u0648\u0648\u0631\u062f\u0628\u0631\u064a\u0633 \u0639\u0631\u0628\u064a \u0622\u062e\u0631","publisher":{"@id":"https:\/\/stj-sy.org\/fr\/#organization"},"potentialAction":[{"@type":"SearchAction","target":{"@type":"EntryPoint","urlTemplate":"https:\/\/stj-sy.org\/fr\/?s={search_term_string}"},"query-input":{"@type":"PropertyValueSpecification","valueRequired":true,"valueName":"search_term_string"}}],"inLanguage":"fr-FR"},{"@type":"Organization","@id":"https:\/\/stj-sy.org\/fr\/#organization","name":"Syrians for Truth and Justice","url":"https:\/\/stj-sy.org\/fr\/","logo":{"@type":"ImageObject","inLanguage":"fr-FR","@id":"https:\/\/stj-sy.org\/fr\/#\/schema\/logo\/image\/","url":"https:\/\/stj-sy.org\/wp-content\/uploads\/2019\/05\/logo.png","contentUrl":"https:\/\/stj-sy.org\/wp-content\/uploads\/2019\/05\/logo.png","width":231,"height":70,"caption":"Syrians for Truth and Justice"},"image":{"@id":"https:\/\/stj-sy.org\/fr\/#\/schema\/logo\/image\/"},"sameAs":["https:\/\/www.facebook.com\/SyriaSTJ\/","https:\/\/x.com\/STJ_SYRIA_ENG","https:\/\/www.instagram.com\/syrians_for_truth_and_justice\/","https:\/\/www.linkedin.com\/in\/syrians-for-truth-and-justice-8a0119172\/"]},{"@type":"Person","@id":"https:\/\/stj-sy.org\/fr\/#\/schema\/person\/7b4a12abc44af9ac4d13678a3a0667ec","name":"Author F","image":{"@type":"ImageObject","inLanguage":"fr-FR","@id":"https:\/\/stj-sy.org\/fr\/#\/schema\/person\/image\/","url":"https:\/\/secure.gravatar.com\/avatar\/cfaa4306024b40cdc95016b39fb23a4cf59e20937eb620c84be496e82d20d4e5?s=96&d=mm&r=g","contentUrl":"https:\/\/secure.gravatar.com\/avatar\/cfaa4306024b40cdc95016b39fb23a4cf59e20937eb620c84be496e82d20d4e5?s=96&d=mm&r=g","caption":"Author F"}}]}},"_links":{"self":[{"href":"https:\/\/stj-sy.org\/fr\/wp-json\/wp\/v2\/posts\/29271","targetHints":{"allow":["GET"]}}],"collection":[{"href":"https:\/\/stj-sy.org\/fr\/wp-json\/wp\/v2\/posts"}],"about":[{"href":"https:\/\/stj-sy.org\/fr\/wp-json\/wp\/v2\/types\/post"}],"author":[{"embeddable":true,"href":"https:\/\/stj-sy.org\/fr\/wp-json\/wp\/v2\/users\/15"}],"replies":[{"embeddable":true,"href":"https:\/\/stj-sy.org\/fr\/wp-json\/wp\/v2\/comments?post=29271"}],"version-history":[{"count":5,"href":"https:\/\/stj-sy.org\/fr\/wp-json\/wp\/v2\/posts\/29271\/revisions"}],"predecessor-version":[{"id":29295,"href":"https:\/\/stj-sy.org\/fr\/wp-json\/wp\/v2\/posts\/29271\/revisions\/29295"}],"wp:featuredmedia":[{"embeddable":true,"href":"https:\/\/stj-sy.org\/fr\/wp-json\/wp\/v2\/media\/28284"}],"wp:attachment":[{"href":"https:\/\/stj-sy.org\/fr\/wp-json\/wp\/v2\/media?parent=29271"}],"wp:term":[{"taxonomy":"category","embeddable":true,"href":"https:\/\/stj-sy.org\/fr\/wp-json\/wp\/v2\/categories?post=29271"},{"taxonomy":"post_tag","embeddable":true,"href":"https:\/\/stj-sy.org\/fr\/wp-json\/wp\/v2\/tags?post=29271"}],"curies":[{"name":"wp","href":"https:\/\/api.w.org\/{rel}","templated":true}]}}