{"id":26079,"date":"2024-10-08T12:21:05","date_gmt":"2024-10-08T09:21:05","guid":{"rendered":"https:\/\/stj-sy.org\/syrie-declaration-a-loccasion-du-cinquieme-anniversaire-de-loccupation-de-ras-al-ain-serekaniye-et-de-tal-abyad-lors-de-loperation-source-de-paix\/"},"modified":"2024-10-08T12:34:44","modified_gmt":"2024-10-08T09:34:44","slug":"syrie-declaration-a-loccasion-du-cinquieme-anniversaire-de-loccupation-de-ras-al-ain-serekaniye-et-de-tal-abyad-lors-de-loperation-source-de-paix","status":"publish","type":"post","link":"https:\/\/stj-sy.org\/fr\/syrie-declaration-a-loccasion-du-cinquieme-anniversaire-de-loccupation-de-ras-al-ain-serekaniye-et-de-tal-abyad-lors-de-loperation-source-de-paix\/","title":{"rendered":"Syrie : D\u00e9claration \u00e0 l&rsquo;occasion du cinqui\u00e8me anniversaire de l&rsquo;occupation de Ras al-Ain\/Serekaniye et de Tal Abyad lors de l&rsquo;op\u00e9ration \u00ab\u00a0Source de paix\u00a0\u00bb"},"content":{"rendered":"<p style=\"text-align: justify;\">Cinq ans se sont \u00e9coul\u00e9s depuis l&rsquo;occupation par la Turquie des r\u00e9gions de Ras al-Ain\/Serekaniye et de Tal Abyad\/Gr\u00e9 Spi, \u00e0 la suite de l&rsquo;op\u00e9ration militaire appel\u00e9e \u00ab\u00a0Source de paix\u00a0\u00bb, qui a d\u00e9but\u00e9 le 9 octobre 2019, sous pr\u00e9texte de cr\u00e9er une \u00ab\u00a0zone de s\u00e9curit\u00e9\u00a0\u00bb. Cependant, c&rsquo;est l&rsquo;inverse qui s&rsquo;est produit, car la r\u00e9gion a perdu en s\u00e9curit\u00e9 et en stabilit\u00e9, et elle continue de subir des violations des droits humains et un manque de respect de l&rsquo;\u00c9tat de droit.<\/p>\n<p style=\"text-align: justify;\">L&rsquo;incursion militaire a alors provoqu\u00e9 le d\u00e9placement de plus de 200 000 habitants originaires de la r\u00e9gion. La Turquie et les factions de \u00ab\u00a0l&rsquo;Arm\u00e9e nationale syrienne\u00a0\u00bb soutenues par elle ont bombard\u00e9 de mani\u00e8re indiscrimin\u00e9e des b\u00e2timents civils et ont syst\u00e9matiquement pill\u00e9 les biens priv\u00e9s des habitants locaux, de diverses communaut\u00e9s, notamment les Kurdes. De plus, les factions de l&rsquo;opposition syrienne ont emp\u00each\u00e9 des centaines de familles d\u00e9plac\u00e9es de retourner chez elles et de r\u00e9cup\u00e9rer leurs propri\u00e9t\u00e9s.<\/p>\n<p style=\"text-align: justify;\">Des dizaines de milliers d&rsquo;habitants autochtones restent d\u00e9plac\u00e9s de force, vivant dans des conditions humanitaires d\u00e9plorables dans des camps de d\u00e9plac\u00e9s et des centres d&rsquo;h\u00e9bergement qui manquent de soutien et de reconnaissance officielle par les agences onusiennes. Selon des estimations d&rsquo;organisations syriennes locales ind\u00e9pendantes, plus de 85 % des habitants de Ras al-Ain\/Serekaniye sont encore d\u00e9plac\u00e9s, et la population kurde est pass\u00e9e de 75 000 \u00e0 moins de 50 personnes. Le nombre d&rsquo;Arm\u00e9niens, de Syriaques et de Y\u00e9zidis a diminu\u00e9 \u00e0 quelques individus seulement. Par ailleurs, des milliers de familles d\u00e9plac\u00e9es d&rsquo;autres r\u00e9gions de Syrie ont \u00e9t\u00e9 install\u00e9es dans les maisons des habitants d\u00e9plac\u00e9s de force, et des dizaines de familles irakiennes, dont certaines sont li\u00e9es aux combattants de l&rsquo;\u00c9tat islamique (Daech), y ont \u00e9galement \u00e9t\u00e9 log\u00e9es. En outre, la Turquie tente ouvertement de r\u00e9installer un million de r\u00e9fugi\u00e9s syriens dans cette m\u00eame r\u00e9gion.<\/p>\n<p style=\"text-align: justify;\">Les efforts des autorit\u00e9s turques et des factions arm\u00e9es li\u00e9es \u00e0 la Coalition syrienne de l&rsquo;opposition pour modifier la structure d\u00e9mographique et culturelle de ces zones, \u00e0 travers des d\u00e9placements forc\u00e9s, la r\u00e9installation d&rsquo;autres groupes dans les maisons des autochtones et la turquisation ouverte, constituent un crime contre les populations autochtones, r\u00e9pr\u00e9hensible par le droit international et le droit international humanitaire. Il s&rsquo;agit d&rsquo;une tentative de changer l&rsquo;identit\u00e9 de la r\u00e9gion dans son ensemble.<\/p>\n<p style=\"text-align: justify;\">Au cours des cinq derni\u00e8res ann\u00e9es, la Turquie, qui contr\u00f4le effectivement tous les aspects militaires et civils de la r\u00e9gion, n\u2019a pas assum\u00e9 ses responsabilit\u00e9s en vertu du droit international et n\u2019a pris aucune mesure concr\u00e8te et s\u00e9rieuse pour prot\u00e9ger les civils ou am\u00e9liorer les conditions de vie. Au lieu de cela, elle a ferm\u00e9 les yeux sur les violations<\/p>\n<p style=\"text-align: justify;\">massives commises par les factions de \u00ab l\u2019Arm\u00e9e nationale syrienne \u00bb, ce qui a entra\u00een\u00e9 la prolif\u00e9ration des crimes tels que le pillage, le vol, les meurtres et les enl\u00e8vements. L&rsquo;absence de responsabilit\u00e9 et de sanctions encourage la poursuite de ces violations et aggrave la souffrance des populations locales.<\/p>\n<p style=\"text-align: justify;\">En tant que puissance occupante, la Turquie est tenue, en vertu de l\u2019article 43 du R\u00e8glement de La Haye de 1907 et de la Quatri\u00e8me Convention de Gen\u00e8ve de 1949, de prendre toutes les mesures en son pouvoir pour r\u00e9tablir et garantir l\u2019ordre public et la s\u00e9curit\u00e9. Cette obligation inclut le devoir de veiller au respect des r\u00e8gles du droit international des droits de l&rsquo;homme et du droit international humanitaire applicables, de prot\u00e9ger les habitants des territoires occup\u00e9s contre les actes de violence, et de ne tol\u00e9rer aucune violence de la part de tiers.<\/p>\n<p style=\"text-align: justify;\">Malgr\u00e9 ses engagements dans <a href=\"https:\/\/trumpwhitehouse.archives.gov\/briefings-statements\/united-states-turkey-agree-ceasefire-northeast-syria\/\">l&rsquo;accord<\/a> de \u00ab\u00a0cessez \u2013le- feu\u00a0\u00bb sign\u00e9 avec les \u00c9tats-Unis le 17 octobre 2019, qui stipulait notamment \u00ab\u00a0l&rsquo;engagement \u00e0 prot\u00e9ger les droits de l&rsquo;homme, \u00e0 prot\u00e9ger les communaut\u00e9s religieuses et ethniques, \u00e0 garantir la s\u00e9curit\u00e9 et le bien-\u00eatre de tous les habitants de la r\u00e9gion sous contr\u00f4le turc, et \u00e0 faire preuve d&rsquo;une extr\u00eame prudence pour \u00e9viter de nuire aux civils et aux infrastructures civiles\u00a0\u00bb, la Turquie s&rsquo;est soustraite \u00e0 ses responsabilit\u00e9s envers les populations et a ferm\u00e9 les yeux sur les violations et crimes \u00e0 grande \u00e9chelle pendant et apr\u00e8s l&rsquo;op\u00e9ration. Cela a conduit \u00e0 une prolif\u00e9ration des actes de pillage, de vol, de meurtre, d&rsquo;enl\u00e8vement et de d\u00e9tentions arbitraires.<\/p>\n<p style=\"text-align: justify;\">Mettre fin \u00e0 l&rsquo;occupation, permettre le retour des d\u00e9plac\u00e9s dans leurs foyers et indemniser les personnes affect\u00e9es dans le cadre d&rsquo;un processus garantissant la responsabilit\u00e9 et la justice pour les victimes sont les revendications les plus urgentes du point de vue des organisations signataires de cette d\u00e9claration. Aucune solution pacifique durable ne peut \u00eatre atteinte sans rendre justice aux victimes et sans garantir que ces crimes ne se reproduisent pas. En ce jour de comm\u00e9moration douloureux, nous r\u00e9affirmons que la question des villes de Ras al-Ain\/Serekaniye et de Tal Abyad repr\u00e9sente une cause humanitaire et nationale syrienne d&rsquo;une grande importance pour leurs habitants d\u00e9plac\u00e9s, qui aspirent \u00e0 un jour o\u00f9 leurs foyers seront de nouveau libres et s\u00fbrs.<\/p>\n<h3 style=\"text-align: justify;\">Ainsi, nous, les organisations signataires de cette d\u00e9claration, demandons ce qui suit:<\/h3>\n<ol style=\"text-align: justify;\">\n<li>Nations Unies et Conseil de s\u00e9curit\u00e9 : Mettre fin \u00e0 l&rsquo;occupation et garantir le retour volontaire, s\u00fbr et digne des d\u00e9plac\u00e9s, conform\u00e9ment aux normes des Nations Unies qui garantissent leurs droits. Reconna\u00eetre officiellement les camps accueillant les d\u00e9plac\u00e9s et leur fournir le soutien n\u00e9cessaire pour all\u00e9ger leurs souffrances.<\/li>\n<li>Gouvernement des \u00c9tats-Unis : Assurer la mise en \u0153uvre de l&rsquo;accord de cessez-le-feu et obliger la Turquie \u00e0 respecter les clauses visant \u00e0 prot\u00e9ger les populations civiles. Imposer des sanctions aux factions et groupes arm\u00e9s qui ont commis des violations et des crimes contre les civils, et travailler au retour des d\u00e9plac\u00e9s forc\u00e9s dans leurs r\u00e9gions d&rsquo;origine tout en soutenant les d\u00e9plac\u00e9s dans les camps.<\/li>\n<li>Commission d&rsquo;enqu\u00eate internationale ind\u00e9pendante et M\u00e9canisme international impartial: Publier un rapport sp\u00e9cifique sur les zones sous contr\u00f4le turc concernant les violations des droits humains et mener des enqu\u00eates structurelles sur les violations dans ces zones.<\/li>\n<li>Gouvernement turc : Assumer ses responsabilit\u00e9s en tant que puissance occupante, mettre fin aux actions des factions et groupes arm\u00e9s contre les civils, et \u00e9tablir un calendrier pr\u00e9cis pour mettre fin \u00e0 son occupation de ces zones afin de garantir le retour s\u00e9curis\u00e9 des habitants dans leurs r\u00e9gions. Cesser d\u2019utiliser l&rsquo;eau comme arme contre les habitants du nord-est de la Syrie dans les zones occup\u00e9es.<\/li>\n<li>Union europ\u00e9enne : Soutenir des projets visant \u00e0 all\u00e9ger les souffrances des d\u00e9plac\u00e9s dans les camps et centres d&rsquo;h\u00e9bergement, faire pression sur la Turquie pour qu&rsquo;elle cesse de soutenir les factions et groupes qui commettent des crimes et des violations contre les civils, et \u0153uvrer \u00e0 la responsabilit\u00e9 des auteurs de ces crimes dans ces r\u00e9gions \u00e0 travers un processus garantissant la responsabilit\u00e9 et l&rsquo;\u00e9quit\u00e9 pour les victimes. Aucune solution pacifique durable ne peut \u00eatre atteinte sans justice pour les victimes.<\/li>\n<\/ol>\n<h3 style=\"text-align: justify;\">Les organisations signataires, par ordre alphab\u00e9tique:<\/h3>\n<ol>\n<li>Accountability Advocates Organization<\/li>\n<li>Act for Afrin<\/li>\n<li>Adil Center for human Rights<\/li>\n<li>Afrin Platform<\/li>\n<li>Afrin Social Association<\/li>\n<li>Al Ahd<\/li>\n<li>Al Diyar Society<\/li>\n<li>Al Ghaith Development<\/li>\n<li>Al Nawras Development Organization<\/li>\n<li>Al Zajel<\/li>\n<li>Amal Al Furat Org<\/li>\n<li>Ambassadors Association for People with Disabilities<\/li>\n<li>Analysis and Strategic Studies Organization (ASO)<\/li>\n<li>Anwar Algahd<\/li>\n<li>ARAS Association<\/li>\n<li>Areej Organisation<\/li>\n<li>Artis Team for Arts, Culture and Children<\/li>\n<li>Ashna Development Organization<\/li>\n<li>ashti center<\/li>\n<li>Aso News network<\/li>\n<li>Bader Organization for Community Development<\/li>\n<li>Baladna<\/li>\n<li>BALLOON<\/li>\n<li>Bridges of Peace<\/li>\n<li>Bukra Ahla Association for Relief and Development<\/li>\n<li>Center for Research and Protection of Women&rsquo;s Rights<\/li>\n<li>Centerofliertiesbefense<\/li>\n<li>Chaushka Women&rsquo;s Association<\/li>\n<li>Cloud Org<\/li>\n<li>Community Solidarity Organization<\/li>\n<li>DAN for Relief and Development<\/li>\n<li>Dar Association for the Victims of Forced Displacement<\/li>\n<li>Das Leben<\/li>\n<li>DemoS<\/li>\n<li>Development Seeds Centre<\/li>\n<li>Dijla Organization for Development and Environment<\/li>\n<li>DOZ Organization<\/li>\n<li>Dya Al Aml<\/li>\n<li>Edraak Organization for Development and Peace<\/li>\n<li>Ella organization for development and peace building<\/li>\n<li>Emaar Al Mansura<\/li>\n<li>Engineering for Services<\/li>\n<li>Enlil Center<\/li>\n<li>Environmental Protection Association<\/li>\n<li>Ezdina Organization<\/li>\n<li>Fajr<\/li>\n<li>Foor Them<\/li>\n<li>Future Makers Team<\/li>\n<li>Hevy for relief and development<\/li>\n<li>HLD<\/li>\n<li>Hope Makers<\/li>\n<li>House of Citizenship Organization<\/li>\n<li>Human rights organization Afrin &#8211; Syria<\/li>\n<li>Human Rights Organization in Syria<\/li>\n<li>Humanitarian and Development Cooperation &#8211; HDC<\/li>\n<li>Insight Organization<\/li>\n<li>Jian Humanitarian Organization<\/li>\n<li>Jiyan foundation for human rights<\/li>\n<li>Kobani for Relief and Development<\/li>\n<li>Kurdish Cultural Association in Geneva<\/li>\n<li>Lamasat Al Khair Association for Relief and Development<\/li>\n<li>L\u00ealun Association for Victims<\/li>\n<li>Lights For Development And Construction<\/li>\n<li>Lots Association<\/li>\n<li>Malva Organization for Arts, Culture and Education<\/li>\n<li>Mary for culture<\/li>\n<li>Mawj for Development<\/li>\n<li>Missing Persons\u2019 Families Platform in North and East Syria (MPFP-NES)<\/li>\n<li>Nabd Team<\/li>\n<li>Nasmet Amal<\/li>\n<li>NES -LNGO- Platform<\/li>\n<li>Nour Al-Huda Charity Association<\/li>\n<li>Nowat organization<\/li>\n<li>N\u00fbdem<\/li>\n<li>Nudem Organization<\/li>\n<li>Nujeen Association of Community Development<\/li>\n<li>Okaz<\/li>\n<li>Organization \u00ab\u00a0Swaedna for Relief and Development<\/li>\n<li>Orgnaization of Zagon<\/li>\n<li>Orient Association<\/li>\n<li>Oxygen shabab<\/li>\n<li>Peac Tent<\/li>\n<li>Peace land organization<\/li>\n<li>Peace Pioneers<\/li>\n<li>PEACE SHE LEADER NETWORK<\/li>\n<li>P\u00caL- Civil Waves<\/li>\n<li>Purity<\/li>\n<li>Raja Organization for Relief and Development<\/li>\n<li>Ras Al-Ayn Platform<\/li>\n<li>R\u00ca for rehabilitation and development<\/li>\n<li>Reng for Development<\/li>\n<li>Restoring Hope<\/li>\n<li>Rights Defense Initiative- RDI<\/li>\n<li>Rojava Relief and Development Organization<\/li>\n<li>Rose<\/li>\n<li>Sahem Organization for Cooperation and Development<\/li>\n<li>Salam Organization<\/li>\n<li>Sanad Humanitarian Organization<\/li>\n<li>Sara Organization to Combat Violence Against Women<\/li>\n<li>Sawaeed Organization for Development<\/li>\n<li>SCSD<\/li>\n<li>Shamal Charitable Society<\/li>\n<li>SHARE FOR COMMUNITY DEVELOPMENT<\/li>\n<li>Silav Organization for Civil Activities<\/li>\n<li>Small Dreams Group<\/li>\n<li>SMART Center<\/li>\n<li>Stability Support Center.<\/li>\n<li>Synergy Association for Victims<\/li>\n<li>Syriac Cross Organization for Relief and Development<\/li>\n<li>Syrians for Truth and Justice &#8211; STJ<\/li>\n<li>Syrin Help Organization<\/li>\n<li>Taa Marbouta<\/li>\n<li>Tara Organization<\/li>\n<li>The Committee for the Displaced of Ser\u00eakaniy\u00ea \/Ras al-Ain.<\/li>\n<li>Tree of Life Development Organization<\/li>\n<li>Warshin AssociatiOn Of Environment<\/li>\n<li>Weqaya Association<\/li>\n<li>Wheat &amp; Olive Platform<\/li>\n<li>White Hope Organization<\/li>\n<li>White Human Organization<\/li>\n<li>Women for Peace<\/li>\n<li>Women Initiatives<\/li>\n<li>Youth for Change<\/li>\n<li>Zameen for Development and Peace Building<\/li>\n<li>Zhrat Al Furat Org<\/li>\n<li>Zorana for Development<\/li>\n<\/ol>\n<p>___________________________________________________________________________________________________________<\/p>\n","protected":false},"excerpt":{"rendered":"<p>Cinq ans se sont \u00e9coul\u00e9s depuis l&rsquo;occupation par la Turquie des r\u00e9gions de Ras al-Ain\/Serekaniye et de Tal Abyad\/Gr\u00e9 Spi, \u00e0 la suite de l&rsquo;op\u00e9ration militaire appel\u00e9e \u00ab\u00a0Source de paix\u00a0\u00bb,&hellip;<\/p>\n","protected":false},"author":12,"featured_media":26056,"comment_status":"open","ping_status":"open","sticky":false,"template":"","format":"link","meta":{"_lmt_disableupdate":"no","_lmt_disable":"","footnotes":""},"categories":[641],"tags":[1622,1623,1006,1624,1156],"class_list":["post-26079","post","type-post","status-publish","format-link","has-post-thumbnail","hentry","category-communiques-de-presse-et-declarations","tag-source-de-paix","tag-ras-al-ain-serekaniye-fr","tag-syrie","tag-tal-abyad","tag-turquie","post_format-post-format-link"],"yoast_head":"<!-- This site is optimized with the Yoast SEO plugin v26.8 - https:\/\/yoast.com\/product\/yoast-seo-wordpress\/ -->\n<title>Syrie : D\u00e9claration \u00e0 l&#039;occasion du cinqui\u00e8me anniversaire de l&#039;occupation de Ras al-Ain\/Serekaniye et de Tal Abyad lors de l&#039;op\u00e9ration &quot;Source de paix&quot; - \u0633\u0648\u0631\u064a\u0648\u0646 \u0645\u0646 \u0623\u062c\u0644 \u0627\u0644\u062d\u0642\u064a\u0642\u0629 \u0648\u0627\u0644\u0639\u062f\u0627\u0644\u0629<\/title>\n<meta name=\"robots\" content=\"index, follow, max-snippet:-1, max-image-preview:large, max-video-preview:-1\" \/>\n<link rel=\"canonical\" href=\"https:\/\/stj-sy.org\/fr\/syrie-declaration-a-loccasion-du-cinquieme-anniversaire-de-loccupation-de-ras-al-ain-serekaniye-et-de-tal-abyad-lors-de-loperation-source-de-paix\/\" \/>\n<meta property=\"og:locale\" content=\"fr_FR\" \/>\n<meta property=\"og:type\" content=\"article\" \/>\n<meta property=\"og:title\" content=\"Syrie : D\u00e9claration \u00e0 l&#039;occasion du cinqui\u00e8me anniversaire de l&#039;occupation de Ras al-Ain\/Serekaniye et de Tal Abyad lors de l&#039;op\u00e9ration &quot;Source de paix&quot; - \u0633\u0648\u0631\u064a\u0648\u0646 \u0645\u0646 \u0623\u062c\u0644 \u0627\u0644\u062d\u0642\u064a\u0642\u0629 \u0648\u0627\u0644\u0639\u062f\u0627\u0644\u0629\" \/>\n<meta property=\"og:description\" content=\"Cinq ans se sont \u00e9coul\u00e9s depuis l&rsquo;occupation par la Turquie des r\u00e9gions de Ras al-Ain\/Serekaniye et de Tal Abyad\/Gr\u00e9 Spi, \u00e0 la suite de l&rsquo;op\u00e9ration militaire appel\u00e9e \u00ab\u00a0Source de paix\u00a0\u00bb,&hellip;\" \/>\n<meta property=\"og:url\" content=\"https:\/\/stj-sy.org\/fr\/syrie-declaration-a-loccasion-du-cinquieme-anniversaire-de-loccupation-de-ras-al-ain-serekaniye-et-de-tal-abyad-lors-de-loperation-source-de-paix\/\" \/>\n<meta property=\"og:site_name\" content=\"\u0633\u0648\u0631\u064a\u0648\u0646 \u0645\u0646 \u0623\u062c\u0644 \u0627\u0644\u062d\u0642\u064a\u0642\u0629 \u0648\u0627\u0644\u0639\u062f\u0627\u0644\u0629\" \/>\n<meta property=\"article:publisher\" content=\"https:\/\/www.facebook.com\/SyriaSTJ\/\" \/>\n<meta property=\"article:published_time\" content=\"2024-10-08T09:21:05+00:00\" \/>\n<meta property=\"article:modified_time\" content=\"2024-10-08T09:34:44+00:00\" \/>\n<meta property=\"og:image\" content=\"https:\/\/stj-sy.org\/wp-content\/uploads\/2024\/10\/SyTuSt.jpg\" \/>\n\t<meta property=\"og:image:width\" content=\"850\" \/>\n\t<meta property=\"og:image:height\" content=\"450\" \/>\n\t<meta property=\"og:image:type\" content=\"image\/jpeg\" \/>\n<meta name=\"twitter:card\" content=\"summary_large_image\" \/>\n<meta name=\"twitter:creator\" content=\"@STJ_SYRIA_ENG\" \/>\n<meta name=\"twitter:site\" content=\"@STJ_SYRIA_ENG\" \/>\n<meta name=\"twitter:label1\" content=\"\u00c9crit par\" \/>\n\t<meta name=\"twitter:data1\" content=\"communication\" \/>\n\t<meta name=\"twitter:label2\" content=\"Dur\u00e9e de lecture estim\u00e9e\" \/>\n\t<meta name=\"twitter:data2\" content=\"8 minutes\" \/>\n<script type=\"application\/ld+json\" class=\"yoast-schema-graph\">{\"@context\":\"https:\/\/schema.org\",\"@graph\":[{\"@type\":\"Article\",\"@id\":\"https:\/\/stj-sy.org\/fr\/syrie-declaration-a-loccasion-du-cinquieme-anniversaire-de-loccupation-de-ras-al-ain-serekaniye-et-de-tal-abyad-lors-de-loperation-source-de-paix\/#article\",\"isPartOf\":{\"@id\":\"https:\/\/stj-sy.org\/fr\/syrie-declaration-a-loccasion-du-cinquieme-anniversaire-de-loccupation-de-ras-al-ain-serekaniye-et-de-tal-abyad-lors-de-loperation-source-de-paix\/\"},\"author\":{\"name\":\"communication\",\"@id\":\"https:\/\/stj-sy.org\/fr\/#\/schema\/person\/a2fd33978dc6e37e9c970d3003be6114\"},\"headline\":\"Syrie : D\u00e9claration \u00e0 l&rsquo;occasion du cinqui\u00e8me anniversaire de l&rsquo;occupation de Ras al-Ain\/Serekaniye et de Tal Abyad lors de l&rsquo;op\u00e9ration \u00ab\u00a0Source de paix\u00a0\u00bb\",\"datePublished\":\"2024-10-08T09:21:05+00:00\",\"dateModified\":\"2024-10-08T09:34:44+00:00\",\"mainEntityOfPage\":{\"@id\":\"https:\/\/stj-sy.org\/fr\/syrie-declaration-a-loccasion-du-cinquieme-anniversaire-de-loccupation-de-ras-al-ain-serekaniye-et-de-tal-abyad-lors-de-loperation-source-de-paix\/\"},\"wordCount\":1761,\"commentCount\":0,\"publisher\":{\"@id\":\"https:\/\/stj-sy.org\/fr\/#organization\"},\"image\":{\"@id\":\"https:\/\/stj-sy.org\/fr\/syrie-declaration-a-loccasion-du-cinquieme-anniversaire-de-loccupation-de-ras-al-ain-serekaniye-et-de-tal-abyad-lors-de-loperation-source-de-paix\/#primaryimage\"},\"thumbnailUrl\":\"https:\/\/stj-sy.org\/wp-content\/uploads\/2024\/10\/SyTuSt.jpg\",\"keywords\":[\"\\\"Source de paix\\\"\",\"Ras al-Ain\/Serekaniye\",\"Syrie\",\"Tal Abyad\",\"Turquie\"],\"articleSection\":[\"Communiqu\u00e9s de presse et d\u00e9clarations\"],\"inLanguage\":\"fr-FR\",\"potentialAction\":[{\"@type\":\"CommentAction\",\"name\":\"Comment\",\"target\":[\"https:\/\/stj-sy.org\/fr\/syrie-declaration-a-loccasion-du-cinquieme-anniversaire-de-loccupation-de-ras-al-ain-serekaniye-et-de-tal-abyad-lors-de-loperation-source-de-paix\/#respond\"]}]},{\"@type\":\"WebPage\",\"@id\":\"https:\/\/stj-sy.org\/fr\/syrie-declaration-a-loccasion-du-cinquieme-anniversaire-de-loccupation-de-ras-al-ain-serekaniye-et-de-tal-abyad-lors-de-loperation-source-de-paix\/\",\"url\":\"https:\/\/stj-sy.org\/fr\/syrie-declaration-a-loccasion-du-cinquieme-anniversaire-de-loccupation-de-ras-al-ain-serekaniye-et-de-tal-abyad-lors-de-loperation-source-de-paix\/\",\"name\":\"Syrie : D\u00e9claration \u00e0 l'occasion du cinqui\u00e8me anniversaire de l'occupation de Ras al-Ain\/Serekaniye et de Tal Abyad lors de l'op\u00e9ration \\\"Source de paix\\\" - \u0633\u0648\u0631\u064a\u0648\u0646 \u0645\u0646 \u0623\u062c\u0644 \u0627\u0644\u062d\u0642\u064a\u0642\u0629 \u0648\u0627\u0644\u0639\u062f\u0627\u0644\u0629\",\"isPartOf\":{\"@id\":\"https:\/\/stj-sy.org\/fr\/#website\"},\"primaryImageOfPage\":{\"@id\":\"https:\/\/stj-sy.org\/fr\/syrie-declaration-a-loccasion-du-cinquieme-anniversaire-de-loccupation-de-ras-al-ain-serekaniye-et-de-tal-abyad-lors-de-loperation-source-de-paix\/#primaryimage\"},\"image\":{\"@id\":\"https:\/\/stj-sy.org\/fr\/syrie-declaration-a-loccasion-du-cinquieme-anniversaire-de-loccupation-de-ras-al-ain-serekaniye-et-de-tal-abyad-lors-de-loperation-source-de-paix\/#primaryimage\"},\"thumbnailUrl\":\"https:\/\/stj-sy.org\/wp-content\/uploads\/2024\/10\/SyTuSt.jpg\",\"datePublished\":\"2024-10-08T09:21:05+00:00\",\"dateModified\":\"2024-10-08T09:34:44+00:00\",\"breadcrumb\":{\"@id\":\"https:\/\/stj-sy.org\/fr\/syrie-declaration-a-loccasion-du-cinquieme-anniversaire-de-loccupation-de-ras-al-ain-serekaniye-et-de-tal-abyad-lors-de-loperation-source-de-paix\/#breadcrumb\"},\"inLanguage\":\"fr-FR\",\"potentialAction\":[{\"@type\":\"ReadAction\",\"target\":[\"https:\/\/stj-sy.org\/fr\/syrie-declaration-a-loccasion-du-cinquieme-anniversaire-de-loccupation-de-ras-al-ain-serekaniye-et-de-tal-abyad-lors-de-loperation-source-de-paix\/\"]}]},{\"@type\":\"ImageObject\",\"inLanguage\":\"fr-FR\",\"@id\":\"https:\/\/stj-sy.org\/fr\/syrie-declaration-a-loccasion-du-cinquieme-anniversaire-de-loccupation-de-ras-al-ain-serekaniye-et-de-tal-abyad-lors-de-loperation-source-de-paix\/#primaryimage\",\"url\":\"https:\/\/stj-sy.org\/wp-content\/uploads\/2024\/10\/SyTuSt.jpg\",\"contentUrl\":\"https:\/\/stj-sy.org\/wp-content\/uploads\/2024\/10\/SyTuSt.jpg\",\"width\":850,\"height\":450},{\"@type\":\"BreadcrumbList\",\"@id\":\"https:\/\/stj-sy.org\/fr\/syrie-declaration-a-loccasion-du-cinquieme-anniversaire-de-loccupation-de-ras-al-ain-serekaniye-et-de-tal-abyad-lors-de-loperation-source-de-paix\/#breadcrumb\",\"itemListElement\":[{\"@type\":\"ListItem\",\"position\":1,\"name\":\"\u0627\u0644\u0631\u0626\u064a\u0633\u064a\u0629\",\"item\":\"https:\/\/stj-sy.org\/fr\/\"},{\"@type\":\"ListItem\",\"position\":2,\"name\":\"Syrie : D\u00e9claration \u00e0 l&#8217;occasion du cinqui\u00e8me anniversaire de l&#8217;occupation de Ras al-Ain\/Serekaniye et de Tal Abyad lors de l&#8217;op\u00e9ration &#8220;Source de paix&#8221;\"}]},{\"@type\":\"WebSite\",\"@id\":\"https:\/\/stj-sy.org\/fr\/#website\",\"url\":\"https:\/\/stj-sy.org\/fr\/\",\"name\":\"\u0633\u0648\u0631\u064a\u0648\u0646 \u0645\u0646 \u0623\u062c\u0644 \u0627\u0644\u062d\u0642\u064a\u0642\u0629 \u0648\u0627\u0644\u0639\u062f\u0627\u0644\u0629\",\"description\":\"\u0645\u0648\u0642\u0639 \u0648\u0648\u0631\u062f\u0628\u0631\u064a\u0633 \u0639\u0631\u0628\u064a \u0622\u062e\u0631\",\"publisher\":{\"@id\":\"https:\/\/stj-sy.org\/fr\/#organization\"},\"potentialAction\":[{\"@type\":\"SearchAction\",\"target\":{\"@type\":\"EntryPoint\",\"urlTemplate\":\"https:\/\/stj-sy.org\/fr\/?s={search_term_string}\"},\"query-input\":{\"@type\":\"PropertyValueSpecification\",\"valueRequired\":true,\"valueName\":\"search_term_string\"}}],\"inLanguage\":\"fr-FR\"},{\"@type\":\"Organization\",\"@id\":\"https:\/\/stj-sy.org\/fr\/#organization\",\"name\":\"Syrians for Truth and Justice\",\"url\":\"https:\/\/stj-sy.org\/fr\/\",\"logo\":{\"@type\":\"ImageObject\",\"inLanguage\":\"fr-FR\",\"@id\":\"https:\/\/stj-sy.org\/fr\/#\/schema\/logo\/image\/\",\"url\":\"https:\/\/stj-sy.org\/wp-content\/uploads\/2019\/05\/logo.png\",\"contentUrl\":\"https:\/\/stj-sy.org\/wp-content\/uploads\/2019\/05\/logo.png\",\"width\":231,\"height\":70,\"caption\":\"Syrians for Truth and Justice\"},\"image\":{\"@id\":\"https:\/\/stj-sy.org\/fr\/#\/schema\/logo\/image\/\"},\"sameAs\":[\"https:\/\/www.facebook.com\/SyriaSTJ\/\",\"https:\/\/x.com\/STJ_SYRIA_ENG\",\"https:\/\/www.instagram.com\/syrians_for_truth_and_justice\/\",\"https:\/\/www.linkedin.com\/in\/syrians-for-truth-and-justice-8a0119172\/\"]},{\"@type\":\"Person\",\"@id\":\"https:\/\/stj-sy.org\/fr\/#\/schema\/person\/a2fd33978dc6e37e9c970d3003be6114\",\"name\":\"communication\",\"image\":{\"@type\":\"ImageObject\",\"inLanguage\":\"fr-FR\",\"@id\":\"https:\/\/stj-sy.org\/fr\/#\/schema\/person\/image\/\",\"url\":\"https:\/\/secure.gravatar.com\/avatar\/3286489a5c58069211660a59084c2d74cb161ba3ae3d7373192e1fb81dad274f?s=96&d=mm&r=g\",\"contentUrl\":\"https:\/\/secure.gravatar.com\/avatar\/3286489a5c58069211660a59084c2d74cb161ba3ae3d7373192e1fb81dad274f?s=96&d=mm&r=g\",\"caption\":\"communication\"}}]}<\/script>\n<!-- \/ Yoast SEO plugin. -->","yoast_head_json":{"title":"Syrie : D\u00e9claration \u00e0 l'occasion du cinqui\u00e8me anniversaire de l'occupation de Ras al-Ain\/Serekaniye et de Tal Abyad lors de l'op\u00e9ration \"Source de paix\" - \u0633\u0648\u0631\u064a\u0648\u0646 \u0645\u0646 \u0623\u062c\u0644 \u0627\u0644\u062d\u0642\u064a\u0642\u0629 \u0648\u0627\u0644\u0639\u062f\u0627\u0644\u0629","robots":{"index":"index","follow":"follow","max-snippet":"max-snippet:-1","max-image-preview":"max-image-preview:large","max-video-preview":"max-video-preview:-1"},"canonical":"https:\/\/stj-sy.org\/fr\/syrie-declaration-a-loccasion-du-cinquieme-anniversaire-de-loccupation-de-ras-al-ain-serekaniye-et-de-tal-abyad-lors-de-loperation-source-de-paix\/","og_locale":"fr_FR","og_type":"article","og_title":"Syrie : D\u00e9claration \u00e0 l'occasion du cinqui\u00e8me anniversaire de l'occupation de Ras al-Ain\/Serekaniye et de Tal Abyad lors de l'op\u00e9ration \"Source de paix\" - \u0633\u0648\u0631\u064a\u0648\u0646 \u0645\u0646 \u0623\u062c\u0644 \u0627\u0644\u062d\u0642\u064a\u0642\u0629 \u0648\u0627\u0644\u0639\u062f\u0627\u0644\u0629","og_description":"Cinq ans se sont \u00e9coul\u00e9s depuis l&rsquo;occupation par la Turquie des r\u00e9gions de Ras al-Ain\/Serekaniye et de Tal Abyad\/Gr\u00e9 Spi, \u00e0 la suite de l&rsquo;op\u00e9ration militaire appel\u00e9e \u00ab\u00a0Source de paix\u00a0\u00bb,&hellip;","og_url":"https:\/\/stj-sy.org\/fr\/syrie-declaration-a-loccasion-du-cinquieme-anniversaire-de-loccupation-de-ras-al-ain-serekaniye-et-de-tal-abyad-lors-de-loperation-source-de-paix\/","og_site_name":"\u0633\u0648\u0631\u064a\u0648\u0646 \u0645\u0646 \u0623\u062c\u0644 \u0627\u0644\u062d\u0642\u064a\u0642\u0629 \u0648\u0627\u0644\u0639\u062f\u0627\u0644\u0629","article_publisher":"https:\/\/www.facebook.com\/SyriaSTJ\/","article_published_time":"2024-10-08T09:21:05+00:00","article_modified_time":"2024-10-08T09:34:44+00:00","og_image":[{"width":850,"height":450,"url":"https:\/\/stj-sy.org\/wp-content\/uploads\/2024\/10\/SyTuSt.jpg","type":"image\/jpeg"}],"twitter_card":"summary_large_image","twitter_creator":"@STJ_SYRIA_ENG","twitter_site":"@STJ_SYRIA_ENG","twitter_misc":{"\u00c9crit par":"communication","Dur\u00e9e de lecture estim\u00e9e":"8 minutes"},"schema":{"@context":"https:\/\/schema.org","@graph":[{"@type":"Article","@id":"https:\/\/stj-sy.org\/fr\/syrie-declaration-a-loccasion-du-cinquieme-anniversaire-de-loccupation-de-ras-al-ain-serekaniye-et-de-tal-abyad-lors-de-loperation-source-de-paix\/#article","isPartOf":{"@id":"https:\/\/stj-sy.org\/fr\/syrie-declaration-a-loccasion-du-cinquieme-anniversaire-de-loccupation-de-ras-al-ain-serekaniye-et-de-tal-abyad-lors-de-loperation-source-de-paix\/"},"author":{"name":"communication","@id":"https:\/\/stj-sy.org\/fr\/#\/schema\/person\/a2fd33978dc6e37e9c970d3003be6114"},"headline":"Syrie : D\u00e9claration \u00e0 l&rsquo;occasion du cinqui\u00e8me anniversaire de l&rsquo;occupation de Ras al-Ain\/Serekaniye et de Tal Abyad lors de l&rsquo;op\u00e9ration \u00ab\u00a0Source de paix\u00a0\u00bb","datePublished":"2024-10-08T09:21:05+00:00","dateModified":"2024-10-08T09:34:44+00:00","mainEntityOfPage":{"@id":"https:\/\/stj-sy.org\/fr\/syrie-declaration-a-loccasion-du-cinquieme-anniversaire-de-loccupation-de-ras-al-ain-serekaniye-et-de-tal-abyad-lors-de-loperation-source-de-paix\/"},"wordCount":1761,"commentCount":0,"publisher":{"@id":"https:\/\/stj-sy.org\/fr\/#organization"},"image":{"@id":"https:\/\/stj-sy.org\/fr\/syrie-declaration-a-loccasion-du-cinquieme-anniversaire-de-loccupation-de-ras-al-ain-serekaniye-et-de-tal-abyad-lors-de-loperation-source-de-paix\/#primaryimage"},"thumbnailUrl":"https:\/\/stj-sy.org\/wp-content\/uploads\/2024\/10\/SyTuSt.jpg","keywords":["\"Source de paix\"","Ras al-Ain\/Serekaniye","Syrie","Tal Abyad","Turquie"],"articleSection":["Communiqu\u00e9s de presse et d\u00e9clarations"],"inLanguage":"fr-FR","potentialAction":[{"@type":"CommentAction","name":"Comment","target":["https:\/\/stj-sy.org\/fr\/syrie-declaration-a-loccasion-du-cinquieme-anniversaire-de-loccupation-de-ras-al-ain-serekaniye-et-de-tal-abyad-lors-de-loperation-source-de-paix\/#respond"]}]},{"@type":"WebPage","@id":"https:\/\/stj-sy.org\/fr\/syrie-declaration-a-loccasion-du-cinquieme-anniversaire-de-loccupation-de-ras-al-ain-serekaniye-et-de-tal-abyad-lors-de-loperation-source-de-paix\/","url":"https:\/\/stj-sy.org\/fr\/syrie-declaration-a-loccasion-du-cinquieme-anniversaire-de-loccupation-de-ras-al-ain-serekaniye-et-de-tal-abyad-lors-de-loperation-source-de-paix\/","name":"Syrie : D\u00e9claration \u00e0 l'occasion du cinqui\u00e8me anniversaire de l'occupation de Ras al-Ain\/Serekaniye et de Tal Abyad lors de l'op\u00e9ration \"Source de paix\" - \u0633\u0648\u0631\u064a\u0648\u0646 \u0645\u0646 \u0623\u062c\u0644 \u0627\u0644\u062d\u0642\u064a\u0642\u0629 \u0648\u0627\u0644\u0639\u062f\u0627\u0644\u0629","isPartOf":{"@id":"https:\/\/stj-sy.org\/fr\/#website"},"primaryImageOfPage":{"@id":"https:\/\/stj-sy.org\/fr\/syrie-declaration-a-loccasion-du-cinquieme-anniversaire-de-loccupation-de-ras-al-ain-serekaniye-et-de-tal-abyad-lors-de-loperation-source-de-paix\/#primaryimage"},"image":{"@id":"https:\/\/stj-sy.org\/fr\/syrie-declaration-a-loccasion-du-cinquieme-anniversaire-de-loccupation-de-ras-al-ain-serekaniye-et-de-tal-abyad-lors-de-loperation-source-de-paix\/#primaryimage"},"thumbnailUrl":"https:\/\/stj-sy.org\/wp-content\/uploads\/2024\/10\/SyTuSt.jpg","datePublished":"2024-10-08T09:21:05+00:00","dateModified":"2024-10-08T09:34:44+00:00","breadcrumb":{"@id":"https:\/\/stj-sy.org\/fr\/syrie-declaration-a-loccasion-du-cinquieme-anniversaire-de-loccupation-de-ras-al-ain-serekaniye-et-de-tal-abyad-lors-de-loperation-source-de-paix\/#breadcrumb"},"inLanguage":"fr-FR","potentialAction":[{"@type":"ReadAction","target":["https:\/\/stj-sy.org\/fr\/syrie-declaration-a-loccasion-du-cinquieme-anniversaire-de-loccupation-de-ras-al-ain-serekaniye-et-de-tal-abyad-lors-de-loperation-source-de-paix\/"]}]},{"@type":"ImageObject","inLanguage":"fr-FR","@id":"https:\/\/stj-sy.org\/fr\/syrie-declaration-a-loccasion-du-cinquieme-anniversaire-de-loccupation-de-ras-al-ain-serekaniye-et-de-tal-abyad-lors-de-loperation-source-de-paix\/#primaryimage","url":"https:\/\/stj-sy.org\/wp-content\/uploads\/2024\/10\/SyTuSt.jpg","contentUrl":"https:\/\/stj-sy.org\/wp-content\/uploads\/2024\/10\/SyTuSt.jpg","width":850,"height":450},{"@type":"BreadcrumbList","@id":"https:\/\/stj-sy.org\/fr\/syrie-declaration-a-loccasion-du-cinquieme-anniversaire-de-loccupation-de-ras-al-ain-serekaniye-et-de-tal-abyad-lors-de-loperation-source-de-paix\/#breadcrumb","itemListElement":[{"@type":"ListItem","position":1,"name":"\u0627\u0644\u0631\u0626\u064a\u0633\u064a\u0629","item":"https:\/\/stj-sy.org\/fr\/"},{"@type":"ListItem","position":2,"name":"Syrie : D\u00e9claration \u00e0 l&#8217;occasion du cinqui\u00e8me anniversaire de l&#8217;occupation de Ras al-Ain\/Serekaniye et de Tal Abyad lors de l&#8217;op\u00e9ration &#8220;Source de paix&#8221;"}]},{"@type":"WebSite","@id":"https:\/\/stj-sy.org\/fr\/#website","url":"https:\/\/stj-sy.org\/fr\/","name":"\u0633\u0648\u0631\u064a\u0648\u0646 \u0645\u0646 \u0623\u062c\u0644 \u0627\u0644\u062d\u0642\u064a\u0642\u0629 \u0648\u0627\u0644\u0639\u062f\u0627\u0644\u0629","description":"\u0645\u0648\u0642\u0639 \u0648\u0648\u0631\u062f\u0628\u0631\u064a\u0633 \u0639\u0631\u0628\u064a \u0622\u062e\u0631","publisher":{"@id":"https:\/\/stj-sy.org\/fr\/#organization"},"potentialAction":[{"@type":"SearchAction","target":{"@type":"EntryPoint","urlTemplate":"https:\/\/stj-sy.org\/fr\/?s={search_term_string}"},"query-input":{"@type":"PropertyValueSpecification","valueRequired":true,"valueName":"search_term_string"}}],"inLanguage":"fr-FR"},{"@type":"Organization","@id":"https:\/\/stj-sy.org\/fr\/#organization","name":"Syrians for Truth and Justice","url":"https:\/\/stj-sy.org\/fr\/","logo":{"@type":"ImageObject","inLanguage":"fr-FR","@id":"https:\/\/stj-sy.org\/fr\/#\/schema\/logo\/image\/","url":"https:\/\/stj-sy.org\/wp-content\/uploads\/2019\/05\/logo.png","contentUrl":"https:\/\/stj-sy.org\/wp-content\/uploads\/2019\/05\/logo.png","width":231,"height":70,"caption":"Syrians for Truth and Justice"},"image":{"@id":"https:\/\/stj-sy.org\/fr\/#\/schema\/logo\/image\/"},"sameAs":["https:\/\/www.facebook.com\/SyriaSTJ\/","https:\/\/x.com\/STJ_SYRIA_ENG","https:\/\/www.instagram.com\/syrians_for_truth_and_justice\/","https:\/\/www.linkedin.com\/in\/syrians-for-truth-and-justice-8a0119172\/"]},{"@type":"Person","@id":"https:\/\/stj-sy.org\/fr\/#\/schema\/person\/a2fd33978dc6e37e9c970d3003be6114","name":"communication","image":{"@type":"ImageObject","inLanguage":"fr-FR","@id":"https:\/\/stj-sy.org\/fr\/#\/schema\/person\/image\/","url":"https:\/\/secure.gravatar.com\/avatar\/3286489a5c58069211660a59084c2d74cb161ba3ae3d7373192e1fb81dad274f?s=96&d=mm&r=g","contentUrl":"https:\/\/secure.gravatar.com\/avatar\/3286489a5c58069211660a59084c2d74cb161ba3ae3d7373192e1fb81dad274f?s=96&d=mm&r=g","caption":"communication"}}]}},"_links":{"self":[{"href":"https:\/\/stj-sy.org\/fr\/wp-json\/wp\/v2\/posts\/26079","targetHints":{"allow":["GET"]}}],"collection":[{"href":"https:\/\/stj-sy.org\/fr\/wp-json\/wp\/v2\/posts"}],"about":[{"href":"https:\/\/stj-sy.org\/fr\/wp-json\/wp\/v2\/types\/post"}],"author":[{"embeddable":true,"href":"https:\/\/stj-sy.org\/fr\/wp-json\/wp\/v2\/users\/12"}],"replies":[{"embeddable":true,"href":"https:\/\/stj-sy.org\/fr\/wp-json\/wp\/v2\/comments?post=26079"}],"version-history":[{"count":2,"href":"https:\/\/stj-sy.org\/fr\/wp-json\/wp\/v2\/posts\/26079\/revisions"}],"predecessor-version":[{"id":26086,"href":"https:\/\/stj-sy.org\/fr\/wp-json\/wp\/v2\/posts\/26079\/revisions\/26086"}],"wp:featuredmedia":[{"embeddable":true,"href":"https:\/\/stj-sy.org\/fr\/wp-json\/wp\/v2\/media\/26056"}],"wp:attachment":[{"href":"https:\/\/stj-sy.org\/fr\/wp-json\/wp\/v2\/media?parent=26079"}],"wp:term":[{"taxonomy":"category","embeddable":true,"href":"https:\/\/stj-sy.org\/fr\/wp-json\/wp\/v2\/categories?post=26079"},{"taxonomy":"post_tag","embeddable":true,"href":"https:\/\/stj-sy.org\/fr\/wp-json\/wp\/v2\/tags?post=26079"}],"curies":[{"name":"wp","href":"https:\/\/api.w.org\/{rel}","templated":true}]}}