{"id":13877,"date":"2021-06-26T19:43:47","date_gmt":"2021-06-26T16:43:47","guid":{"rendered":"https:\/\/stj-sy.org\/offre-demploi-agent-comptable-et-administratif-2\/"},"modified":"2021-06-26T20:36:56","modified_gmt":"2021-06-26T17:36:56","slug":"offre-demploi-agent-comptable-et-administratif-2","status":"publish","type":"post","link":"https:\/\/stj-sy.org\/fr\/offre-demploi-agent-comptable-et-administratif-2\/","title":{"rendered":"Offre d\u2019emploi &#8211; Agent comptable et administratif"},"content":{"rendered":"<h4><strong>Offre d\u2019emploi &#8211; Agent comptable et administratif<\/strong><\/h4>\n<div class=\"pcrstb-wrap\"><table width=\"654\">\n<tbody>\n<tr>\n<td width=\"162\"><strong>Nom de l&rsquo;organisation<\/strong><\/td>\n<td width=\"492\">Syrians for Truth and Justice <a href=\"http:\/\/www.stj-sy.org\">www.stj-sy.org<\/a><\/td>\n<\/tr>\n<tr>\n<td width=\"162\"><strong>Position<\/strong><\/td>\n<td width=\"492\">Agent comptable et administratif<\/td>\n<\/tr>\n<tr>\n<td width=\"162\"><strong>Contrat<\/strong><\/td>\n<td width=\"492\">\u25cf&nbsp;&nbsp;&nbsp;&nbsp;&nbsp;&nbsp; Temps complet<\/p>\n<p>\u25cf&nbsp;&nbsp;&nbsp;&nbsp;&nbsp;&nbsp; CDD (18 mois \u00e0 partir de Juillet, renouvelable)<\/td>\n<\/tr>\n<tr>\n<td width=\"162\"><strong>Bas\u00e9 \u00e0<\/strong><\/td>\n<td width=\"492\">T\u00e9l\u00e9travail, doit \u00eatre bas\u00e9 en France<\/td>\n<\/tr>\n<tr>\n<td width=\"162\"><strong>Responsable<\/strong><\/td>\n<td width=\"492\">Directeur des Finances, Directeur Ex\u00e9cutif<\/td>\n<\/tr>\n<\/tbody>\n<\/table><\/div>\n<h4><strong>Qui sommes-nous<\/strong><\/h4>\n<p>Convaincue que la diversit\u00e9 qui a historiquement d\u00e9fini la Syrie est une richesse, notre \u00e9quipe de chercheurs et de volontaires travaille avec d\u00e9vouement pour documenter les violations des droits de l&rsquo;homme commises en Syrie, afin de promouvoir l&rsquo;inclusion et de s&rsquo;assurer que tous les Syriens sont repr\u00e9sent\u00e9s et que leurs droits sont respect\u00e9s.<\/p>\n<p>Depuis sa cr\u00e9ation, STJ a eu acc\u00e8s \u00e0 des milliers de victimes, a document\u00e9 des centaines de violations et a form\u00e9 des dizaines d\u2019activistes des droits de l&rsquo;homme. Sa base de donn\u00e9es priv\u00e9e refl\u00e8te cet engagement et vise \u00e0 contribuer aux perspectives de justice. Couvrant toutes les r\u00e9gions de Syrie, STJ a mis \u00e0 profit son exp\u00e9rience de la documentation dans une zone de conflit afin d&rsquo;atteindre la population, d&rsquo;\u00e9couter son histoire et de recueillir des preuves. D\u00e9sireux de renforcer la soci\u00e9t\u00e9 civile syrienne, nous mettons \u00e9galement en \u0153uvre des projets de formation dans divers domaines, notamment la s\u00e9curit\u00e9 num\u00e9rique et l&rsquo;engagement civique, afin de transf\u00e9rer nos comp\u00e9tences et notre expertise aux acteurs du changement sur le terrain.<\/p>\n<h4><strong>Le d\u00e9partement<\/strong><\/h4>\n<ul>\n<li>G\u00e8re les communications et coordonne les relations entre l\u2019organisation et les institutions en France (banque, comptable, auditeur et autres);<\/li>\n<li>Rapporte aux donneurs (rapports financiers, participation aux rapports narratifs en collaboration avec l\u2019\u00e9quipe);<\/li>\n<li>G\u00e8re les feuilles de salaires et les d\u00e9penses de l\u2019organisation;<\/li>\n<li>Soutenir la gestion des ressources humaines de l\u2019organisation;<\/li>\n<\/ul>\n<h4><strong>Principales responsabilit\u00e9s<\/strong><\/h4>\n<ol>\n<li>Communique et coordonne avec les diverses institutions en rapport avec les aspects financiers, l\u00e9gaux et administratifs, en particulier l\u2019URSSAF, le Tr\u00e9sor Public et la banque&nbsp;;<\/li>\n<li>R\u00e9dige les contrats et accords entre l\u2019organisation et les parties tiers, en accord avec les dispositions l\u00e9gales;<\/li>\n<li>G\u00e8re les contrats, les jours de travail et les cong\u00e9s des salari\u00e9s;<\/li>\n<li>Collecte, organise, et communique les factures au comptable et autres parties concern\u00e9es;<\/li>\n<li>R\u00e9dige les rapports financiers \u00e0 l\u2019attention des donneurs et contribue \u00e0 la r\u00e9daction des rapports narratifs;<\/li>\n<li>G\u00e8re les relations avec les soci\u00e9t\u00e9s de service (t\u00e9l\u00e9phonie, domiciliation et autres);<\/li>\n<li>Analyse les performances des projets et s\u2019assure que des proc\u00e9dures de contr\u00f4les efficaces sont mises en place, en accord avec les exigences des donneurs;<\/li>\n<li>Assiste dans la pr\u00e9paration annuelle du budget et dans la pr\u00e9paration des demandes de subvention;<\/li>\n<li>Entretient un syst\u00e8me financier efficace et assure la transparence de nos registres financiers;<\/li>\n<li>Assiste \u00e0 la pr\u00e9paration du dossier annuel d\u2019audit.<\/li>\n<\/ol>\n<h4><strong>Requis<\/strong><\/h4>\n<ul>\n<li>Minimum licence en comptabilit\u00e9, management ou un domaine connexe.<\/li>\n<li>Un minimum de deux ans d\u2019exp\u00e9rience dans une position similaire dans le secteur des ONG;<\/li>\n<li>Une connaissance du travail des ONG bas\u00e9e en France et travaillant \u00e0 l\u2019\u00e9tranger, ainsi que des dispositions l\u00e9gales encadrant leur activit\u00e9. Tr\u00e8s bonnes connaissances du syst\u00e8me administratif fran\u00e7ais;<\/li>\n<li>Fran\u00e7ais courant, tr\u00e8s bon anglais, et arabe (lu et \u00e9crit)&nbsp;;<\/li>\n<li>Capacit\u00e9 \u00e0 communiquer et construire des relations avec diverses parties;<\/li>\n<li>Comp\u00e9tences administratives et interpersonnelles.<\/li>\n<li>Autoris\u00e9 \u00e0 travailler en France.<\/li>\n<\/ul>\n<h4><strong>D\u00e9sirable<\/strong><\/h4>\n<ul>\n<li>Capacit\u00e9 et d\u00e9sir de travailler dans une petite \u00e9quipe sans supervision directe;<\/li>\n<li>Engagement et compr\u00e9hension du travail de droits de l\u2019homme accompli par STJ;<\/li>\n<li>Capacit\u00e9 \u00e0 planifier et s\u2019organiser;<\/li>\n<li>Capacit\u00e9 \u00e0 g\u00e9rer une charge de travail parfois exigeante.<\/li>\n<\/ul>\n<h4><strong>Comment candidater<\/strong><\/h4>\n<ul>\n<li>Envoyer CV et lettre de motivation et deux r\u00e9f\u00e9rences \u00e0 <a href=\"mailto:careers@stj-sy.org\">careers@stj-sy.org<\/a> avant le 11 juillet 2021.<\/li>\n<\/ul>\n<hr>\n","protected":false},"excerpt":{"rendered":"<p>Offre d\u2019emploi &#8211; Agent comptable et administratif Nom de l&rsquo;organisation Syrians for Truth and Justice www.stj-sy.org Position Agent comptable et administratif Contrat \u25cf&nbsp;&nbsp;&nbsp;&nbsp;&nbsp;&nbsp; Temps complet \u25cf&nbsp;&nbsp;&nbsp;&nbsp;&nbsp;&nbsp; CDD (18 mois \u00e0&hellip;<\/p>\n","protected":false},"author":2,"featured_media":13888,"comment_status":"open","ping_status":"open","sticky":false,"template":"","format":"link","meta":{"_lmt_disableupdate":"","_lmt_disable":"","footnotes":""},"categories":[521],"tags":[],"class_list":["post-13877","post","type-post","status-publish","format-link","has-post-thumbnail","hentry","category-vacances","post_format-post-format-link"],"yoast_head":"<!-- This site is optimized with the Yoast SEO plugin v26.8 - https:\/\/yoast.com\/product\/yoast-seo-wordpress\/ -->\n<title>Offre d\u2019emploi - Agent comptable et administratif - \u0633\u0648\u0631\u064a\u0648\u0646 \u0645\u0646 \u0623\u062c\u0644 \u0627\u0644\u062d\u0642\u064a\u0642\u0629 \u0648\u0627\u0644\u0639\u062f\u0627\u0644\u0629<\/title>\n<meta name=\"robots\" content=\"index, follow, max-snippet:-1, max-image-preview:large, max-video-preview:-1\" \/>\n<link rel=\"canonical\" href=\"https:\/\/stj-sy.org\/fr\/offre-demploi-agent-comptable-et-administratif-2\/\" \/>\n<meta property=\"og:locale\" content=\"fr_FR\" \/>\n<meta property=\"og:type\" content=\"article\" \/>\n<meta property=\"og:title\" content=\"Offre d\u2019emploi - Agent comptable et administratif - \u0633\u0648\u0631\u064a\u0648\u0646 \u0645\u0646 \u0623\u062c\u0644 \u0627\u0644\u062d\u0642\u064a\u0642\u0629 \u0648\u0627\u0644\u0639\u062f\u0627\u0644\u0629\" \/>\n<meta property=\"og:description\" content=\"Offre d\u2019emploi &#8211; Agent comptable et administratif Nom de l&rsquo;organisation Syrians for Truth and Justice www.stj-sy.org Position Agent comptable et administratif Contrat \u25cf&nbsp;&nbsp;&nbsp;&nbsp;&nbsp;&nbsp; Temps complet \u25cf&nbsp;&nbsp;&nbsp;&nbsp;&nbsp;&nbsp; CDD (18 mois \u00e0&hellip;\" \/>\n<meta property=\"og:url\" content=\"https:\/\/stj-sy.org\/fr\/offre-demploi-agent-comptable-et-administratif-2\/\" \/>\n<meta property=\"og:site_name\" content=\"\u0633\u0648\u0631\u064a\u0648\u0646 \u0645\u0646 \u0623\u062c\u0644 \u0627\u0644\u062d\u0642\u064a\u0642\u0629 \u0648\u0627\u0644\u0639\u062f\u0627\u0644\u0629\" \/>\n<meta property=\"article:publisher\" content=\"https:\/\/www.facebook.com\/SyriaSTJ\/\" \/>\n<meta property=\"article:published_time\" content=\"2021-06-26T16:43:47+00:00\" \/>\n<meta property=\"article:modified_time\" content=\"2021-06-26T17:36:56+00:00\" \/>\n<meta property=\"og:image\" content=\"https:\/\/stj-sy.org\/wp-content\/uploads\/2021\/06\/We-are-hiring.jpg\" \/>\n\t<meta property=\"og:image:width\" content=\"850\" \/>\n\t<meta property=\"og:image:height\" content=\"450\" \/>\n\t<meta property=\"og:image:type\" content=\"image\/jpeg\" \/>\n<meta name=\"twitter:card\" content=\"summary_large_image\" \/>\n<meta name=\"twitter:creator\" content=\"@STJ_SYRIA_ENG\" \/>\n<meta name=\"twitter:site\" content=\"@STJ_SYRIA_ENG\" \/>\n<meta name=\"twitter:label1\" content=\"\u00c9crit par\" \/>\n\t<meta name=\"twitter:data1\" content=\"Bassam Alahmad\" \/>\n\t<meta name=\"twitter:label2\" content=\"Dur\u00e9e de lecture estim\u00e9e\" \/>\n\t<meta name=\"twitter:data2\" content=\"3 minutes\" \/>\n<script type=\"application\/ld+json\" class=\"yoast-schema-graph\">{\"@context\":\"https:\/\/schema.org\",\"@graph\":[{\"@type\":\"Article\",\"@id\":\"https:\/\/stj-sy.org\/fr\/offre-demploi-agent-comptable-et-administratif-2\/#article\",\"isPartOf\":{\"@id\":\"https:\/\/stj-sy.org\/fr\/offre-demploi-agent-comptable-et-administratif-2\/\"},\"author\":{\"name\":\"Bassam Alahmad\",\"@id\":\"https:\/\/stj-sy.org\/fr\/#\/schema\/person\/e68af89dd054547596c0ee0a4724ab50\"},\"headline\":\"Offre d\u2019emploi &#8211; Agent comptable et administratif\",\"datePublished\":\"2021-06-26T16:43:47+00:00\",\"dateModified\":\"2021-06-26T17:36:56+00:00\",\"mainEntityOfPage\":{\"@id\":\"https:\/\/stj-sy.org\/fr\/offre-demploi-agent-comptable-et-administratif-2\/\"},\"wordCount\":660,\"commentCount\":0,\"publisher\":{\"@id\":\"https:\/\/stj-sy.org\/fr\/#organization\"},\"image\":{\"@id\":\"https:\/\/stj-sy.org\/fr\/offre-demploi-agent-comptable-et-administratif-2\/#primaryimage\"},\"thumbnailUrl\":\"https:\/\/stj-sy.org\/wp-content\/uploads\/2021\/06\/We-are-hiring.jpg\",\"articleSection\":[\"VACANCES\"],\"inLanguage\":\"fr-FR\",\"potentialAction\":[{\"@type\":\"CommentAction\",\"name\":\"Comment\",\"target\":[\"https:\/\/stj-sy.org\/fr\/offre-demploi-agent-comptable-et-administratif-2\/#respond\"]}]},{\"@type\":\"WebPage\",\"@id\":\"https:\/\/stj-sy.org\/fr\/offre-demploi-agent-comptable-et-administratif-2\/\",\"url\":\"https:\/\/stj-sy.org\/fr\/offre-demploi-agent-comptable-et-administratif-2\/\",\"name\":\"Offre d\u2019emploi - Agent comptable et administratif - \u0633\u0648\u0631\u064a\u0648\u0646 \u0645\u0646 \u0623\u062c\u0644 \u0627\u0644\u062d\u0642\u064a\u0642\u0629 \u0648\u0627\u0644\u0639\u062f\u0627\u0644\u0629\",\"isPartOf\":{\"@id\":\"https:\/\/stj-sy.org\/fr\/#website\"},\"primaryImageOfPage\":{\"@id\":\"https:\/\/stj-sy.org\/fr\/offre-demploi-agent-comptable-et-administratif-2\/#primaryimage\"},\"image\":{\"@id\":\"https:\/\/stj-sy.org\/fr\/offre-demploi-agent-comptable-et-administratif-2\/#primaryimage\"},\"thumbnailUrl\":\"https:\/\/stj-sy.org\/wp-content\/uploads\/2021\/06\/We-are-hiring.jpg\",\"datePublished\":\"2021-06-26T16:43:47+00:00\",\"dateModified\":\"2021-06-26T17:36:56+00:00\",\"breadcrumb\":{\"@id\":\"https:\/\/stj-sy.org\/fr\/offre-demploi-agent-comptable-et-administratif-2\/#breadcrumb\"},\"inLanguage\":\"fr-FR\",\"potentialAction\":[{\"@type\":\"ReadAction\",\"target\":[\"https:\/\/stj-sy.org\/fr\/offre-demploi-agent-comptable-et-administratif-2\/\"]}]},{\"@type\":\"ImageObject\",\"inLanguage\":\"fr-FR\",\"@id\":\"https:\/\/stj-sy.org\/fr\/offre-demploi-agent-comptable-et-administratif-2\/#primaryimage\",\"url\":\"https:\/\/stj-sy.org\/wp-content\/uploads\/2021\/06\/We-are-hiring.jpg\",\"contentUrl\":\"https:\/\/stj-sy.org\/wp-content\/uploads\/2021\/06\/We-are-hiring.jpg\",\"width\":850,\"height\":450},{\"@type\":\"BreadcrumbList\",\"@id\":\"https:\/\/stj-sy.org\/fr\/offre-demploi-agent-comptable-et-administratif-2\/#breadcrumb\",\"itemListElement\":[{\"@type\":\"ListItem\",\"position\":1,\"name\":\"\u0627\u0644\u0631\u0626\u064a\u0633\u064a\u0629\",\"item\":\"https:\/\/stj-sy.org\/fr\/\"},{\"@type\":\"ListItem\",\"position\":2,\"name\":\"Offre d\u2019emploi &#8211; Agent comptable et administratif\"}]},{\"@type\":\"WebSite\",\"@id\":\"https:\/\/stj-sy.org\/fr\/#website\",\"url\":\"https:\/\/stj-sy.org\/fr\/\",\"name\":\"\u0633\u0648\u0631\u064a\u0648\u0646 \u0645\u0646 \u0623\u062c\u0644 \u0627\u0644\u062d\u0642\u064a\u0642\u0629 \u0648\u0627\u0644\u0639\u062f\u0627\u0644\u0629\",\"description\":\"\u0645\u0648\u0642\u0639 \u0648\u0648\u0631\u062f\u0628\u0631\u064a\u0633 \u0639\u0631\u0628\u064a \u0622\u062e\u0631\",\"publisher\":{\"@id\":\"https:\/\/stj-sy.org\/fr\/#organization\"},\"potentialAction\":[{\"@type\":\"SearchAction\",\"target\":{\"@type\":\"EntryPoint\",\"urlTemplate\":\"https:\/\/stj-sy.org\/fr\/?s={search_term_string}\"},\"query-input\":{\"@type\":\"PropertyValueSpecification\",\"valueRequired\":true,\"valueName\":\"search_term_string\"}}],\"inLanguage\":\"fr-FR\"},{\"@type\":\"Organization\",\"@id\":\"https:\/\/stj-sy.org\/fr\/#organization\",\"name\":\"Syrians for Truth and Justice\",\"url\":\"https:\/\/stj-sy.org\/fr\/\",\"logo\":{\"@type\":\"ImageObject\",\"inLanguage\":\"fr-FR\",\"@id\":\"https:\/\/stj-sy.org\/fr\/#\/schema\/logo\/image\/\",\"url\":\"https:\/\/stj-sy.org\/wp-content\/uploads\/2019\/05\/logo.png\",\"contentUrl\":\"https:\/\/stj-sy.org\/wp-content\/uploads\/2019\/05\/logo.png\",\"width\":231,\"height\":70,\"caption\":\"Syrians for Truth and Justice\"},\"image\":{\"@id\":\"https:\/\/stj-sy.org\/fr\/#\/schema\/logo\/image\/\"},\"sameAs\":[\"https:\/\/www.facebook.com\/SyriaSTJ\/\",\"https:\/\/x.com\/STJ_SYRIA_ENG\",\"https:\/\/www.instagram.com\/syrians_for_truth_and_justice\/\",\"https:\/\/www.linkedin.com\/in\/syrians-for-truth-and-justice-8a0119172\/\"]},{\"@type\":\"Person\",\"@id\":\"https:\/\/stj-sy.org\/fr\/#\/schema\/person\/e68af89dd054547596c0ee0a4724ab50\",\"name\":\"Bassam Alahmad\",\"image\":{\"@type\":\"ImageObject\",\"inLanguage\":\"fr-FR\",\"@id\":\"https:\/\/stj-sy.org\/fr\/#\/schema\/person\/image\/\",\"url\":\"https:\/\/secure.gravatar.com\/avatar\/7dd1ae4aeef5f1e2ba843e5247408caef8e24af65457299c09ef2f0eef9a9f9e?s=96&d=mm&r=g\",\"contentUrl\":\"https:\/\/secure.gravatar.com\/avatar\/7dd1ae4aeef5f1e2ba843e5247408caef8e24af65457299c09ef2f0eef9a9f9e?s=96&d=mm&r=g\",\"caption\":\"Bassam Alahmad\"}}]}<\/script>\n<!-- \/ Yoast SEO plugin. -->","yoast_head_json":{"title":"Offre d\u2019emploi - Agent comptable et administratif - \u0633\u0648\u0631\u064a\u0648\u0646 \u0645\u0646 \u0623\u062c\u0644 \u0627\u0644\u062d\u0642\u064a\u0642\u0629 \u0648\u0627\u0644\u0639\u062f\u0627\u0644\u0629","robots":{"index":"index","follow":"follow","max-snippet":"max-snippet:-1","max-image-preview":"max-image-preview:large","max-video-preview":"max-video-preview:-1"},"canonical":"https:\/\/stj-sy.org\/fr\/offre-demploi-agent-comptable-et-administratif-2\/","og_locale":"fr_FR","og_type":"article","og_title":"Offre d\u2019emploi - Agent comptable et administratif - \u0633\u0648\u0631\u064a\u0648\u0646 \u0645\u0646 \u0623\u062c\u0644 \u0627\u0644\u062d\u0642\u064a\u0642\u0629 \u0648\u0627\u0644\u0639\u062f\u0627\u0644\u0629","og_description":"Offre d\u2019emploi &#8211; Agent comptable et administratif Nom de l&rsquo;organisation Syrians for Truth and Justice www.stj-sy.org Position Agent comptable et administratif Contrat \u25cf&nbsp;&nbsp;&nbsp;&nbsp;&nbsp;&nbsp; Temps complet \u25cf&nbsp;&nbsp;&nbsp;&nbsp;&nbsp;&nbsp; CDD (18 mois \u00e0&hellip;","og_url":"https:\/\/stj-sy.org\/fr\/offre-demploi-agent-comptable-et-administratif-2\/","og_site_name":"\u0633\u0648\u0631\u064a\u0648\u0646 \u0645\u0646 \u0623\u062c\u0644 \u0627\u0644\u062d\u0642\u064a\u0642\u0629 \u0648\u0627\u0644\u0639\u062f\u0627\u0644\u0629","article_publisher":"https:\/\/www.facebook.com\/SyriaSTJ\/","article_published_time":"2021-06-26T16:43:47+00:00","article_modified_time":"2021-06-26T17:36:56+00:00","og_image":[{"width":850,"height":450,"url":"https:\/\/stj-sy.org\/wp-content\/uploads\/2021\/06\/We-are-hiring.jpg","type":"image\/jpeg"}],"twitter_card":"summary_large_image","twitter_creator":"@STJ_SYRIA_ENG","twitter_site":"@STJ_SYRIA_ENG","twitter_misc":{"\u00c9crit par":"Bassam Alahmad","Dur\u00e9e de lecture estim\u00e9e":"3 minutes"},"schema":{"@context":"https:\/\/schema.org","@graph":[{"@type":"Article","@id":"https:\/\/stj-sy.org\/fr\/offre-demploi-agent-comptable-et-administratif-2\/#article","isPartOf":{"@id":"https:\/\/stj-sy.org\/fr\/offre-demploi-agent-comptable-et-administratif-2\/"},"author":{"name":"Bassam Alahmad","@id":"https:\/\/stj-sy.org\/fr\/#\/schema\/person\/e68af89dd054547596c0ee0a4724ab50"},"headline":"Offre d\u2019emploi &#8211; Agent comptable et administratif","datePublished":"2021-06-26T16:43:47+00:00","dateModified":"2021-06-26T17:36:56+00:00","mainEntityOfPage":{"@id":"https:\/\/stj-sy.org\/fr\/offre-demploi-agent-comptable-et-administratif-2\/"},"wordCount":660,"commentCount":0,"publisher":{"@id":"https:\/\/stj-sy.org\/fr\/#organization"},"image":{"@id":"https:\/\/stj-sy.org\/fr\/offre-demploi-agent-comptable-et-administratif-2\/#primaryimage"},"thumbnailUrl":"https:\/\/stj-sy.org\/wp-content\/uploads\/2021\/06\/We-are-hiring.jpg","articleSection":["VACANCES"],"inLanguage":"fr-FR","potentialAction":[{"@type":"CommentAction","name":"Comment","target":["https:\/\/stj-sy.org\/fr\/offre-demploi-agent-comptable-et-administratif-2\/#respond"]}]},{"@type":"WebPage","@id":"https:\/\/stj-sy.org\/fr\/offre-demploi-agent-comptable-et-administratif-2\/","url":"https:\/\/stj-sy.org\/fr\/offre-demploi-agent-comptable-et-administratif-2\/","name":"Offre d\u2019emploi - Agent comptable et administratif - \u0633\u0648\u0631\u064a\u0648\u0646 \u0645\u0646 \u0623\u062c\u0644 \u0627\u0644\u062d\u0642\u064a\u0642\u0629 \u0648\u0627\u0644\u0639\u062f\u0627\u0644\u0629","isPartOf":{"@id":"https:\/\/stj-sy.org\/fr\/#website"},"primaryImageOfPage":{"@id":"https:\/\/stj-sy.org\/fr\/offre-demploi-agent-comptable-et-administratif-2\/#primaryimage"},"image":{"@id":"https:\/\/stj-sy.org\/fr\/offre-demploi-agent-comptable-et-administratif-2\/#primaryimage"},"thumbnailUrl":"https:\/\/stj-sy.org\/wp-content\/uploads\/2021\/06\/We-are-hiring.jpg","datePublished":"2021-06-26T16:43:47+00:00","dateModified":"2021-06-26T17:36:56+00:00","breadcrumb":{"@id":"https:\/\/stj-sy.org\/fr\/offre-demploi-agent-comptable-et-administratif-2\/#breadcrumb"},"inLanguage":"fr-FR","potentialAction":[{"@type":"ReadAction","target":["https:\/\/stj-sy.org\/fr\/offre-demploi-agent-comptable-et-administratif-2\/"]}]},{"@type":"ImageObject","inLanguage":"fr-FR","@id":"https:\/\/stj-sy.org\/fr\/offre-demploi-agent-comptable-et-administratif-2\/#primaryimage","url":"https:\/\/stj-sy.org\/wp-content\/uploads\/2021\/06\/We-are-hiring.jpg","contentUrl":"https:\/\/stj-sy.org\/wp-content\/uploads\/2021\/06\/We-are-hiring.jpg","width":850,"height":450},{"@type":"BreadcrumbList","@id":"https:\/\/stj-sy.org\/fr\/offre-demploi-agent-comptable-et-administratif-2\/#breadcrumb","itemListElement":[{"@type":"ListItem","position":1,"name":"\u0627\u0644\u0631\u0626\u064a\u0633\u064a\u0629","item":"https:\/\/stj-sy.org\/fr\/"},{"@type":"ListItem","position":2,"name":"Offre d\u2019emploi &#8211; Agent comptable et administratif"}]},{"@type":"WebSite","@id":"https:\/\/stj-sy.org\/fr\/#website","url":"https:\/\/stj-sy.org\/fr\/","name":"\u0633\u0648\u0631\u064a\u0648\u0646 \u0645\u0646 \u0623\u062c\u0644 \u0627\u0644\u062d\u0642\u064a\u0642\u0629 \u0648\u0627\u0644\u0639\u062f\u0627\u0644\u0629","description":"\u0645\u0648\u0642\u0639 \u0648\u0648\u0631\u062f\u0628\u0631\u064a\u0633 \u0639\u0631\u0628\u064a \u0622\u062e\u0631","publisher":{"@id":"https:\/\/stj-sy.org\/fr\/#organization"},"potentialAction":[{"@type":"SearchAction","target":{"@type":"EntryPoint","urlTemplate":"https:\/\/stj-sy.org\/fr\/?s={search_term_string}"},"query-input":{"@type":"PropertyValueSpecification","valueRequired":true,"valueName":"search_term_string"}}],"inLanguage":"fr-FR"},{"@type":"Organization","@id":"https:\/\/stj-sy.org\/fr\/#organization","name":"Syrians for Truth and Justice","url":"https:\/\/stj-sy.org\/fr\/","logo":{"@type":"ImageObject","inLanguage":"fr-FR","@id":"https:\/\/stj-sy.org\/fr\/#\/schema\/logo\/image\/","url":"https:\/\/stj-sy.org\/wp-content\/uploads\/2019\/05\/logo.png","contentUrl":"https:\/\/stj-sy.org\/wp-content\/uploads\/2019\/05\/logo.png","width":231,"height":70,"caption":"Syrians for Truth and Justice"},"image":{"@id":"https:\/\/stj-sy.org\/fr\/#\/schema\/logo\/image\/"},"sameAs":["https:\/\/www.facebook.com\/SyriaSTJ\/","https:\/\/x.com\/STJ_SYRIA_ENG","https:\/\/www.instagram.com\/syrians_for_truth_and_justice\/","https:\/\/www.linkedin.com\/in\/syrians-for-truth-and-justice-8a0119172\/"]},{"@type":"Person","@id":"https:\/\/stj-sy.org\/fr\/#\/schema\/person\/e68af89dd054547596c0ee0a4724ab50","name":"Bassam Alahmad","image":{"@type":"ImageObject","inLanguage":"fr-FR","@id":"https:\/\/stj-sy.org\/fr\/#\/schema\/person\/image\/","url":"https:\/\/secure.gravatar.com\/avatar\/7dd1ae4aeef5f1e2ba843e5247408caef8e24af65457299c09ef2f0eef9a9f9e?s=96&d=mm&r=g","contentUrl":"https:\/\/secure.gravatar.com\/avatar\/7dd1ae4aeef5f1e2ba843e5247408caef8e24af65457299c09ef2f0eef9a9f9e?s=96&d=mm&r=g","caption":"Bassam Alahmad"}}]}},"_links":{"self":[{"href":"https:\/\/stj-sy.org\/fr\/wp-json\/wp\/v2\/posts\/13877","targetHints":{"allow":["GET"]}}],"collection":[{"href":"https:\/\/stj-sy.org\/fr\/wp-json\/wp\/v2\/posts"}],"about":[{"href":"https:\/\/stj-sy.org\/fr\/wp-json\/wp\/v2\/types\/post"}],"author":[{"embeddable":true,"href":"https:\/\/stj-sy.org\/fr\/wp-json\/wp\/v2\/users\/2"}],"replies":[{"embeddable":true,"href":"https:\/\/stj-sy.org\/fr\/wp-json\/wp\/v2\/comments?post=13877"}],"version-history":[{"count":2,"href":"https:\/\/stj-sy.org\/fr\/wp-json\/wp\/v2\/posts\/13877\/revisions"}],"predecessor-version":[{"id":13893,"href":"https:\/\/stj-sy.org\/fr\/wp-json\/wp\/v2\/posts\/13877\/revisions\/13893"}],"wp:featuredmedia":[{"embeddable":true,"href":"https:\/\/stj-sy.org\/fr\/wp-json\/wp\/v2\/media\/13888"}],"wp:attachment":[{"href":"https:\/\/stj-sy.org\/fr\/wp-json\/wp\/v2\/media?parent=13877"}],"wp:term":[{"taxonomy":"category","embeddable":true,"href":"https:\/\/stj-sy.org\/fr\/wp-json\/wp\/v2\/categories?post=13877"},{"taxonomy":"post_tag","embeddable":true,"href":"https:\/\/stj-sy.org\/fr\/wp-json\/wp\/v2\/tags?post=13877"}],"curies":[{"name":"wp","href":"https:\/\/api.w.org\/{rel}","templated":true}]}}