{"id":10153,"date":"2020-05-23T19:54:31","date_gmt":"2020-05-23T16:54:31","guid":{"rendered":"https:\/\/stj-sy.org\/yemen-plus-de-150-ong-demandent-lannulation-de-la-condamnation-a-mort-de-quatre-journalistes\/"},"modified":"2020-05-23T20:27:34","modified_gmt":"2020-05-23T17:27:34","slug":"yemen-plus-de-150-ong-demandent-lannulation-de-la-condamnation-a-mort-de-quatre-journalistes","status":"publish","type":"post","link":"https:\/\/stj-sy.org\/fr\/yemen-plus-de-150-ong-demandent-lannulation-de-la-condamnation-a-mort-de-quatre-journalistes\/","title":{"rendered":"Y\u00e9men : Plus de 150 ONG demandent l&rsquo;annulation de la condamnation \u00e0 mort de quatre journalistes"},"content":{"rendered":"<p>Les organisations de d\u00e9fense des droits humains, de la libert\u00e9 de la presse et des journalistes appellent les m\u00e9canismes des Nations Unies et ses \u00c9tats membres \u00e0 aider \u00e0 sauver la vie de quatre journalistes <a href=\"https:\/\/www.gc4hr.org\/news\/view\/2363\">qui ont \u00e9t\u00e9 condamn\u00e9s \u00e0 mort<\/a> en avril 2020 dans la capitale Sanaa pour \u00ab\u00a0espionnage\u00a0\u00bb et \u00ab\u00a0diffusion de fausses nouvelles\u00a0\u00bb. Sur les six autres journalistes de la m\u00eame affaire dont le juge a ordonn\u00e9 la lib\u00e9ration apr\u00e8s cinq ans de d\u00e9tention, un seul a \u00e9t\u00e9 lib\u00e9r\u00e9 \u00e0 ce jour. Les autorit\u00e9s en exercice \u00e0 Sanaa, les Houthis, doivent annuler imm\u00e9diatement les condamnations \u00e0 mort et de lib\u00e9rer les neuf autres journalistes qui ont \u00e9t\u00e9 condamn\u00e9s en violation de leur droit \u00e0 la libert\u00e9 d&rsquo;expression.<\/p>\n<p>Nous avons r\u00e9cemment c\u00e9l\u00e9br\u00e9 la Journ\u00e9e mondiale de la libert\u00e9 de la presse, le 3 mai 2020. Le journalisme, en particulier le journalisme ind\u00e9pendant et critique, est essentiel pour promouvoir la transparence, la responsabilit\u00e9, la bonne gouvernance et le respect des droits humains et de l&rsquo;\u00c9tat de droit. Les journalistes ne sont en aucun cas des acteurs du conflit au Y\u00e9men et ne peuvent en aucun cas \u00eatre pris pour cible.<\/p>\n<p>&nbsp;<\/p>\n<p>Les quatre journalistes, <strong>Abdulkhaleq Ahmed Amran, Akram Saleh Al-Walidi<\/strong>, <strong>Al-Hareth Saleh Hamid <\/strong>et<strong> Tawfiq Mohammed Al-Mansouri<\/strong> ont \u00e9t\u00e9 condamn\u00e9s le 11 avril 2020 par la Cour p\u00e9nale sp\u00e9cialis\u00e9e de Sanaa, qui est contr\u00f4l\u00e9e par les Houthis. Leur avocat, <strong>Abdelmajeed Sabra<\/strong>, qui n&rsquo;a pas \u00e9t\u00e9 autoris\u00e9 \u00e0 assister \u00e0 l&rsquo;audience du verdict, <a href=\"https:\/\/www.gc4hr.org\/news\/view\/2372\">a entam\u00e9 la proc\u00e9dure d&rsquo;appel le 22 avril 2020<\/a>.<\/p>\n<p>&nbsp;<\/p>\n<p>Le juge a condamn\u00e9 les six autres journalistes, <strong>Hisham Ahmed Tarmoom, Hisham Abdulmalik Al-Yousefi, Haitham Abdulrahman Al-Shihab, Essam Amin Balgheeth, Hassan Abdullah Annab <\/strong>et<strong> Salah Muhammad Al-Qaedi,<\/strong> \u00e0 une peine de prison d\u00e9j\u00e0 purg\u00e9e, soit environ cinq ans, et les a \u00e9galement plac\u00e9s sous surveillance polici\u00e8re pour une p\u00e9riode de trois ans suppl\u00e9mentaires. En outre, les appareils et mat\u00e9riels \u00e9lectroniques qui \u00e9taient en leur possession au moment de leur arrestation restent confisqu\u00e9s.<\/p>\n<p>&nbsp;<\/p>\n<p>Le minist\u00e8re public avait demand\u00e9 que les peines maximales soient appliqu\u00e9es conform\u00e9ment aux articles 16, 21, 126 bis, et 136 du code p\u00e9nal (loi n\u00b0 12 de 1994 sur les crimes et les peines).<\/p>\n<p>&nbsp;<\/p>\n<p>Les journalistes ont \u00e9t\u00e9 accus\u00e9s de <a href=\"https:\/\/cpj.org\/2020\/04\/cpj-calls-on-houthis-to-reverse-death-sentence-aga.php\">diffusion de fausses nouvelles \u00ab\u00a0en soutien aux crimes de l&rsquo;agression saoudienne et de ses alli\u00e9s contre la R\u00e9publique du Y\u00e9men\u00a0\u00bb<\/a>. Les journalistes ont \u00e9galement \u00e9t\u00e9 accus\u00e9s de \u00ab\u00a0nuire \u00e0 l&rsquo;int\u00e9r\u00eat public \u00e0 travers la cr\u00e9ation de plusieurs sites et pages sur Internet et sur les r\u00e9seaux sociaux et leur gestion secr\u00e8te depuis plusieurs h\u00f4tels de la capitale, Sanaa\u00a0\u00bb. La coalition dirig\u00e9e par l\u2019Arabie Saoudite m\u00e8ne une guerre contre les Houthis au Y\u00e9men depuis 2015.<\/p>\n<p>&nbsp;<\/p>\n<p>Le 9 juin 2015, un groupe de combattants Houthi a arr\u00eat\u00e9 neuf des journalistes alors qu&rsquo;ils utilisaient Internet \u00e0 l&rsquo;h\u00f4tel Qasr Al-Ahlam \u00e0 Sanaa. Salah Mohammad Al-Qaedi a \u00e9t\u00e9 arr\u00eat\u00e9 plus tard \u00e0 son domicile \u00e0 Sanaa par les forces Houthi le 28 ao\u00fbt 2015. Ils ont \u00e9t\u00e9 arbitrairement d\u00e9tenus, longuement maintenus \u00e0 l&rsquo;isolement, tortur\u00e9s et maltrait\u00e9s pendant leur captivit\u00e9, et n&rsquo;ont \u00e9t\u00e9 formellement inculp\u00e9s que plus de trois ans plus tard. En d\u00e9cembre 2018, des accusations fabriqu\u00e9es de toutes pi\u00e8ces ont \u00e9t\u00e9 lanc\u00e9es contre eux en rapport avec l&rsquo;exercice pacifique de leurs droits \u00e0 la libert\u00e9 d&rsquo;opinion et d&rsquo;expression dans le cadre d&rsquo;un simulacre de proc\u00e8s qui a viol\u00e9 les normes internationales en mati\u00e8re de proc\u00e8s \u00e9quitable et de proc\u00e9dure l\u00e9gale.<\/p>\n<p>&nbsp;<\/p>\n<p>Entre-temps, malgr\u00e9 la d\u00e9cision de la cour de lib\u00e9rer les six journalistes, les autorit\u00e9s continuent de retarder leur lib\u00e9ration. Jusqu&rsquo;\u00e0 la date de cet appel, seul le journaliste Salah Mohammad Al-Qaedi a \u00e9t\u00e9 lib\u00e9r\u00e9 (le 23 avril 2020).<\/p>\n<p>Les organisations soussign\u00e9es appellent toutes les parties au conflit \u00e0 respecter le droit \u00e0 la libert\u00e9 d&rsquo;expression et \u00e0 cesser leurs efforts pour museler les journalistes et les m\u00e9dias.<\/p>\n<p>Nous, soussign\u00e9s, appelons les Nations unies, en particulier le Groupe d&rsquo;\u00e9minents experts sur le Y\u00e9men, ainsi que ses \u00c9tats membres, y les pays comme le Royaume-Uni et le Canada, qui copr\u00e9sident la Coalition pour la libert\u00e9 des m\u00e9dias de 35 \u00c9tats, \u00e0 demander aux autorit\u00e9s en exercice \u00e0 Sanaa, les Houthis, de :<\/p>\n<ul>\n<li>Annuler les peines prononc\u00e9es contre les dix journalistes, en particulier les condamnations \u00e0 mort des journalistes Abdulkhaleq Ahmed Amran, Akram Saleh Al-Walidi, Al-Hareth Saleh Hamid et Tawfiq Mohammed Al-Mansouri, et les lib\u00e9rer imm\u00e9diatement ;<\/li>\n<li>Lib\u00e9rer imm\u00e9diatement les journalistes Hisham Ahmed Tarmoom, Hisham Abdulmalik Al-Yousefi, Haitham Abdulrahman Al-Shihab, Essam Amin Balgheeth et Hassan Abdullah Annab, suite \u00e0 l&rsquo;ordre de la cour de les lib\u00e9rer du 11 avril 2020, et s&rsquo;assurer qu&rsquo;ils ne fassent pas l&rsquo;objet de nouvelles mesures judiciaires visant \u00e0 restreindre leur travail ;<\/li>\n<li>Lib\u00e9rer tous les journalistes y\u00e9m\u00e9nites d\u00e9tenus et disparus, et abandonner toutes les charges retenues contre eux ;<\/li>\n<li>Mettre en \u0153uvre tous les efforts possibles pour assurer la s\u00e9curit\u00e9 et l&rsquo;int\u00e9grit\u00e9 physique des journalistes &#8211; conform\u00e9ment au droit international humanitaire coutumier ; et<\/li>\n<li>Veiller \u00e0 ce que les journalistes puissent exercer leur m\u00e9tier sans craindre d&rsquo;\u00eatre arr\u00eat\u00e9s ou de subir d&rsquo;autres formes de repr\u00e9sailles et de restrictions portant atteinte \u00e0 leur droit \u00e0 la libert\u00e9 d&rsquo;expression.<\/li>\n<\/ul>\n<p>Sign\u00e9,<\/p>\n<ol>\n<li>Abdorrahman Boroumand Center for Human Rights in Iran<\/li>\n<li>Abductees\u2019 Mothers Association<\/li>\n<li>ACAT-Belgique \/Belgium\/ Belgie<\/li>\n<li>ACAT-C\u00f4te d\u2019Ivoire<\/li>\n<li>\u0650ACAT-Espa\u00f1a\/ Catalunya<\/li>\n<li>ACAT-Germany (Action by Christians for the Abolition of Torture)<\/li>\n<li>ACAT-Italia<\/li>\n<li>ACAT-Switzerland<\/li>\n<li>ACAT-USA<\/li>\n<li>Access Center For Human Rights (ACHR)<\/li>\n<li>Access Now<\/li>\n<li>Ahmed Tlili&rsquo;s Foundation for Democratic Culture<\/li>\n<li>Al-Aalem Al-Jadeed<\/li>\n<li>Al-Haq &#8211; Palestine<\/li>\n<li>Al-Mustaqbal Association<\/li>\n<li>Al-Wed Development Foundation<\/li>\n<li>Algerian League for the Defense of Human Rights (LADDH)<\/li>\n<li>ALQST for Human Rights<\/li>\n<li>Amarchi Center for Media Development<\/li>\n<li>Americans for Democracy &amp; Human Rights in Bahrain (ADHRB)<\/li>\n<li>Amman Center for Human Rights Studies<\/li>\n<li>Arab Coalition against the Death Penalty<\/li>\n<li>Arab Organisation for Human Rights (AOHR), Syria<\/li>\n<li>Arab Women Organisation of Jordan (AWO)<\/li>\n<li>Arabic Network for Human Rights Information (ANHRI)<\/li>\n<li>ARTICLE 19<\/li>\n<li>Association D\u00e9mocratique des Femmes du Maroc<\/li>\n<li>Association for Citizenship, Development, Cultures and Migrations of the Two Banks (CDCMIR)<\/li>\n<li>Association mauritanienne des droits de l&rsquo;Homme (AMDH)<\/li>\n<li>Association of Tunisian Women for Research and Development<\/li>\n<li>Association of Tunisian Women Voters<\/li>\n<li>Cairo Institute for Human Rights Studies (CIHRS)<\/li>\n<li>Ceasefire Centre for Civilian Rights<\/li>\n<li>Center for Civil Liberties, Ukraine<\/li>\n<li>Center for Constitutional Rights<\/li>\n<li>Center for Democracy and Civil Rights in Syria<\/li>\n<li>CIVICUS<\/li>\n<li>Committee to Protect Journalists<\/li>\n<li>Cornell Center on the Death Penalty Worldwide<\/li>\n<li>Dameer Association for Rights and Freedoms<\/li>\n<li>Death Penalty Focus, USA<\/li>\n<li>Democratic Transition and Human Rights Support Center (DAAM)<\/li>\n<li>El-Nadim Center for Rehabilitation of Victims of Violence<\/li>\n<li>Electronic Organization for Humanitarian Media<\/li>\n<li>English PEN<\/li>\n<li>Ethical Possibility Enhancement (EPE) Movement<\/li>\n<li>FIDH<\/li>\n<li>For Your Sake Foundation<\/li>\n<li>Free Press Unlimited<\/li>\n<li>Free Sight Association<\/li>\n<li>Freedom Forum<\/li>\n<li>Freedom Now, Morocco<\/li>\n<li>Geneva Council for Rights and Liberties<\/li>\n<li>German Coalition to Abolish the Death Penalty (GCADP)<\/li>\n<li>Global Forum for Media Development (GFMD)<\/li>\n<li>Global Voices Advox<\/li>\n<li>Gulf Centre for Human Rights (GCHR)<\/li>\n<li>Hands Off<\/li>\n<li>Human Rights Sentinels<\/li>\n<li>HuMENA for Human Rights and Civic Engagement<\/li>\n<li>IFEX<\/li>\n<li>Impunity Watch<\/li>\n<li>Initiative Mawjoudin pour l&rsquo;\u00e9galit\u00e9<\/li>\n<li>Inmates\u2019 Voices \/ Voix de d\u00e9tenus &#8211; Switzerland<\/li>\n<li>Innovation for Change Middle East and North Africa<\/li>\n<li>International Association of People&rsquo;s Lawyers (IAPL)<\/li>\n<li>International Campaign for Freedom in the UAE (ICFUAE)<\/li>\n<li>International Center for Supporting Rights and Freedoms, Switzerland<\/li>\n<li>International Commission of Journalists (ICJ)<\/li>\n<li>International Federation for Rights and Development (IFRD)<\/li>\n<li>International Federation of Journalists (IFJ)<\/li>\n<li>International Media Support (IMS)<\/li>\n<li>International Press Institute (IPI)<\/li>\n<li>International Service for Human Rights (ISHR)<\/li>\n<li>Irada Association for Community Development<\/li>\n<li>Iraqi Al Amal Association<\/li>\n<li>Iraqi Network for Social Media (INSM)<\/li>\n<li>Iraqi Observatory for Human Rights (IOHR)<\/li>\n<li>Italian Federation for Human Rights (FIDU)<\/li>\n<li>Jordanian Coalition against the Death Penalty<\/li>\n<li>Joud Foundation for Sustainable Development &#8211; Yemen<\/li>\n<li>Journalistic Freedoms Observatory<\/li>\n<li>Karama Academy for the Defense of Human Rights and Freedoms, Algeria<\/li>\n<li>Kenya Human Rights Commission<\/li>\n<li>Lawyers&rsquo; Rights Watch Canada<\/li>\n<li>Legal Awareness Watch (LAW)<\/li>\n<li>Lifespark (Movement against the death penalty) Switzerland<\/li>\n<li>MADA-Palestinian Center for Development and Media Freedoms<\/li>\n<li>MADPET-Malaysians Against Death Penalty and Torture<\/li>\n<li>Maghreb Coordination of Human Rights Organizations<\/li>\n<li>Maharat Foundation<\/li>\n<li>Mahra Youth Unity Association<\/li>\n<li>Maison des Droits de l\u2019Homme du Cameroun (MDHC)<\/li>\n<li>MENA Rights Group<\/li>\n<li>Metro Center for Journalists Rights &amp; Advocacy<\/li>\n<li>Moroccan Association for Human Rights (ADMH)<\/li>\n<li>Moroccan Association for the Protection of Cultural Manuscripts<\/li>\n<li>Moroccan Coalition Against the Death Penalty<\/li>\n<li>Moroccan Coalition for Human Rights Organisations<\/li>\n<li>Musaala for Human Rights Organization<\/li>\n<li>Mwatana for Human Rights<\/li>\n<li>National Center for Peace and Development<\/li>\n<li>National Observatory for the Defense of the Civil Character of the State<\/li>\n<li>No Peace Without Justice<\/li>\n<li>Norwegian PEN<\/li>\n<li>Omani Centre for Human Rights<\/li>\n<li>Pakistan Press Foundation (PPF)<\/li>\n<li>Palestinian Centre for Human Rights (PCHR)<\/li>\n<li>Peace and Building Foundation<\/li>\n<li>Peace Partners<\/li>\n<li>PEN America<\/li>\n<li>PEN Canada<\/li>\n<li>PEN International<\/li>\n<li>PEN Iraq<\/li>\n<li>Project on Middle East Democracy (POMED)<\/li>\n<li>Press Freedom Advocacy Association in Iraq<\/li>\n<li>Promo LEX Association Moldova<\/li>\n<li>Protection Organisation for Digital Rights, Iraq<\/li>\n<li>Qarar Foundation for Media and Sustainable Development<\/li>\n<li>Reporters Without Borders (RSF)<\/li>\n<li>Reprieve<\/li>\n<li>Rights Realization Centre<\/li>\n<li>Rory Peck Trust<\/li>\n<li>SAM for Rights and Liberties<\/li>\n<li>Samir Kassir Foundation &#8211; SKeyes Center for Media and Cultural Freedom<\/li>\n<li>Sana&rsquo;a Center for Strategic Studies<\/li>\n<li>Sisters&rsquo; Arab Forum for Human Rights (SAF)<\/li>\n<li>Sky Line International for Human Rights<\/li>\n<li>Syndicat national des agents de la formation et de l&rsquo;\u00e9ducation du Niger (SYNAFEN)<\/li>\n<li>Syrian Center for Legal Studies and Research<\/li>\n<li>Syrian Center for Media and Freedom of Expression (SCM)<\/li>\n<li>Syrian Organization for Rights and Public Freedoms<\/li>\n<li>Syrians for Truth and Justice (STJ)<\/li>\n<li>The Advocates for Human Rights<\/li>\n<li>Together Against the Death Penalty (ECPM)<\/li>\n<li>Tunis Center for Press Freedom<\/li>\n<li>Tunisian Association for the Right to the Promotion of Difference (ATPDD)<\/li>\n<li>Tunisian Association of Democratic Women<\/li>\n<li>Tunisian Association of Positive Prevention (ATP+)<\/li>\n<li>Tunisian Coalition Against the Death Penalty (CTCPM)<\/li>\n<li>Tunisian League of Human Rights (LTDH)<\/li>\n<li>Vigilance for Democracy and the Civic State<\/li>\n<li>Witness to Innocence<\/li>\n<li>Wogood Foundation for Human Security<\/li>\n<li>Women Defenders of Rights, Freedoms and Sustainable Development, Yemen<\/li>\n<li>Women Prisoners Association in Syria<\/li>\n<li>Women&rsquo;s Studies Centre, Palestine<\/li>\n<li>World Association of News Publishers (WAN-IFRA)<\/li>\n<li>World Organisation Against Torture (OMCT)<\/li>\n<li>Yemen Archive<\/li>\n<li>Yemeni Women Journalists Network<\/li>\n<li>Youth Idea Initiative<\/li>\n<\/ol>\n","protected":false},"excerpt":{"rendered":"<p>Les organisations de d\u00e9fense des droits humains, de la libert\u00e9 de la presse et des journalistes appellent les m\u00e9canismes des Nations Unies et ses \u00c9tats membres \u00e0 aider \u00e0 sauver&hellip;<\/p>\n","protected":false},"author":2,"featured_media":10144,"comment_status":"open","ping_status":"open","sticky":false,"template":"","format":"link","meta":{"_lmt_disableupdate":"","_lmt_disable":"","footnotes":""},"categories":[641],"tags":[637,635,638,640,639,636],"class_list":["post-10153","post","type-post","status-publish","format-link","has-post-thumbnail","hentry","category-communiques-de-presse-et-declarations","tag-declarations-et-lettres-conjointes","tag-detention-arbitraire","tag-liberte-dexpression","tag-liberte-de-journalisme","tag-peine-de-mort","tag-yemen-fr","post_format-post-format-link"],"yoast_head":"<!-- This site is optimized with the Yoast SEO plugin v26.8 - https:\/\/yoast.com\/product\/yoast-seo-wordpress\/ -->\n<title>Y\u00e9men : Plus de 150 ONG demandent l&#039;annulation de la condamnation \u00e0 mort de quatre journalistes - \u0633\u0648\u0631\u064a\u0648\u0646 \u0645\u0646 \u0623\u062c\u0644 \u0627\u0644\u062d\u0642\u064a\u0642\u0629 \u0648\u0627\u0644\u0639\u062f\u0627\u0644\u0629<\/title>\n<meta name=\"robots\" content=\"index, follow, max-snippet:-1, max-image-preview:large, max-video-preview:-1\" \/>\n<link rel=\"canonical\" href=\"https:\/\/stj-sy.org\/fr\/yemen-plus-de-150-ong-demandent-lannulation-de-la-condamnation-a-mort-de-quatre-journalistes\/\" \/>\n<meta property=\"og:locale\" content=\"fr_FR\" \/>\n<meta property=\"og:type\" content=\"article\" \/>\n<meta property=\"og:title\" content=\"Y\u00e9men : Plus de 150 ONG demandent l&#039;annulation de la condamnation \u00e0 mort de quatre journalistes - \u0633\u0648\u0631\u064a\u0648\u0646 \u0645\u0646 \u0623\u062c\u0644 \u0627\u0644\u062d\u0642\u064a\u0642\u0629 \u0648\u0627\u0644\u0639\u062f\u0627\u0644\u0629\" \/>\n<meta property=\"og:description\" content=\"Les organisations de d\u00e9fense des droits humains, de la libert\u00e9 de la presse et des journalistes appellent les m\u00e9canismes des Nations Unies et ses \u00c9tats membres \u00e0 aider \u00e0 sauver&hellip;\" \/>\n<meta property=\"og:url\" content=\"https:\/\/stj-sy.org\/fr\/yemen-plus-de-150-ong-demandent-lannulation-de-la-condamnation-a-mort-de-quatre-journalistes\/\" \/>\n<meta property=\"og:site_name\" content=\"\u0633\u0648\u0631\u064a\u0648\u0646 \u0645\u0646 \u0623\u062c\u0644 \u0627\u0644\u062d\u0642\u064a\u0642\u0629 \u0648\u0627\u0644\u0639\u062f\u0627\u0644\u0629\" \/>\n<meta property=\"article:publisher\" content=\"https:\/\/www.facebook.com\/SyriaSTJ\/\" \/>\n<meta property=\"article:published_time\" content=\"2020-05-23T16:54:31+00:00\" \/>\n<meta property=\"article:modified_time\" content=\"2020-05-23T17:27:34+00:00\" \/>\n<meta property=\"og:image\" content=\"https:\/\/stj-sy.org\/wp-content\/uploads\/2020\/05\/\u0628\u0648\u0633\u062a\u0631-\u0627\u0644\u0635\u062d\u0641\u064a\u064a\u0646-\u0627\u0646\u062c\u0644\u064a\u0632\u064a.jpg\" \/>\n\t<meta property=\"og:image:width\" content=\"1072\" \/>\n\t<meta property=\"og:image:height\" content=\"754\" \/>\n\t<meta property=\"og:image:type\" content=\"image\/jpeg\" \/>\n<meta name=\"twitter:card\" content=\"summary_large_image\" \/>\n<meta name=\"twitter:creator\" content=\"@STJ_SYRIA_ENG\" \/>\n<meta name=\"twitter:site\" content=\"@STJ_SYRIA_ENG\" \/>\n<meta name=\"twitter:label1\" content=\"\u00c9crit par\" \/>\n\t<meta name=\"twitter:data1\" content=\"Bassam Alahmad\" \/>\n\t<meta name=\"twitter:label2\" content=\"Dur\u00e9e de lecture estim\u00e9e\" \/>\n\t<meta name=\"twitter:data2\" content=\"8 minutes\" \/>\n<script type=\"application\/ld+json\" class=\"yoast-schema-graph\">{\"@context\":\"https:\/\/schema.org\",\"@graph\":[{\"@type\":\"Article\",\"@id\":\"https:\/\/stj-sy.org\/fr\/yemen-plus-de-150-ong-demandent-lannulation-de-la-condamnation-a-mort-de-quatre-journalistes\/#article\",\"isPartOf\":{\"@id\":\"https:\/\/stj-sy.org\/fr\/yemen-plus-de-150-ong-demandent-lannulation-de-la-condamnation-a-mort-de-quatre-journalistes\/\"},\"author\":{\"name\":\"Bassam Alahmad\",\"@id\":\"https:\/\/stj-sy.org\/fr\/#\/schema\/person\/e68af89dd054547596c0ee0a4724ab50\"},\"headline\":\"Y\u00e9men : Plus de 150 ONG demandent l&rsquo;annulation de la condamnation \u00e0 mort de quatre journalistes\",\"datePublished\":\"2020-05-23T16:54:31+00:00\",\"dateModified\":\"2020-05-23T17:27:34+00:00\",\"mainEntityOfPage\":{\"@id\":\"https:\/\/stj-sy.org\/fr\/yemen-plus-de-150-ong-demandent-lannulation-de-la-condamnation-a-mort-de-quatre-journalistes\/\"},\"wordCount\":1724,\"commentCount\":0,\"publisher\":{\"@id\":\"https:\/\/stj-sy.org\/fr\/#organization\"},\"image\":{\"@id\":\"https:\/\/stj-sy.org\/fr\/yemen-plus-de-150-ong-demandent-lannulation-de-la-condamnation-a-mort-de-quatre-journalistes\/#primaryimage\"},\"thumbnailUrl\":\"https:\/\/stj-sy.org\/wp-content\/uploads\/2020\/05\/\u0628\u0648\u0633\u062a\u0631-\u0627\u0644\u0635\u062d\u0641\u064a\u064a\u0646-\u0627\u0646\u062c\u0644\u064a\u0632\u064a.jpg\",\"keywords\":[\"D\u00e9clarations et lettres conjointes\",\"D\u00e9tention arbitraire\",\"Libert\u00e9 d'expression\",\"Libert\u00e9 de journalisme\",\"Peine de mort\",\"Y\u00e9men\"],\"articleSection\":[\"Communiqu\u00e9s de presse et d\u00e9clarations\"],\"inLanguage\":\"fr-FR\",\"potentialAction\":[{\"@type\":\"CommentAction\",\"name\":\"Comment\",\"target\":[\"https:\/\/stj-sy.org\/fr\/yemen-plus-de-150-ong-demandent-lannulation-de-la-condamnation-a-mort-de-quatre-journalistes\/#respond\"]}]},{\"@type\":\"WebPage\",\"@id\":\"https:\/\/stj-sy.org\/fr\/yemen-plus-de-150-ong-demandent-lannulation-de-la-condamnation-a-mort-de-quatre-journalistes\/\",\"url\":\"https:\/\/stj-sy.org\/fr\/yemen-plus-de-150-ong-demandent-lannulation-de-la-condamnation-a-mort-de-quatre-journalistes\/\",\"name\":\"Y\u00e9men : Plus de 150 ONG demandent l'annulation de la condamnation \u00e0 mort de quatre journalistes - \u0633\u0648\u0631\u064a\u0648\u0646 \u0645\u0646 \u0623\u062c\u0644 \u0627\u0644\u062d\u0642\u064a\u0642\u0629 \u0648\u0627\u0644\u0639\u062f\u0627\u0644\u0629\",\"isPartOf\":{\"@id\":\"https:\/\/stj-sy.org\/fr\/#website\"},\"primaryImageOfPage\":{\"@id\":\"https:\/\/stj-sy.org\/fr\/yemen-plus-de-150-ong-demandent-lannulation-de-la-condamnation-a-mort-de-quatre-journalistes\/#primaryimage\"},\"image\":{\"@id\":\"https:\/\/stj-sy.org\/fr\/yemen-plus-de-150-ong-demandent-lannulation-de-la-condamnation-a-mort-de-quatre-journalistes\/#primaryimage\"},\"thumbnailUrl\":\"https:\/\/stj-sy.org\/wp-content\/uploads\/2020\/05\/\u0628\u0648\u0633\u062a\u0631-\u0627\u0644\u0635\u062d\u0641\u064a\u064a\u0646-\u0627\u0646\u062c\u0644\u064a\u0632\u064a.jpg\",\"datePublished\":\"2020-05-23T16:54:31+00:00\",\"dateModified\":\"2020-05-23T17:27:34+00:00\",\"breadcrumb\":{\"@id\":\"https:\/\/stj-sy.org\/fr\/yemen-plus-de-150-ong-demandent-lannulation-de-la-condamnation-a-mort-de-quatre-journalistes\/#breadcrumb\"},\"inLanguage\":\"fr-FR\",\"potentialAction\":[{\"@type\":\"ReadAction\",\"target\":[\"https:\/\/stj-sy.org\/fr\/yemen-plus-de-150-ong-demandent-lannulation-de-la-condamnation-a-mort-de-quatre-journalistes\/\"]}]},{\"@type\":\"ImageObject\",\"inLanguage\":\"fr-FR\",\"@id\":\"https:\/\/stj-sy.org\/fr\/yemen-plus-de-150-ong-demandent-lannulation-de-la-condamnation-a-mort-de-quatre-journalistes\/#primaryimage\",\"url\":\"https:\/\/stj-sy.org\/wp-content\/uploads\/2020\/05\/\u0628\u0648\u0633\u062a\u0631-\u0627\u0644\u0635\u062d\u0641\u064a\u064a\u0646-\u0627\u0646\u062c\u0644\u064a\u0632\u064a.jpg\",\"contentUrl\":\"https:\/\/stj-sy.org\/wp-content\/uploads\/2020\/05\/\u0628\u0648\u0633\u062a\u0631-\u0627\u0644\u0635\u062d\u0641\u064a\u064a\u0646-\u0627\u0646\u062c\u0644\u064a\u0632\u064a.jpg\",\"width\":1072,\"height\":754,\"caption\":\"Les quatre journalistes, Abdulkhaleq Ahmed Amran, Akram Saleh Al-Walidi, Al-Hareth Saleh Hamid and Tawfiq Mohammed Al-Mansouri Source: Mowatana for Human Rights\"},{\"@type\":\"BreadcrumbList\",\"@id\":\"https:\/\/stj-sy.org\/fr\/yemen-plus-de-150-ong-demandent-lannulation-de-la-condamnation-a-mort-de-quatre-journalistes\/#breadcrumb\",\"itemListElement\":[{\"@type\":\"ListItem\",\"position\":1,\"name\":\"\u0627\u0644\u0631\u0626\u064a\u0633\u064a\u0629\",\"item\":\"https:\/\/stj-sy.org\/fr\/\"},{\"@type\":\"ListItem\",\"position\":2,\"name\":\"Y\u00e9men : Plus de 150 ONG demandent l&rsquo;annulation de la condamnation \u00e0 mort de quatre journalistes\"}]},{\"@type\":\"WebSite\",\"@id\":\"https:\/\/stj-sy.org\/fr\/#website\",\"url\":\"https:\/\/stj-sy.org\/fr\/\",\"name\":\"\u0633\u0648\u0631\u064a\u0648\u0646 \u0645\u0646 \u0623\u062c\u0644 \u0627\u0644\u062d\u0642\u064a\u0642\u0629 \u0648\u0627\u0644\u0639\u062f\u0627\u0644\u0629\",\"description\":\"\u0645\u0648\u0642\u0639 \u0648\u0648\u0631\u062f\u0628\u0631\u064a\u0633 \u0639\u0631\u0628\u064a \u0622\u062e\u0631\",\"publisher\":{\"@id\":\"https:\/\/stj-sy.org\/fr\/#organization\"},\"potentialAction\":[{\"@type\":\"SearchAction\",\"target\":{\"@type\":\"EntryPoint\",\"urlTemplate\":\"https:\/\/stj-sy.org\/fr\/?s={search_term_string}\"},\"query-input\":{\"@type\":\"PropertyValueSpecification\",\"valueRequired\":true,\"valueName\":\"search_term_string\"}}],\"inLanguage\":\"fr-FR\"},{\"@type\":\"Organization\",\"@id\":\"https:\/\/stj-sy.org\/fr\/#organization\",\"name\":\"Syrians for Truth and Justice\",\"url\":\"https:\/\/stj-sy.org\/fr\/\",\"logo\":{\"@type\":\"ImageObject\",\"inLanguage\":\"fr-FR\",\"@id\":\"https:\/\/stj-sy.org\/fr\/#\/schema\/logo\/image\/\",\"url\":\"https:\/\/stj-sy.org\/wp-content\/uploads\/2019\/05\/logo.png\",\"contentUrl\":\"https:\/\/stj-sy.org\/wp-content\/uploads\/2019\/05\/logo.png\",\"width\":231,\"height\":70,\"caption\":\"Syrians for Truth and Justice\"},\"image\":{\"@id\":\"https:\/\/stj-sy.org\/fr\/#\/schema\/logo\/image\/\"},\"sameAs\":[\"https:\/\/www.facebook.com\/SyriaSTJ\/\",\"https:\/\/x.com\/STJ_SYRIA_ENG\",\"https:\/\/www.instagram.com\/syrians_for_truth_and_justice\/\",\"https:\/\/www.linkedin.com\/in\/syrians-for-truth-and-justice-8a0119172\/\"]},{\"@type\":\"Person\",\"@id\":\"https:\/\/stj-sy.org\/fr\/#\/schema\/person\/e68af89dd054547596c0ee0a4724ab50\",\"name\":\"Bassam Alahmad\",\"image\":{\"@type\":\"ImageObject\",\"inLanguage\":\"fr-FR\",\"@id\":\"https:\/\/stj-sy.org\/fr\/#\/schema\/person\/image\/\",\"url\":\"https:\/\/secure.gravatar.com\/avatar\/7dd1ae4aeef5f1e2ba843e5247408caef8e24af65457299c09ef2f0eef9a9f9e?s=96&d=mm&r=g\",\"contentUrl\":\"https:\/\/secure.gravatar.com\/avatar\/7dd1ae4aeef5f1e2ba843e5247408caef8e24af65457299c09ef2f0eef9a9f9e?s=96&d=mm&r=g\",\"caption\":\"Bassam Alahmad\"}}]}<\/script>\n<!-- \/ Yoast SEO plugin. -->","yoast_head_json":{"title":"Y\u00e9men : Plus de 150 ONG demandent l'annulation de la condamnation \u00e0 mort de quatre journalistes - \u0633\u0648\u0631\u064a\u0648\u0646 \u0645\u0646 \u0623\u062c\u0644 \u0627\u0644\u062d\u0642\u064a\u0642\u0629 \u0648\u0627\u0644\u0639\u062f\u0627\u0644\u0629","robots":{"index":"index","follow":"follow","max-snippet":"max-snippet:-1","max-image-preview":"max-image-preview:large","max-video-preview":"max-video-preview:-1"},"canonical":"https:\/\/stj-sy.org\/fr\/yemen-plus-de-150-ong-demandent-lannulation-de-la-condamnation-a-mort-de-quatre-journalistes\/","og_locale":"fr_FR","og_type":"article","og_title":"Y\u00e9men : Plus de 150 ONG demandent l'annulation de la condamnation \u00e0 mort de quatre journalistes - \u0633\u0648\u0631\u064a\u0648\u0646 \u0645\u0646 \u0623\u062c\u0644 \u0627\u0644\u062d\u0642\u064a\u0642\u0629 \u0648\u0627\u0644\u0639\u062f\u0627\u0644\u0629","og_description":"Les organisations de d\u00e9fense des droits humains, de la libert\u00e9 de la presse et des journalistes appellent les m\u00e9canismes des Nations Unies et ses \u00c9tats membres \u00e0 aider \u00e0 sauver&hellip;","og_url":"https:\/\/stj-sy.org\/fr\/yemen-plus-de-150-ong-demandent-lannulation-de-la-condamnation-a-mort-de-quatre-journalistes\/","og_site_name":"\u0633\u0648\u0631\u064a\u0648\u0646 \u0645\u0646 \u0623\u062c\u0644 \u0627\u0644\u062d\u0642\u064a\u0642\u0629 \u0648\u0627\u0644\u0639\u062f\u0627\u0644\u0629","article_publisher":"https:\/\/www.facebook.com\/SyriaSTJ\/","article_published_time":"2020-05-23T16:54:31+00:00","article_modified_time":"2020-05-23T17:27:34+00:00","og_image":[{"width":1072,"height":754,"url":"https:\/\/stj-sy.org\/wp-content\/uploads\/2020\/05\/\u0628\u0648\u0633\u062a\u0631-\u0627\u0644\u0635\u062d\u0641\u064a\u064a\u0646-\u0627\u0646\u062c\u0644\u064a\u0632\u064a.jpg","type":"image\/jpeg"}],"twitter_card":"summary_large_image","twitter_creator":"@STJ_SYRIA_ENG","twitter_site":"@STJ_SYRIA_ENG","twitter_misc":{"\u00c9crit par":"Bassam Alahmad","Dur\u00e9e de lecture estim\u00e9e":"8 minutes"},"schema":{"@context":"https:\/\/schema.org","@graph":[{"@type":"Article","@id":"https:\/\/stj-sy.org\/fr\/yemen-plus-de-150-ong-demandent-lannulation-de-la-condamnation-a-mort-de-quatre-journalistes\/#article","isPartOf":{"@id":"https:\/\/stj-sy.org\/fr\/yemen-plus-de-150-ong-demandent-lannulation-de-la-condamnation-a-mort-de-quatre-journalistes\/"},"author":{"name":"Bassam Alahmad","@id":"https:\/\/stj-sy.org\/fr\/#\/schema\/person\/e68af89dd054547596c0ee0a4724ab50"},"headline":"Y\u00e9men : Plus de 150 ONG demandent l&rsquo;annulation de la condamnation \u00e0 mort de quatre journalistes","datePublished":"2020-05-23T16:54:31+00:00","dateModified":"2020-05-23T17:27:34+00:00","mainEntityOfPage":{"@id":"https:\/\/stj-sy.org\/fr\/yemen-plus-de-150-ong-demandent-lannulation-de-la-condamnation-a-mort-de-quatre-journalistes\/"},"wordCount":1724,"commentCount":0,"publisher":{"@id":"https:\/\/stj-sy.org\/fr\/#organization"},"image":{"@id":"https:\/\/stj-sy.org\/fr\/yemen-plus-de-150-ong-demandent-lannulation-de-la-condamnation-a-mort-de-quatre-journalistes\/#primaryimage"},"thumbnailUrl":"https:\/\/stj-sy.org\/wp-content\/uploads\/2020\/05\/\u0628\u0648\u0633\u062a\u0631-\u0627\u0644\u0635\u062d\u0641\u064a\u064a\u0646-\u0627\u0646\u062c\u0644\u064a\u0632\u064a.jpg","keywords":["D\u00e9clarations et lettres conjointes","D\u00e9tention arbitraire","Libert\u00e9 d'expression","Libert\u00e9 de journalisme","Peine de mort","Y\u00e9men"],"articleSection":["Communiqu\u00e9s de presse et d\u00e9clarations"],"inLanguage":"fr-FR","potentialAction":[{"@type":"CommentAction","name":"Comment","target":["https:\/\/stj-sy.org\/fr\/yemen-plus-de-150-ong-demandent-lannulation-de-la-condamnation-a-mort-de-quatre-journalistes\/#respond"]}]},{"@type":"WebPage","@id":"https:\/\/stj-sy.org\/fr\/yemen-plus-de-150-ong-demandent-lannulation-de-la-condamnation-a-mort-de-quatre-journalistes\/","url":"https:\/\/stj-sy.org\/fr\/yemen-plus-de-150-ong-demandent-lannulation-de-la-condamnation-a-mort-de-quatre-journalistes\/","name":"Y\u00e9men : Plus de 150 ONG demandent l'annulation de la condamnation \u00e0 mort de quatre journalistes - \u0633\u0648\u0631\u064a\u0648\u0646 \u0645\u0646 \u0623\u062c\u0644 \u0627\u0644\u062d\u0642\u064a\u0642\u0629 \u0648\u0627\u0644\u0639\u062f\u0627\u0644\u0629","isPartOf":{"@id":"https:\/\/stj-sy.org\/fr\/#website"},"primaryImageOfPage":{"@id":"https:\/\/stj-sy.org\/fr\/yemen-plus-de-150-ong-demandent-lannulation-de-la-condamnation-a-mort-de-quatre-journalistes\/#primaryimage"},"image":{"@id":"https:\/\/stj-sy.org\/fr\/yemen-plus-de-150-ong-demandent-lannulation-de-la-condamnation-a-mort-de-quatre-journalistes\/#primaryimage"},"thumbnailUrl":"https:\/\/stj-sy.org\/wp-content\/uploads\/2020\/05\/\u0628\u0648\u0633\u062a\u0631-\u0627\u0644\u0635\u062d\u0641\u064a\u064a\u0646-\u0627\u0646\u062c\u0644\u064a\u0632\u064a.jpg","datePublished":"2020-05-23T16:54:31+00:00","dateModified":"2020-05-23T17:27:34+00:00","breadcrumb":{"@id":"https:\/\/stj-sy.org\/fr\/yemen-plus-de-150-ong-demandent-lannulation-de-la-condamnation-a-mort-de-quatre-journalistes\/#breadcrumb"},"inLanguage":"fr-FR","potentialAction":[{"@type":"ReadAction","target":["https:\/\/stj-sy.org\/fr\/yemen-plus-de-150-ong-demandent-lannulation-de-la-condamnation-a-mort-de-quatre-journalistes\/"]}]},{"@type":"ImageObject","inLanguage":"fr-FR","@id":"https:\/\/stj-sy.org\/fr\/yemen-plus-de-150-ong-demandent-lannulation-de-la-condamnation-a-mort-de-quatre-journalistes\/#primaryimage","url":"https:\/\/stj-sy.org\/wp-content\/uploads\/2020\/05\/\u0628\u0648\u0633\u062a\u0631-\u0627\u0644\u0635\u062d\u0641\u064a\u064a\u0646-\u0627\u0646\u062c\u0644\u064a\u0632\u064a.jpg","contentUrl":"https:\/\/stj-sy.org\/wp-content\/uploads\/2020\/05\/\u0628\u0648\u0633\u062a\u0631-\u0627\u0644\u0635\u062d\u0641\u064a\u064a\u0646-\u0627\u0646\u062c\u0644\u064a\u0632\u064a.jpg","width":1072,"height":754,"caption":"Les quatre journalistes, Abdulkhaleq Ahmed Amran, Akram Saleh Al-Walidi, Al-Hareth Saleh Hamid and Tawfiq Mohammed Al-Mansouri Source: Mowatana for Human Rights"},{"@type":"BreadcrumbList","@id":"https:\/\/stj-sy.org\/fr\/yemen-plus-de-150-ong-demandent-lannulation-de-la-condamnation-a-mort-de-quatre-journalistes\/#breadcrumb","itemListElement":[{"@type":"ListItem","position":1,"name":"\u0627\u0644\u0631\u0626\u064a\u0633\u064a\u0629","item":"https:\/\/stj-sy.org\/fr\/"},{"@type":"ListItem","position":2,"name":"Y\u00e9men : Plus de 150 ONG demandent l&rsquo;annulation de la condamnation \u00e0 mort de quatre journalistes"}]},{"@type":"WebSite","@id":"https:\/\/stj-sy.org\/fr\/#website","url":"https:\/\/stj-sy.org\/fr\/","name":"\u0633\u0648\u0631\u064a\u0648\u0646 \u0645\u0646 \u0623\u062c\u0644 \u0627\u0644\u062d\u0642\u064a\u0642\u0629 \u0648\u0627\u0644\u0639\u062f\u0627\u0644\u0629","description":"\u0645\u0648\u0642\u0639 \u0648\u0648\u0631\u062f\u0628\u0631\u064a\u0633 \u0639\u0631\u0628\u064a \u0622\u062e\u0631","publisher":{"@id":"https:\/\/stj-sy.org\/fr\/#organization"},"potentialAction":[{"@type":"SearchAction","target":{"@type":"EntryPoint","urlTemplate":"https:\/\/stj-sy.org\/fr\/?s={search_term_string}"},"query-input":{"@type":"PropertyValueSpecification","valueRequired":true,"valueName":"search_term_string"}}],"inLanguage":"fr-FR"},{"@type":"Organization","@id":"https:\/\/stj-sy.org\/fr\/#organization","name":"Syrians for Truth and Justice","url":"https:\/\/stj-sy.org\/fr\/","logo":{"@type":"ImageObject","inLanguage":"fr-FR","@id":"https:\/\/stj-sy.org\/fr\/#\/schema\/logo\/image\/","url":"https:\/\/stj-sy.org\/wp-content\/uploads\/2019\/05\/logo.png","contentUrl":"https:\/\/stj-sy.org\/wp-content\/uploads\/2019\/05\/logo.png","width":231,"height":70,"caption":"Syrians for Truth and Justice"},"image":{"@id":"https:\/\/stj-sy.org\/fr\/#\/schema\/logo\/image\/"},"sameAs":["https:\/\/www.facebook.com\/SyriaSTJ\/","https:\/\/x.com\/STJ_SYRIA_ENG","https:\/\/www.instagram.com\/syrians_for_truth_and_justice\/","https:\/\/www.linkedin.com\/in\/syrians-for-truth-and-justice-8a0119172\/"]},{"@type":"Person","@id":"https:\/\/stj-sy.org\/fr\/#\/schema\/person\/e68af89dd054547596c0ee0a4724ab50","name":"Bassam Alahmad","image":{"@type":"ImageObject","inLanguage":"fr-FR","@id":"https:\/\/stj-sy.org\/fr\/#\/schema\/person\/image\/","url":"https:\/\/secure.gravatar.com\/avatar\/7dd1ae4aeef5f1e2ba843e5247408caef8e24af65457299c09ef2f0eef9a9f9e?s=96&d=mm&r=g","contentUrl":"https:\/\/secure.gravatar.com\/avatar\/7dd1ae4aeef5f1e2ba843e5247408caef8e24af65457299c09ef2f0eef9a9f9e?s=96&d=mm&r=g","caption":"Bassam Alahmad"}}]}},"_links":{"self":[{"href":"https:\/\/stj-sy.org\/fr\/wp-json\/wp\/v2\/posts\/10153","targetHints":{"allow":["GET"]}}],"collection":[{"href":"https:\/\/stj-sy.org\/fr\/wp-json\/wp\/v2\/posts"}],"about":[{"href":"https:\/\/stj-sy.org\/fr\/wp-json\/wp\/v2\/types\/post"}],"author":[{"embeddable":true,"href":"https:\/\/stj-sy.org\/fr\/wp-json\/wp\/v2\/users\/2"}],"replies":[{"embeddable":true,"href":"https:\/\/stj-sy.org\/fr\/wp-json\/wp\/v2\/comments?post=10153"}],"version-history":[{"count":3,"href":"https:\/\/stj-sy.org\/fr\/wp-json\/wp\/v2\/posts\/10153\/revisions"}],"predecessor-version":[{"id":10161,"href":"https:\/\/stj-sy.org\/fr\/wp-json\/wp\/v2\/posts\/10153\/revisions\/10161"}],"wp:featuredmedia":[{"embeddable":true,"href":"https:\/\/stj-sy.org\/fr\/wp-json\/wp\/v2\/media\/10144"}],"wp:attachment":[{"href":"https:\/\/stj-sy.org\/fr\/wp-json\/wp\/v2\/media?parent=10153"}],"wp:term":[{"taxonomy":"category","embeddable":true,"href":"https:\/\/stj-sy.org\/fr\/wp-json\/wp\/v2\/categories?post=10153"},{"taxonomy":"post_tag","embeddable":true,"href":"https:\/\/stj-sy.org\/fr\/wp-json\/wp\/v2\/tags?post=10153"}],"curies":[{"name":"wp","href":"https:\/\/api.w.org\/{rel}","templated":true}]}}