{"id":7506,"date":"2019-12-11T21:22:30","date_gmt":"2019-12-11T18:22:30","guid":{"rendered":"https:\/\/stj-sy.org\/joint-statement-on-the-fate-of-the-missing-detained-and-forcibly-disappeared-and-guarantee-the-freedom-and-safety-of-human-rights-defenders-in-syria\/"},"modified":"2019-12-11T21:24:53","modified_gmt":"2019-12-11T18:24:53","slug":"joint-statement-on-the-fate-of-the-missing-detained-and-forcibly-disappeared-and-guarantee-the-freedom-and-safety-of-human-rights-defenders-in-syria","status":"publish","type":"post","link":"https:\/\/stj-sy.org\/en\/joint-statement-on-the-fate-of-the-missing-detained-and-forcibly-disappeared-and-guarantee-the-freedom-and-safety-of-human-rights-defenders-in-syria\/","title":{"rendered":"joint statement on the fate of the Missing, Detained and Forcibly Disappeared and guarantee the freedom and safety of human rights defenders in Syria"},"content":{"rendered":"<p style=\"text-align: justify;\">Six years ago, the joint office of the VDC, LDSPS and Rising for Freedom in Douma in Eastern Ghouta (north of Damascus) was raided by armed men who abducted four human rights defenders, Razan ZAITOUNEH, Wael HAMADA, Samira ALKHALIL and Nazim HAMMADI. The parties controlling the region have changed and tens of thousands of people have been displaced, but the fate of our colleagues remains unknown.<\/p>\n<p style=\"text-align: justify;\">For them and for thousands of forcibly disappeared and detainees in Syria, today, we, the undersigned organizations, renew our commitment to work in every possible way to reveal their fate and defend their rights to justice and accountability. We pledge to fight impunity, as a basic guarantee for building a democratic state based on the separation of powers, the protection of human rights and citizenship, a state governed by law.<\/p>\n<p style=\"text-align: justify;\">As efforts continue to be made to achieve truth, justice and accountability for their abductors and those who perpetrated major crimes against humanity in Syria, the de facto authorities in diverse regions of Syria retain their policies of using forced disappearance and arbitrary detention as their main practice to hide their crimes by committing more crimes. As parties to the conflict continuously keep on marginalizing and making Human Rights Defenders disappear, paths towards a political solution are accelerating.<\/p>\n<p style=\"text-align: justify;\">We remind the parties and guarantors of the political solution negotiations in Syria that revealing the fate of the missing, releasing the detainees, ensuring justice and holding the perpetrators of major crimes against humanity accountable is the best guarantee to end the culture of impunity and lay the first cornerstone for any future stability and peace in Syria and the region.<\/p>\n<p style=\"text-align: justify;\">From here, we, the undersigned organizations, emphasize the following:<\/p>\n<ul style=\"text-align: justify;\">\n<li>We will continue to defend the fundamental rights of all Syrian citizens, seek truth and establish justice and work to hold those responsible for major crimes accountable.<\/li>\n<li>We will continue to pursue the establishment of a transparent, fair and national accountability mechanism with international guarantees that investigate crimes and ensure accountability, reparation, and non-repetition, as only this guarantee will ensure a sustainable peace in Syria.<\/li>\n<li>We reaffirm our call on the countries and guarantors involved in the building of a political solution in Syria to face their responsibilities towards producing a political solution that establishes sustainable peace. By giving priority to restoring trust between parties to the conflict, first and foremost we urge those responsible to reveal the fate of the disappeared and detained in Syria, and pressure all parties of the conflict to commit to justice and cooperate.<\/li>\n<li>We call upon the international community and the United Nations to fulfill their responsibilities to defend human rights and work hard to uncover the fate of the missing and detained in Syria, and ensure the freedom and safety of human rights defenders in order to ensure the launch of a political process that establishes a democratic state in Syria.<\/li>\n<\/ul>\n<p style=\"text-align: justify;\">Accordingly, we sign:<\/p>\n<div class=\"pcrstb-wrap\"><table width=\"592\">\n<tbody>\n<tr>\n<td width=\"592\">1.\u00a0\u00a0\u00a0\u00a0 Access Center for Human Rights<\/td>\n<\/tr>\n<tr>\n<td width=\"592\">2.\u00a0\u00a0\u00a0\u00a0 ActiveWatch<\/td>\n<\/tr>\n<tr>\n<td width=\"592\">3.\u00a0\u00a0\u00a0\u00a0 Al Haq Organisation for Defending Human Rights<\/td>\n<\/tr>\n<tr>\n<td width=\"592\">4.\u00a0\u00a0\u00a0\u00a0 Al Mezan<\/td>\n<\/tr>\n<tr>\n<td width=\"592\">5.\u00a0\u00a0\u00a0\u00a0 Al-Marsad \u2013 Arab Human Rights Centre in Golan Heights<\/td>\n<\/tr>\n<tr>\n<td width=\"592\">6.\u00a0\u00a0\u00a0\u00a0 Algerian League for the Defense of Human Rights<\/td>\n<\/tr>\n<tr>\n<td width=\"592\">7.\u00a0\u00a0\u00a0\u00a0 Arab Network for Human Rights Information<\/td>\n<\/tr>\n<tr>\n<td width=\"592\">8.\u00a0\u00a0\u00a0\u00a0 Aso Association against Violence Against Women<\/td>\n<\/tr>\n<tr>\n<td width=\"592\">9.\u00a0\u00a0\u00a0\u00a0 Association de Soutien aux Medias Libres<\/td>\n<\/tr>\n<tr>\n<td width=\"592\">10.\u00a0 Association Marocaine des Droits Humains<\/td>\n<\/tr>\n<tr>\n<td width=\"592\">11.\u00a0 BADAEL<\/td>\n<\/tr>\n<tr>\n<td width=\"592\">12.\u00a0 Baytna Syria<\/td>\n<\/tr>\n<tr>\n<td width=\"592\">13.\u00a0 Bercav organization<\/td>\n<\/tr>\n<tr>\n<td width=\"592\">14.\u00a0 Caesar Families Association<\/td>\n<\/tr>\n<tr>\n<td width=\"592\">15.\u00a0 Cairo Institute for Human Rights Studies<\/td>\n<\/tr>\n<tr>\n<td width=\"592\">16.\u00a0 Collective of Families of the Disappeared in Algeria<\/td>\n<\/tr>\n<tr>\n<td width=\"592\">17.\u00a0 DAWLATY<\/td>\n<\/tr>\n<tr>\n<td width=\"592\">18.\u00a0 F\u00e9d\u00e9ration Euro-M\u00e9diterran\u00e9enne contre les disparitions forc\u00e9es<\/td>\n<\/tr>\n<tr>\n<td width=\"592\">19.\u00a0 Gulf Centre for Human Rights<\/td>\n<\/tr>\n<tr>\n<td width=\"592\">20.\u00a0 Human Rights Club<\/td>\n<\/tr>\n<tr>\n<td width=\"592\">21.\u00a0 Human Rights Concern &#8211; Eritrea<\/td>\n<\/tr>\n<tr>\n<td width=\"592\">22.\u00a0 Hurras Network<\/td>\n<\/tr>\n<tr>\n<td width=\"592\">23.\u00a0 Impunity Watch<\/td>\n<\/tr>\n<tr>\n<td width=\"592\">24.\u00a0 International Federation for Human Rights<\/td>\n<\/tr>\n<tr>\n<td width=\"592\">25.\u00a0 International Media Support<\/td>\n<\/tr>\n<tr>\n<td width=\"592\">26.\u00a0 Justice for life<\/td>\n<\/tr>\n<tr>\n<td width=\"592\">27.\u00a0 Kawakbi Center for Transitional Justice and Human Rights<\/td>\n<\/tr>\n<tr>\n<td width=\"592\">28.\u00a0 Kazakhstan International Bureau for Human Rights and the Rule of Law<\/td>\n<\/tr>\n<tr>\n<td width=\"592\">29.\u00a0 Kesh Malek Organization<\/td>\n<\/tr>\n<tr>\n<td width=\"592\">30.\u00a0 Kurdish Committee for Human Rights \/Observer<\/td>\n<\/tr>\n<tr>\n<td width=\"592\">31.\u00a0 Latvian Human Rights Committee<\/td>\n<\/tr>\n<tr>\n<td width=\"592\">32.\u00a0 Lebanese Center for Human Rights<\/td>\n<\/tr>\n<tr>\n<td width=\"592\">33.\u00a0 Legal Clinic &#8220;Adilet<\/td>\n<\/tr>\n<tr>\n<td width=\"592\">34.\u00a0 Local Administration Councils Unit<\/td>\n<\/tr>\n<tr>\n<td width=\"592\">35.\u00a0 Local Development and Small-Projects Support<\/td>\n<\/tr>\n<tr>\n<td width=\"592\">36.\u00a0 MENA Rights Group<\/td>\n<\/tr>\n<tr>\n<td width=\"592\">37.\u00a0 Musawa<\/td>\n<\/tr>\n<tr>\n<td width=\"592\">38.\u00a0 Nophotozone<\/td>\n<\/tr>\n<tr>\n<td width=\"592\">39.\u00a0 Organisation Marocaine Des Droits Humains<\/td>\n<\/tr>\n<tr>\n<td width=\"592\">40.\u00a0 Palestinian Centre for Human Rights<\/td>\n<\/tr>\n<tr>\n<td width=\"592\">41.\u00a0 PAX for Peace<\/td>\n<\/tr>\n<tr>\n<td width=\"592\">42.\u00a0 Pro-justice<\/td>\n<\/tr>\n<tr>\n<td width=\"592\">43.\u00a0 Rights Realization Centre<\/td>\n<\/tr>\n<tr>\n<td width=\"592\">44.\u00a0 Shaml Syrian CSOs Coalition<\/td>\n<\/tr>\n<tr>\n<td width=\"592\">45.\u00a0 Sisters Arab Forum for Human Rights<\/td>\n<\/tr>\n<tr>\n<td width=\"592\">46.\u00a0 Syria Legal Network\/ NL<\/td>\n<\/tr>\n<tr>\n<td width=\"592\">47.\u00a0 Syrian Center for Media and Freedom Of Expresson<\/td>\n<\/tr>\n<tr>\n<td width=\"592\">48.\u00a0 Syrian journalists Association<\/td>\n<\/tr>\n<tr>\n<td width=\"592\">49.\u00a0 Syrian Lawyers Aggregation<\/td>\n<\/tr>\n<tr>\n<td width=\"592\">50.\u00a0 \u064dSyrian League for Citizenship<\/td>\n<\/tr>\n<tr>\n<td width=\"592\">51.\u00a0 SYRIAN NETWORK FOR HUMAN RIGHTS<\/td>\n<\/tr>\n<tr>\n<td width=\"592\">52.\u00a0 Syrian Women&#8217;s network<\/td>\n<\/tr>\n<tr>\n<td width=\"592\">53.\u00a0 Syrians for Truth and Justice<\/td>\n<\/tr>\n<tr>\n<td width=\"592\">54.\u00a0 The Syria Campaign<\/td>\n<\/tr>\n<tr>\n<td width=\"592\">55.\u00a0 URNAMMU<\/td>\n<\/tr>\n<tr>\n<td width=\"592\">56.\u00a0 Verband Deutsch-Syrischer Hilfsvereine e.V.<\/td>\n<\/tr>\n<tr>\n<td width=\"592\">57.\u00a0 Violation Documentation Center<\/td>\n<\/tr>\n<tr>\n<td width=\"592\">58.\u00a0 Women Now For Development<\/td>\n<\/tr>\n<tr>\n<td width=\"592\">59.\u00a0 World Organisation Against Torture &#8211; Observatory for the Protection of Human Rights Defenders<\/td>\n<\/tr>\n<\/tbody>\n<\/table><\/div>\n","protected":false},"excerpt":{"rendered":"<p>Six years ago, the joint office of the VDC, LDSPS and Rising for Freedom in Douma in Eastern Ghouta (north of Damascus) was raided by armed men who abducted four&hellip;<\/p>\n","protected":false},"author":2,"featured_media":7501,"comment_status":"open","ping_status":"open","sticky":false,"template":"","format":"link","meta":{"_lmt_disableupdate":"","_lmt_disable":"","footnotes":""},"categories":[6],"tags":[63,89,516,20,116],"class_list":["post-7506","post","type-post","status-publish","format-link","has-post-thumbnail","hentry","category-press-releases","tag-Abduction","tag-Army-of-Islam","tag-douma4","tag-Enforced-Disappearances","tag-Kidnapping-Civilians","post_format-post-format-link"],"yoast_head":"<!-- This site is optimized with the Yoast SEO plugin v26.8 - https:\/\/yoast.com\/product\/yoast-seo-wordpress\/ -->\n<title>joint statement on the fate of the Missing, Detained and Forcibly Disappeared and guarantee the freedom and safety of human rights defenders in Syria - Syrians for Truth and Justice<\/title>\n<meta name=\"robots\" content=\"index, follow, max-snippet:-1, max-image-preview:large, max-video-preview:-1\" \/>\n<link rel=\"canonical\" href=\"https:\/\/stj-sy.org\/en\/joint-statement-on-the-fate-of-the-missing-detained-and-forcibly-disappeared-and-guarantee-the-freedom-and-safety-of-human-rights-defenders-in-syria\/\" \/>\n<meta property=\"og:locale\" content=\"en_US\" \/>\n<meta property=\"og:type\" content=\"article\" \/>\n<meta property=\"og:title\" content=\"joint statement on the fate of the Missing, Detained and Forcibly Disappeared and guarantee the freedom and safety of human rights defenders in Syria - Syrians for Truth and Justice\" \/>\n<meta property=\"og:description\" content=\"Six years ago, the joint office of the VDC, LDSPS and Rising for Freedom in Douma in Eastern Ghouta (north of Damascus) was raided by armed men who abducted four&hellip;\" \/>\n<meta property=\"og:url\" content=\"https:\/\/stj-sy.org\/en\/joint-statement-on-the-fate-of-the-missing-detained-and-forcibly-disappeared-and-guarantee-the-freedom-and-safety-of-human-rights-defenders-in-syria\/\" \/>\n<meta property=\"og:site_name\" content=\"Syrians for Truth and Justice\" \/>\n<meta property=\"article:publisher\" content=\"https:\/\/www.facebook.com\/SyriaSTJ\/\" \/>\n<meta property=\"article:published_time\" content=\"2019-12-11T18:22:30+00:00\" \/>\n<meta property=\"article:modified_time\" content=\"2019-12-11T18:24:53+00:00\" \/>\n<meta property=\"og:image\" content=\"https:\/\/stj-sy.org\/wp-content\/uploads\/2019\/12\/6201-\u0645\u0646\u0638\u0645\u0629-\u0633\u0648\u0631\u064a\u0648\u0646-\u0645\u0646-\u0627\u0654\u062c\u0644-\u0627\u0644\u0639\u062f\u0627\u0644\u0629-\u0648\u0627\u0644\u062d\u0642\u064a\u0642\u0629-\u062a\u0642\u0631\u064a\u0631-\u0635\u0648\u0631\u0629-\u063a\u0644\u0627\u0641_6.jpg\" \/>\n\t<meta property=\"og:image:width\" content=\"1140\" \/>\n\t<meta property=\"og:image:height\" content=\"600\" \/>\n\t<meta property=\"og:image:type\" content=\"image\/jpeg\" \/>\n<meta name=\"twitter:card\" content=\"summary_large_image\" \/>\n<meta name=\"twitter:creator\" content=\"@STJ_SYRIA_ENG\" \/>\n<meta name=\"twitter:site\" content=\"@STJ_SYRIA_ENG\" \/>\n<meta name=\"twitter:label1\" content=\"Written by\" \/>\n\t<meta name=\"twitter:data1\" content=\"Bassam Alahmad\" \/>\n\t<meta name=\"twitter:label2\" content=\"Est. reading time\" \/>\n\t<meta name=\"twitter:data2\" content=\"4 minutes\" \/>\n<script type=\"application\/ld+json\" class=\"yoast-schema-graph\">{\"@context\":\"https:\/\/schema.org\",\"@graph\":[{\"@type\":\"Article\",\"@id\":\"https:\/\/stj-sy.org\/en\/joint-statement-on-the-fate-of-the-missing-detained-and-forcibly-disappeared-and-guarantee-the-freedom-and-safety-of-human-rights-defenders-in-syria\/#article\",\"isPartOf\":{\"@id\":\"https:\/\/stj-sy.org\/en\/joint-statement-on-the-fate-of-the-missing-detained-and-forcibly-disappeared-and-guarantee-the-freedom-and-safety-of-human-rights-defenders-in-syria\/\"},\"author\":{\"name\":\"Bassam Alahmad\",\"@id\":\"https:\/\/stj-sy.org\/en\/#\/schema\/person\/e68af89dd054547596c0ee0a4724ab50\"},\"headline\":\"joint statement on the fate of the Missing, Detained and Forcibly Disappeared and guarantee the freedom and safety of human rights defenders in Syria\",\"datePublished\":\"2019-12-11T18:22:30+00:00\",\"dateModified\":\"2019-12-11T18:24:53+00:00\",\"mainEntityOfPage\":{\"@id\":\"https:\/\/stj-sy.org\/en\/joint-statement-on-the-fate-of-the-missing-detained-and-forcibly-disappeared-and-guarantee-the-freedom-and-safety-of-human-rights-defenders-in-syria\/\"},\"wordCount\":771,\"commentCount\":0,\"publisher\":{\"@id\":\"https:\/\/stj-sy.org\/en\/#organization\"},\"image\":{\"@id\":\"https:\/\/stj-sy.org\/en\/joint-statement-on-the-fate-of-the-missing-detained-and-forcibly-disappeared-and-guarantee-the-freedom-and-safety-of-human-rights-defenders-in-syria\/#primaryimage\"},\"thumbnailUrl\":\"https:\/\/stj-sy.org\/wp-content\/uploads\/2019\/12\/6201-\u0645\u0646\u0638\u0645\u0629-\u0633\u0648\u0631\u064a\u0648\u0646-\u0645\u0646-\u0627\u0654\u062c\u0644-\u0627\u0644\u0639\u062f\u0627\u0644\u0629-\u0648\u0627\u0644\u062d\u0642\u064a\u0642\u0629-\u062a\u0642\u0631\u064a\u0631-\u0635\u0648\u0631\u0629-\u063a\u0644\u0627\u0641_6.jpg\",\"keywords\":[\"Abduction\",\"Army of Islam\",\"Douma4\",\"Enforced Disappearances\",\"Kidnapping Civilians\"],\"articleSection\":[\"Press releases &amp; statements\"],\"inLanguage\":\"en-US\",\"potentialAction\":[{\"@type\":\"CommentAction\",\"name\":\"Comment\",\"target\":[\"https:\/\/stj-sy.org\/en\/joint-statement-on-the-fate-of-the-missing-detained-and-forcibly-disappeared-and-guarantee-the-freedom-and-safety-of-human-rights-defenders-in-syria\/#respond\"]}]},{\"@type\":\"WebPage\",\"@id\":\"https:\/\/stj-sy.org\/en\/joint-statement-on-the-fate-of-the-missing-detained-and-forcibly-disappeared-and-guarantee-the-freedom-and-safety-of-human-rights-defenders-in-syria\/\",\"url\":\"https:\/\/stj-sy.org\/en\/joint-statement-on-the-fate-of-the-missing-detained-and-forcibly-disappeared-and-guarantee-the-freedom-and-safety-of-human-rights-defenders-in-syria\/\",\"name\":\"joint statement on the fate of the Missing, Detained and Forcibly Disappeared and guarantee the freedom and safety of human rights defenders in Syria - Syrians for Truth and Justice\",\"isPartOf\":{\"@id\":\"https:\/\/stj-sy.org\/en\/#website\"},\"primaryImageOfPage\":{\"@id\":\"https:\/\/stj-sy.org\/en\/joint-statement-on-the-fate-of-the-missing-detained-and-forcibly-disappeared-and-guarantee-the-freedom-and-safety-of-human-rights-defenders-in-syria\/#primaryimage\"},\"image\":{\"@id\":\"https:\/\/stj-sy.org\/en\/joint-statement-on-the-fate-of-the-missing-detained-and-forcibly-disappeared-and-guarantee-the-freedom-and-safety-of-human-rights-defenders-in-syria\/#primaryimage\"},\"thumbnailUrl\":\"https:\/\/stj-sy.org\/wp-content\/uploads\/2019\/12\/6201-\u0645\u0646\u0638\u0645\u0629-\u0633\u0648\u0631\u064a\u0648\u0646-\u0645\u0646-\u0627\u0654\u062c\u0644-\u0627\u0644\u0639\u062f\u0627\u0644\u0629-\u0648\u0627\u0644\u062d\u0642\u064a\u0642\u0629-\u062a\u0642\u0631\u064a\u0631-\u0635\u0648\u0631\u0629-\u063a\u0644\u0627\u0641_6.jpg\",\"datePublished\":\"2019-12-11T18:22:30+00:00\",\"dateModified\":\"2019-12-11T18:24:53+00:00\",\"breadcrumb\":{\"@id\":\"https:\/\/stj-sy.org\/en\/joint-statement-on-the-fate-of-the-missing-detained-and-forcibly-disappeared-and-guarantee-the-freedom-and-safety-of-human-rights-defenders-in-syria\/#breadcrumb\"},\"inLanguage\":\"en-US\",\"potentialAction\":[{\"@type\":\"ReadAction\",\"target\":[\"https:\/\/stj-sy.org\/en\/joint-statement-on-the-fate-of-the-missing-detained-and-forcibly-disappeared-and-guarantee-the-freedom-and-safety-of-human-rights-defenders-in-syria\/\"]}]},{\"@type\":\"ImageObject\",\"inLanguage\":\"en-US\",\"@id\":\"https:\/\/stj-sy.org\/en\/joint-statement-on-the-fate-of-the-missing-detained-and-forcibly-disappeared-and-guarantee-the-freedom-and-safety-of-human-rights-defenders-in-syria\/#primaryimage\",\"url\":\"https:\/\/stj-sy.org\/wp-content\/uploads\/2019\/12\/6201-\u0645\u0646\u0638\u0645\u0629-\u0633\u0648\u0631\u064a\u0648\u0646-\u0645\u0646-\u0627\u0654\u062c\u0644-\u0627\u0644\u0639\u062f\u0627\u0644\u0629-\u0648\u0627\u0644\u062d\u0642\u064a\u0642\u0629-\u062a\u0642\u0631\u064a\u0631-\u0635\u0648\u0631\u0629-\u063a\u0644\u0627\u0641_6.jpg\",\"contentUrl\":\"https:\/\/stj-sy.org\/wp-content\/uploads\/2019\/12\/6201-\u0645\u0646\u0638\u0645\u0629-\u0633\u0648\u0631\u064a\u0648\u0646-\u0645\u0646-\u0627\u0654\u062c\u0644-\u0627\u0644\u0639\u062f\u0627\u0644\u0629-\u0648\u0627\u0644\u062d\u0642\u064a\u0642\u0629-\u062a\u0642\u0631\u064a\u0631-\u0635\u0648\u0631\u0629-\u063a\u0644\u0627\u0641_6.jpg\",\"width\":1140,\"height\":600},{\"@type\":\"BreadcrumbList\",\"@id\":\"https:\/\/stj-sy.org\/en\/joint-statement-on-the-fate-of-the-missing-detained-and-forcibly-disappeared-and-guarantee-the-freedom-and-safety-of-human-rights-defenders-in-syria\/#breadcrumb\",\"itemListElement\":[{\"@type\":\"ListItem\",\"position\":1,\"name\":\"\u0627\u0644\u0631\u0626\u064a\u0633\u064a\u0629\",\"item\":\"https:\/\/stj-sy.org\/en\/\"},{\"@type\":\"ListItem\",\"position\":2,\"name\":\"joint statement on the fate of the Missing, Detained and Forcibly Disappeared and guarantee the freedom and safety of human rights defenders in Syria\"}]},{\"@type\":\"WebSite\",\"@id\":\"https:\/\/stj-sy.org\/en\/#website\",\"url\":\"https:\/\/stj-sy.org\/en\/\",\"name\":\"Syrians for Truth and Justice\",\"description\":\"\u0633\u0648\u0631\u064a\u0648\u0646 \u0645\u0646 \u0623\u062c\u0644 \u0627\u0644\u062d\u0642\u064a\u0642\u0629 \u0648\u0627\u0644\u0639\u062f\u0627\u0644\u0629 - Syrians for Truth and Justice\",\"publisher\":{\"@id\":\"https:\/\/stj-sy.org\/en\/#organization\"},\"potentialAction\":[{\"@type\":\"SearchAction\",\"target\":{\"@type\":\"EntryPoint\",\"urlTemplate\":\"https:\/\/stj-sy.org\/en\/?s={search_term_string}\"},\"query-input\":{\"@type\":\"PropertyValueSpecification\",\"valueRequired\":true,\"valueName\":\"search_term_string\"}}],\"inLanguage\":\"en-US\"},{\"@type\":\"Organization\",\"@id\":\"https:\/\/stj-sy.org\/en\/#organization\",\"name\":\"Syrians for Truth and Justice\",\"url\":\"https:\/\/stj-sy.org\/en\/\",\"logo\":{\"@type\":\"ImageObject\",\"inLanguage\":\"en-US\",\"@id\":\"https:\/\/stj-sy.org\/en\/#\/schema\/logo\/image\/\",\"url\":\"https:\/\/stj-sy.org\/wp-content\/uploads\/2019\/05\/logo.png\",\"contentUrl\":\"https:\/\/stj-sy.org\/wp-content\/uploads\/2019\/05\/logo.png\",\"width\":231,\"height\":70,\"caption\":\"Syrians for Truth and Justice\"},\"image\":{\"@id\":\"https:\/\/stj-sy.org\/en\/#\/schema\/logo\/image\/\"},\"sameAs\":[\"https:\/\/www.facebook.com\/SyriaSTJ\/\",\"https:\/\/x.com\/STJ_SYRIA_ENG\",\"https:\/\/www.instagram.com\/syrians_for_truth_and_justice\/\",\"https:\/\/www.linkedin.com\/in\/syrians-for-truth-and-justice-8a0119172\/\"]},{\"@type\":\"Person\",\"@id\":\"https:\/\/stj-sy.org\/en\/#\/schema\/person\/e68af89dd054547596c0ee0a4724ab50\",\"name\":\"Bassam Alahmad\",\"image\":{\"@type\":\"ImageObject\",\"inLanguage\":\"en-US\",\"@id\":\"https:\/\/stj-sy.org\/en\/#\/schema\/person\/image\/\",\"url\":\"https:\/\/secure.gravatar.com\/avatar\/7dd1ae4aeef5f1e2ba843e5247408caef8e24af65457299c09ef2f0eef9a9f9e?s=96&d=mm&r=g\",\"contentUrl\":\"https:\/\/secure.gravatar.com\/avatar\/7dd1ae4aeef5f1e2ba843e5247408caef8e24af65457299c09ef2f0eef9a9f9e?s=96&d=mm&r=g\",\"caption\":\"Bassam Alahmad\"}}]}<\/script>\n<!-- \/ Yoast SEO plugin. -->","yoast_head_json":{"title":"joint statement on the fate of the Missing, Detained and Forcibly Disappeared and guarantee the freedom and safety of human rights defenders in Syria - Syrians for Truth and Justice","robots":{"index":"index","follow":"follow","max-snippet":"max-snippet:-1","max-image-preview":"max-image-preview:large","max-video-preview":"max-video-preview:-1"},"canonical":"https:\/\/stj-sy.org\/en\/joint-statement-on-the-fate-of-the-missing-detained-and-forcibly-disappeared-and-guarantee-the-freedom-and-safety-of-human-rights-defenders-in-syria\/","og_locale":"en_US","og_type":"article","og_title":"joint statement on the fate of the Missing, Detained and Forcibly Disappeared and guarantee the freedom and safety of human rights defenders in Syria - Syrians for Truth and Justice","og_description":"Six years ago, the joint office of the VDC, LDSPS and Rising for Freedom in Douma in Eastern Ghouta (north of Damascus) was raided by armed men who abducted four&hellip;","og_url":"https:\/\/stj-sy.org\/en\/joint-statement-on-the-fate-of-the-missing-detained-and-forcibly-disappeared-and-guarantee-the-freedom-and-safety-of-human-rights-defenders-in-syria\/","og_site_name":"Syrians for Truth and Justice","article_publisher":"https:\/\/www.facebook.com\/SyriaSTJ\/","article_published_time":"2019-12-11T18:22:30+00:00","article_modified_time":"2019-12-11T18:24:53+00:00","og_image":[{"width":1140,"height":600,"url":"https:\/\/stj-sy.org\/wp-content\/uploads\/2019\/12\/6201-\u0645\u0646\u0638\u0645\u0629-\u0633\u0648\u0631\u064a\u0648\u0646-\u0645\u0646-\u0627\u0654\u062c\u0644-\u0627\u0644\u0639\u062f\u0627\u0644\u0629-\u0648\u0627\u0644\u062d\u0642\u064a\u0642\u0629-\u062a\u0642\u0631\u064a\u0631-\u0635\u0648\u0631\u0629-\u063a\u0644\u0627\u0641_6.jpg","type":"image\/jpeg"}],"twitter_card":"summary_large_image","twitter_creator":"@STJ_SYRIA_ENG","twitter_site":"@STJ_SYRIA_ENG","twitter_misc":{"Written by":"Bassam Alahmad","Est. reading time":"4 minutes"},"schema":{"@context":"https:\/\/schema.org","@graph":[{"@type":"Article","@id":"https:\/\/stj-sy.org\/en\/joint-statement-on-the-fate-of-the-missing-detained-and-forcibly-disappeared-and-guarantee-the-freedom-and-safety-of-human-rights-defenders-in-syria\/#article","isPartOf":{"@id":"https:\/\/stj-sy.org\/en\/joint-statement-on-the-fate-of-the-missing-detained-and-forcibly-disappeared-and-guarantee-the-freedom-and-safety-of-human-rights-defenders-in-syria\/"},"author":{"name":"Bassam Alahmad","@id":"https:\/\/stj-sy.org\/en\/#\/schema\/person\/e68af89dd054547596c0ee0a4724ab50"},"headline":"joint statement on the fate of the Missing, Detained and Forcibly Disappeared and guarantee the freedom and safety of human rights defenders in Syria","datePublished":"2019-12-11T18:22:30+00:00","dateModified":"2019-12-11T18:24:53+00:00","mainEntityOfPage":{"@id":"https:\/\/stj-sy.org\/en\/joint-statement-on-the-fate-of-the-missing-detained-and-forcibly-disappeared-and-guarantee-the-freedom-and-safety-of-human-rights-defenders-in-syria\/"},"wordCount":771,"commentCount":0,"publisher":{"@id":"https:\/\/stj-sy.org\/en\/#organization"},"image":{"@id":"https:\/\/stj-sy.org\/en\/joint-statement-on-the-fate-of-the-missing-detained-and-forcibly-disappeared-and-guarantee-the-freedom-and-safety-of-human-rights-defenders-in-syria\/#primaryimage"},"thumbnailUrl":"https:\/\/stj-sy.org\/wp-content\/uploads\/2019\/12\/6201-\u0645\u0646\u0638\u0645\u0629-\u0633\u0648\u0631\u064a\u0648\u0646-\u0645\u0646-\u0627\u0654\u062c\u0644-\u0627\u0644\u0639\u062f\u0627\u0644\u0629-\u0648\u0627\u0644\u062d\u0642\u064a\u0642\u0629-\u062a\u0642\u0631\u064a\u0631-\u0635\u0648\u0631\u0629-\u063a\u0644\u0627\u0641_6.jpg","keywords":["Abduction","Army of Islam","Douma4","Enforced Disappearances","Kidnapping Civilians"],"articleSection":["Press releases &amp; statements"],"inLanguage":"en-US","potentialAction":[{"@type":"CommentAction","name":"Comment","target":["https:\/\/stj-sy.org\/en\/joint-statement-on-the-fate-of-the-missing-detained-and-forcibly-disappeared-and-guarantee-the-freedom-and-safety-of-human-rights-defenders-in-syria\/#respond"]}]},{"@type":"WebPage","@id":"https:\/\/stj-sy.org\/en\/joint-statement-on-the-fate-of-the-missing-detained-and-forcibly-disappeared-and-guarantee-the-freedom-and-safety-of-human-rights-defenders-in-syria\/","url":"https:\/\/stj-sy.org\/en\/joint-statement-on-the-fate-of-the-missing-detained-and-forcibly-disappeared-and-guarantee-the-freedom-and-safety-of-human-rights-defenders-in-syria\/","name":"joint statement on the fate of the Missing, Detained and Forcibly Disappeared and guarantee the freedom and safety of human rights defenders in Syria - Syrians for Truth and Justice","isPartOf":{"@id":"https:\/\/stj-sy.org\/en\/#website"},"primaryImageOfPage":{"@id":"https:\/\/stj-sy.org\/en\/joint-statement-on-the-fate-of-the-missing-detained-and-forcibly-disappeared-and-guarantee-the-freedom-and-safety-of-human-rights-defenders-in-syria\/#primaryimage"},"image":{"@id":"https:\/\/stj-sy.org\/en\/joint-statement-on-the-fate-of-the-missing-detained-and-forcibly-disappeared-and-guarantee-the-freedom-and-safety-of-human-rights-defenders-in-syria\/#primaryimage"},"thumbnailUrl":"https:\/\/stj-sy.org\/wp-content\/uploads\/2019\/12\/6201-\u0645\u0646\u0638\u0645\u0629-\u0633\u0648\u0631\u064a\u0648\u0646-\u0645\u0646-\u0627\u0654\u062c\u0644-\u0627\u0644\u0639\u062f\u0627\u0644\u0629-\u0648\u0627\u0644\u062d\u0642\u064a\u0642\u0629-\u062a\u0642\u0631\u064a\u0631-\u0635\u0648\u0631\u0629-\u063a\u0644\u0627\u0641_6.jpg","datePublished":"2019-12-11T18:22:30+00:00","dateModified":"2019-12-11T18:24:53+00:00","breadcrumb":{"@id":"https:\/\/stj-sy.org\/en\/joint-statement-on-the-fate-of-the-missing-detained-and-forcibly-disappeared-and-guarantee-the-freedom-and-safety-of-human-rights-defenders-in-syria\/#breadcrumb"},"inLanguage":"en-US","potentialAction":[{"@type":"ReadAction","target":["https:\/\/stj-sy.org\/en\/joint-statement-on-the-fate-of-the-missing-detained-and-forcibly-disappeared-and-guarantee-the-freedom-and-safety-of-human-rights-defenders-in-syria\/"]}]},{"@type":"ImageObject","inLanguage":"en-US","@id":"https:\/\/stj-sy.org\/en\/joint-statement-on-the-fate-of-the-missing-detained-and-forcibly-disappeared-and-guarantee-the-freedom-and-safety-of-human-rights-defenders-in-syria\/#primaryimage","url":"https:\/\/stj-sy.org\/wp-content\/uploads\/2019\/12\/6201-\u0645\u0646\u0638\u0645\u0629-\u0633\u0648\u0631\u064a\u0648\u0646-\u0645\u0646-\u0627\u0654\u062c\u0644-\u0627\u0644\u0639\u062f\u0627\u0644\u0629-\u0648\u0627\u0644\u062d\u0642\u064a\u0642\u0629-\u062a\u0642\u0631\u064a\u0631-\u0635\u0648\u0631\u0629-\u063a\u0644\u0627\u0641_6.jpg","contentUrl":"https:\/\/stj-sy.org\/wp-content\/uploads\/2019\/12\/6201-\u0645\u0646\u0638\u0645\u0629-\u0633\u0648\u0631\u064a\u0648\u0646-\u0645\u0646-\u0627\u0654\u062c\u0644-\u0627\u0644\u0639\u062f\u0627\u0644\u0629-\u0648\u0627\u0644\u062d\u0642\u064a\u0642\u0629-\u062a\u0642\u0631\u064a\u0631-\u0635\u0648\u0631\u0629-\u063a\u0644\u0627\u0641_6.jpg","width":1140,"height":600},{"@type":"BreadcrumbList","@id":"https:\/\/stj-sy.org\/en\/joint-statement-on-the-fate-of-the-missing-detained-and-forcibly-disappeared-and-guarantee-the-freedom-and-safety-of-human-rights-defenders-in-syria\/#breadcrumb","itemListElement":[{"@type":"ListItem","position":1,"name":"\u0627\u0644\u0631\u0626\u064a\u0633\u064a\u0629","item":"https:\/\/stj-sy.org\/en\/"},{"@type":"ListItem","position":2,"name":"joint statement on the fate of the Missing, Detained and Forcibly Disappeared and guarantee the freedom and safety of human rights defenders in Syria"}]},{"@type":"WebSite","@id":"https:\/\/stj-sy.org\/en\/#website","url":"https:\/\/stj-sy.org\/en\/","name":"Syrians for Truth and Justice","description":"\u0633\u0648\u0631\u064a\u0648\u0646 \u0645\u0646 \u0623\u062c\u0644 \u0627\u0644\u062d\u0642\u064a\u0642\u0629 \u0648\u0627\u0644\u0639\u062f\u0627\u0644\u0629 - Syrians for Truth and Justice","publisher":{"@id":"https:\/\/stj-sy.org\/en\/#organization"},"potentialAction":[{"@type":"SearchAction","target":{"@type":"EntryPoint","urlTemplate":"https:\/\/stj-sy.org\/en\/?s={search_term_string}"},"query-input":{"@type":"PropertyValueSpecification","valueRequired":true,"valueName":"search_term_string"}}],"inLanguage":"en-US"},{"@type":"Organization","@id":"https:\/\/stj-sy.org\/en\/#organization","name":"Syrians for Truth and Justice","url":"https:\/\/stj-sy.org\/en\/","logo":{"@type":"ImageObject","inLanguage":"en-US","@id":"https:\/\/stj-sy.org\/en\/#\/schema\/logo\/image\/","url":"https:\/\/stj-sy.org\/wp-content\/uploads\/2019\/05\/logo.png","contentUrl":"https:\/\/stj-sy.org\/wp-content\/uploads\/2019\/05\/logo.png","width":231,"height":70,"caption":"Syrians for Truth and Justice"},"image":{"@id":"https:\/\/stj-sy.org\/en\/#\/schema\/logo\/image\/"},"sameAs":["https:\/\/www.facebook.com\/SyriaSTJ\/","https:\/\/x.com\/STJ_SYRIA_ENG","https:\/\/www.instagram.com\/syrians_for_truth_and_justice\/","https:\/\/www.linkedin.com\/in\/syrians-for-truth-and-justice-8a0119172\/"]},{"@type":"Person","@id":"https:\/\/stj-sy.org\/en\/#\/schema\/person\/e68af89dd054547596c0ee0a4724ab50","name":"Bassam Alahmad","image":{"@type":"ImageObject","inLanguage":"en-US","@id":"https:\/\/stj-sy.org\/en\/#\/schema\/person\/image\/","url":"https:\/\/secure.gravatar.com\/avatar\/7dd1ae4aeef5f1e2ba843e5247408caef8e24af65457299c09ef2f0eef9a9f9e?s=96&d=mm&r=g","contentUrl":"https:\/\/secure.gravatar.com\/avatar\/7dd1ae4aeef5f1e2ba843e5247408caef8e24af65457299c09ef2f0eef9a9f9e?s=96&d=mm&r=g","caption":"Bassam Alahmad"}}]}},"_links":{"self":[{"href":"https:\/\/stj-sy.org\/en\/wp-json\/wp\/v2\/posts\/7506","targetHints":{"allow":["GET"]}}],"collection":[{"href":"https:\/\/stj-sy.org\/en\/wp-json\/wp\/v2\/posts"}],"about":[{"href":"https:\/\/stj-sy.org\/en\/wp-json\/wp\/v2\/types\/post"}],"author":[{"embeddable":true,"href":"https:\/\/stj-sy.org\/en\/wp-json\/wp\/v2\/users\/2"}],"replies":[{"embeddable":true,"href":"https:\/\/stj-sy.org\/en\/wp-json\/wp\/v2\/comments?post=7506"}],"version-history":[{"count":1,"href":"https:\/\/stj-sy.org\/en\/wp-json\/wp\/v2\/posts\/7506\/revisions"}],"predecessor-version":[{"id":7512,"href":"https:\/\/stj-sy.org\/en\/wp-json\/wp\/v2\/posts\/7506\/revisions\/7512"}],"wp:featuredmedia":[{"embeddable":true,"href":"https:\/\/stj-sy.org\/en\/wp-json\/wp\/v2\/media\/7501"}],"wp:attachment":[{"href":"https:\/\/stj-sy.org\/en\/wp-json\/wp\/v2\/media?parent=7506"}],"wp:term":[{"taxonomy":"category","embeddable":true,"href":"https:\/\/stj-sy.org\/en\/wp-json\/wp\/v2\/categories?post=7506"},{"taxonomy":"post_tag","embeddable":true,"href":"https:\/\/stj-sy.org\/en\/wp-json\/wp\/v2\/tags?post=7506"}],"curies":[{"name":"wp","href":"https:\/\/api.w.org\/{rel}","templated":true}]}}