{"id":15912,"date":"2022-03-01T07:00:19","date_gmt":"2022-03-01T04:00:19","guid":{"rendered":"https:\/\/stj-sy.org\/afrin-ahrar-al-sharqiya-tortures-a-civilian-to-death\/"},"modified":"2022-02-22T07:12:59","modified_gmt":"2022-02-22T04:12:59","slug":"afrin-ahrar-al-sharqiya-tortures-a-civilian-to-death","status":"publish","type":"post","link":"https:\/\/stj-sy.org\/en\/afrin-ahrar-al-sharqiya-tortures-a-civilian-to-death\/","title":{"rendered":"Afrin: Ahrar al-Sharqiya Tortures a Civilian to Death"},"content":{"rendered":"<p style=\"text-align: justify;\">On 3 February 2022, <a href=\"https:\/\/stj-sy.org\/en\/new-evidence-pointing-to-ahrar-al-sharqiyas-responsibility-for-field-executions-in-suluk-during-operation-peace-spring\/\">Tajammu Ahrar al-Sharqiya\/Gathering of Free Men of the East<\/a>, which operates under the Syrian National Army (SNA), issued a statement denying responsibility for the death of Rezan Khalil, a civilian from the village of Jaqla Foqani\/\u00c7eqel\u00ea C\u00fbm\u00ea of the Shaykh al-Hadid\/\u015eiy\u00ea district. Ahrar al-Sharqiya claimed that it could not be behind the killing of Rezan since it has no presence in the area of his residence. Ahrar al-Sharqiya also stated that its members visited Rezan\u2019s family (locally known as Y\u2019ayou family) with members of the Grievance Redress Committee and extended their condolences.<\/p>\n<p style=\"text-align: justify;\">The following day, Ahrar al-Sharqiya released another statement (see annexes) under the title \u201cThanks and Gratitude\u201d, in which it commended the efforts of the Military Police of Afrin in uncovering the truth of the circumstances surrounded Rezan\u2019s death. In its statement, Ahrar al-Sharqiya also vowed to stand against what it termed \u201cthe phenomenon of spreading lies\u201d that aims to undermine the social cohesion among the Syrian people.<\/p>\n<p style=\"text-align: justify;\">Syrians for Truth and Justice (STJ)carried out its own investigation into the death of Rezan Muhammed Khalil. We interviewed two members of Ahrar al-Sharqiya, two members of the Military Police of Afrin, a local medical worker, as well as other local sources in Afrin.<\/p>\n<p style=\"text-align: justify;\">Our inquiries revealed that Ahrar al-Sharqiya\u2019s statements on Rezan\u2019s death were false. We verified that Rezan died from torture in a detention center managed by Ahrar al-Sharqiya in Afrin. He had been struck on the head with a hard object, causing a cerebral hemorrhage which killed him in late January 2022.<\/p>\n<h4 style=\"text-align: justify;\"><strong>Incident Details<\/strong><\/h4>\n<p style=\"text-align: justify;\">Sources confirmed that in the first week of January 2022 members of Ahrar al-Sharqiya arrested Azad Ismat Khalil on charges of affiliation to the Kurdistan Workers&#8217; Party (PKK). Azad hails from Jaqla Foqani village of Shaykh al-Hadid and resides in Afrin city where he was arrested near Zakaria Habash School in Az Zaydiyah district. Nearly twenty days after Azad&#8217;s arrest, his uncle Rezan Khalil Muhammed went to the Ahrar al-Sharqiya headquarters, located in Velat Street in the city center of Afrin, to negotiate his nephew\u2019s release. However, members of the Ahrar al-Sharqiya detained Rezan for five days, during which he underwent beating and torture which killed him.<\/p>\n<p style=\"text-align: justify;\">In its statement of 3 February 2022, Ahrar al-Sharqiya denied having a presence in Shaykh al-Hadid town (the birthplace of Rezan and Azad), which is controlled by the Suleiman Shah Brigade (also known as al-Amshat), in an attempt to mislead the public. However, the incident occurred in Afrin city, where Ahrar al-Sharqiya has a presence, not in Shaykh al-Hadid.<\/p>\n<p style=\"text-align: justify;\">On 24 January 2022, Rezan was taken to Afrin Military Hospital; however, his critical condition necessitated his transfer to a hospital in Reyhanl\u0131, Turkey. Despite the transfer, Rezan died of a severe cerebral hemorrhage he sustained in late 2022. His body was then returned to Syria.<\/p>\n<p style=\"text-align: justify;\">A source in the Military Police told STJ:<\/p>\n<p style=\"text-align: justify;\">\u201cAhrar al-Sharqiya arrested young Azad on charges of belonging to the PKK. Then, his uncle, Rezan, went to negotiate his release with the faction, who asked for 1500 USD to do that. However, Rezan refused to pay such a large amount and thus quarreled with the members of the faction, who then detained him. Rezan underwent sever beating in detention with the result that he had to be hospitalized.\u201d<\/p>\n<p style=\"text-align: justify;\">In the same regard, a medical staff in Afrin Military Hospital testified to STJ:<\/p>\n<p style=\"text-align: justify;\">\u201cOn 24 January, Rezan was transferred by ambulance from Afrin Military Hospital to Turkey through the Hamam border crossing. He was diagnosed with a cerebral hemorrhage. Nobody knows the exact date of Rezan\u2019s death nor when his body was returned to Syria. Nevertheless, he certainly died in Turkey because he was alive when he entered it.\u201d<\/p>\n<p style=\"text-align: justify;\">A local of Jaqla Foqani village confirmed to STJ that Rezan died on 31 January 2022 in a Turkish hospital and his body was returned to Syria\u2019s Afrin afterwards. The local\u2019s testimony matches that of the medical staff in terms of Rezan\u2019s place of death.<\/p>\n<h4 style=\"text-align: justify;\"><strong>Ahrar al-Sharqiya and the Military Police\u2019s Involvement in Rezan\u2019s Death <\/strong><\/h4>\n<p style=\"text-align: justify;\">STJ talked to two sources in Ahrar al-Sharqiya, one of whom confirmed that the faction assigned one of its Sharia advisors\/ religious leaders to investigate Rezan\u2019s death and see whether the security office of the faction was responsible for the incident. The source said:<\/p>\n<p style=\"text-align: justify;\">\u201cWe confirmed that the young man, Azad Ismat Khalil, was initially arrested under a malicious report and during interrogation he confessed to belonging to the PKK. However, after a thorough search of his mobile phone no tangible evidence was found proving his confession, which suggest that he made it under pressure.\u201d<\/p>\n<p style=\"text-align: justify;\">The same source added:<\/p>\n<p style=\"text-align: justify;\">\u201cAs for Rezan Muhammed Khalil, Azad\u2019s uncle, we confirmed that he came to the faction\u2019s headquarters to demand his nephew\u2019s release. Then, members of the faction asked him for 5,000,000 Syrian Pounds (SP) to meet his demand. That angered Rezan, which provoked him into a dispute with the faction\u2019s members, ended with his detention and beating by the latter.\u201d<\/p>\n<p style=\"text-align: justify;\">A second source from the faction testified that some Ahrar al-Sharqiya commanders tried to take advantage of Rezan\u2019 death to tarnish the image of the faction\u2019s security office in Afrin, which would instigate the faction\u2019s leader, Abu Hatem Shaqra, to take action against it. However, Abu Hatem hastened to close the case of Rezan\u2019 death and to conceal it with the help of members of the Military Police of Afrin with whom he has good links.<\/p>\n<p style=\"text-align: justify;\"><strong>The Military Police and the Afrin Military Hospital did not publish any document or statement on Rezan\u2019s death incident, not even a death certificate or a forensic report<\/strong><strong>.<\/strong><\/p>\n<p style=\"text-align: justify;\">Mustafa Sheikh, a media activist and a member of the <a href=\"https:\/\/www.facebook.com\/960856530760067\/posts\/2079431445569231\/\">Human Rights Organisation -Afrin<\/a> provided STJ with an exclusive statement in which he cited a different scenario of Rezan\u2019s death:<\/p>\n<p style=\"text-align: justify;\">\u201cOn 1 February 2022, I had a talk with a relative of Rezan who told me that it all started when Ahrar al-Sharqiya arrested Azad and his uncle, Rezan, went to the faction to ask about his nephew\u2019s fate. Then, members of the faction asked Rezan a large sum in exchange for Azad\u2019s release. Thus, Rezan contacted his relatives in Europe to help him secure the amount. Rezan managed to collect a sum of 2000 USD and gave it to a lawyer whom he hired to help expedite the release of Azad. Note, the faction asked Rezan for an amount other than that he gave to the lawyer.\u201d<\/p>\n<p style=\"text-align: justify;\">Mustafa added:<\/p>\n<p style=\"text-align: justify;\">\u201cAhrar al-Sharqiya accused Rezan of getting the money from al-Shahbaa area held by the People&#8217;s Protection Units (YPJ)\/ the Democratic Union Party and arrested him accordingly. During his detention, Rezan was beaten on his head. The brutal torture he was subjected to left bruises under his right armpit. Following that, Rezan collapsed and thus members of the faction took him home by their military vehicle. The next morning, after less than 24 hours, Rezan was transferred to the Military Hospital and from there to a hospital in Turkey where he passed.\u201d<\/p>\n<p style=\"text-align: justify;\">The activist Mustafa Sheikho provided STJ with photos of Rezan while being prepared to burial. Mustafa noted that the Ahrar al-Sharqiya faction threatened Rezan&#8217;s family and relatives with arrest if they published any information related to his death.<\/p>\n<p style=\"text-align: justify;\">The U.S. Department of the Treasury\u2019s Office <a href=\"https:\/\/home.treasury.gov\/news\/press-releases\/jy0292\">sanctioned<\/a> the Syrian armed group Ahrar al-Sharqiya and two of its leaders for committing crimes against civilians, especially Kurds, including unlawful killings, abductions, torture, and seizures of private property.<\/p>\n<p style=\"text-align: justify;\">Ahrar al-Sharqiya is affiliated with the First Corps, headed by Brigadier General Adnan al-Ahmed (First Deputy Chief of Staff), who is under the command of the Minister of Defense in the Syrian Interim Government and Chief of Staff, Brigadier General Hassan Hamadeh.<\/p>\n<p style=\"text-align: justify;\">Abdurrahman Mustafa is the head of the Syrian Interim Government, operates under the National Coalition for Syrian Revolutionary and Opposition Forces (SOC).<\/p>\n<p>&nbsp;<\/p>\n<p><a href=\"https:\/\/stj-sy.org\/wp-content\/uploads\/2022\/03\/Ahrar-al-Sharqiya-Tortures-a-Civilian-to-Death.pdf\"><strong>To read the report in full as a PDF, follow this link.<\/strong><\/a><\/p>\n","protected":false},"excerpt":{"rendered":"<p>On 3 February 2022, Tajammu Ahrar al-Sharqiya\/Gathering of Free Men of the East, which operates under the Syrian National Army (SNA), issued a statement denying responsibility for the death of&hellip;<\/p>\n","protected":false},"author":12,"featured_media":15902,"comment_status":"open","ping_status":"open","sticky":false,"template":"","format":"link","meta":{"_lmt_disableupdate":"","_lmt_disable":"","footnotes":""},"categories":[374,1],"tags":[547,19,444,43,945,172,51,430,36,32],"class_list":["post-15912","post","type-post","status-publish","format-link","has-post-thumbnail","hentry","category-editors-picks","category-human-rights-journalism","tag-ahrar-al-sharqiya","tag-Arbitrary-Detention","tag-arrests","tag-Extrajudicial-Executions","tag-rezan-khalil","tag-Syria","tag-Syrian-Democratic-Forces-SDF","tag-the-national-army-national-coalition-for-syrian-revolutionary-and-opposition-forces","tag-Torture-and-Ill-treatment","tag-War-Crimes","post_format-post-format-link"],"yoast_head":"<!-- This site is optimized with the Yoast SEO plugin v26.8 - https:\/\/yoast.com\/product\/yoast-seo-wordpress\/ -->\n<title>Afrin: Ahrar al-Sharqiya Tortures a Civilian to Death - Syrians for Truth and Justice<\/title>\n<meta name=\"robots\" content=\"index, follow, max-snippet:-1, max-image-preview:large, max-video-preview:-1\" \/>\n<link rel=\"canonical\" href=\"https:\/\/stj-sy.org\/en\/afrin-ahrar-al-sharqiya-tortures-a-civilian-to-death\/\" \/>\n<meta property=\"og:locale\" content=\"en_US\" \/>\n<meta property=\"og:type\" content=\"article\" \/>\n<meta property=\"og:title\" content=\"Afrin: Ahrar al-Sharqiya Tortures a Civilian to Death - Syrians for Truth and Justice\" \/>\n<meta property=\"og:description\" content=\"On 3 February 2022, Tajammu Ahrar al-Sharqiya\/Gathering of Free Men of the East, which operates under the Syrian National Army (SNA), issued a statement denying responsibility for the death of&hellip;\" \/>\n<meta property=\"og:url\" content=\"https:\/\/stj-sy.org\/en\/afrin-ahrar-al-sharqiya-tortures-a-civilian-to-death\/\" \/>\n<meta property=\"og:site_name\" content=\"Syrians for Truth and Justice\" \/>\n<meta property=\"article:publisher\" content=\"https:\/\/www.facebook.com\/SyriaSTJ\/\" \/>\n<meta property=\"article:published_time\" content=\"2022-03-01T04:00:19+00:00\" \/>\n<meta property=\"og:image\" content=\"https:\/\/stj-sy.org\/wp-content\/uploads\/2022\/02\/Cover-for-Rezan-report.jpg\" \/>\n\t<meta property=\"og:image:width\" content=\"850\" \/>\n\t<meta property=\"og:image:height\" content=\"450\" \/>\n\t<meta property=\"og:image:type\" content=\"image\/jpeg\" \/>\n<meta name=\"twitter:card\" content=\"summary_large_image\" \/>\n<meta name=\"twitter:creator\" content=\"@STJ_SYRIA_ENG\" \/>\n<meta name=\"twitter:site\" content=\"@STJ_SYRIA_ENG\" \/>\n<meta name=\"twitter:label1\" content=\"Written by\" \/>\n\t<meta name=\"twitter:data1\" content=\"communication\" \/>\n\t<meta name=\"twitter:label2\" content=\"Est. reading time\" \/>\n\t<meta name=\"twitter:data2\" content=\"7 minutes\" \/>\n<script type=\"application\/ld+json\" class=\"yoast-schema-graph\">{\"@context\":\"https:\/\/schema.org\",\"@graph\":[{\"@type\":\"Article\",\"@id\":\"https:\/\/stj-sy.org\/en\/afrin-ahrar-al-sharqiya-tortures-a-civilian-to-death\/#article\",\"isPartOf\":{\"@id\":\"https:\/\/stj-sy.org\/en\/afrin-ahrar-al-sharqiya-tortures-a-civilian-to-death\/\"},\"author\":{\"name\":\"communication\",\"@id\":\"https:\/\/stj-sy.org\/en\/#\/schema\/person\/a2fd33978dc6e37e9c970d3003be6114\"},\"headline\":\"Afrin: Ahrar al-Sharqiya Tortures a Civilian to Death\",\"datePublished\":\"2022-03-01T04:00:19+00:00\",\"mainEntityOfPage\":{\"@id\":\"https:\/\/stj-sy.org\/en\/afrin-ahrar-al-sharqiya-tortures-a-civilian-to-death\/\"},\"wordCount\":1341,\"commentCount\":0,\"publisher\":{\"@id\":\"https:\/\/stj-sy.org\/en\/#organization\"},\"image\":{\"@id\":\"https:\/\/stj-sy.org\/en\/afrin-ahrar-al-sharqiya-tortures-a-civilian-to-death\/#primaryimage\"},\"thumbnailUrl\":\"https:\/\/stj-sy.org\/wp-content\/uploads\/2022\/02\/Cover-for-Rezan-report.jpg\",\"keywords\":[\"Ahrar al-Sharqiya\",\"Arbitrary Detention\",\"Arrests\",\"Extrajudicial Executions\",\"Rezan Khalil\",\"Syria\",\"Syrian Democratic Forces SDF\",\"The National Army\/National Coalition for Syrian Revolutionary and Opposition Forces\",\"Torture and Ill treatment\",\"War Crimes\"],\"articleSection\":[\"Editor\u2019s Picks\",\"Human Rights Journalism\"],\"inLanguage\":\"en-US\",\"potentialAction\":[{\"@type\":\"CommentAction\",\"name\":\"Comment\",\"target\":[\"https:\/\/stj-sy.org\/en\/afrin-ahrar-al-sharqiya-tortures-a-civilian-to-death\/#respond\"]}]},{\"@type\":\"WebPage\",\"@id\":\"https:\/\/stj-sy.org\/en\/afrin-ahrar-al-sharqiya-tortures-a-civilian-to-death\/\",\"url\":\"https:\/\/stj-sy.org\/en\/afrin-ahrar-al-sharqiya-tortures-a-civilian-to-death\/\",\"name\":\"Afrin: Ahrar al-Sharqiya Tortures a Civilian to Death - Syrians for Truth and Justice\",\"isPartOf\":{\"@id\":\"https:\/\/stj-sy.org\/en\/#website\"},\"primaryImageOfPage\":{\"@id\":\"https:\/\/stj-sy.org\/en\/afrin-ahrar-al-sharqiya-tortures-a-civilian-to-death\/#primaryimage\"},\"image\":{\"@id\":\"https:\/\/stj-sy.org\/en\/afrin-ahrar-al-sharqiya-tortures-a-civilian-to-death\/#primaryimage\"},\"thumbnailUrl\":\"https:\/\/stj-sy.org\/wp-content\/uploads\/2022\/02\/Cover-for-Rezan-report.jpg\",\"datePublished\":\"2022-03-01T04:00:19+00:00\",\"breadcrumb\":{\"@id\":\"https:\/\/stj-sy.org\/en\/afrin-ahrar-al-sharqiya-tortures-a-civilian-to-death\/#breadcrumb\"},\"inLanguage\":\"en-US\",\"potentialAction\":[{\"@type\":\"ReadAction\",\"target\":[\"https:\/\/stj-sy.org\/en\/afrin-ahrar-al-sharqiya-tortures-a-civilian-to-death\/\"]}]},{\"@type\":\"ImageObject\",\"inLanguage\":\"en-US\",\"@id\":\"https:\/\/stj-sy.org\/en\/afrin-ahrar-al-sharqiya-tortures-a-civilian-to-death\/#primaryimage\",\"url\":\"https:\/\/stj-sy.org\/wp-content\/uploads\/2022\/02\/Cover-for-Rezan-report.jpg\",\"contentUrl\":\"https:\/\/stj-sy.org\/wp-content\/uploads\/2022\/02\/Cover-for-Rezan-report.jpg\",\"width\":850,\"height\":450,\"caption\":\"Tribal Sheikhs and dignitaries organize a protest in Tal Abyad in support of the faction Ahrar al-Sharqiya after it was placed on the U.S. sanctions list. (Photo Credit: Khabour Network).\"},{\"@type\":\"BreadcrumbList\",\"@id\":\"https:\/\/stj-sy.org\/en\/afrin-ahrar-al-sharqiya-tortures-a-civilian-to-death\/#breadcrumb\",\"itemListElement\":[{\"@type\":\"ListItem\",\"position\":1,\"name\":\"\u0627\u0644\u0631\u0626\u064a\u0633\u064a\u0629\",\"item\":\"https:\/\/stj-sy.org\/en\/\"},{\"@type\":\"ListItem\",\"position\":2,\"name\":\"Afrin: Ahrar al-Sharqiya Tortures a Civilian to Death\"}]},{\"@type\":\"WebSite\",\"@id\":\"https:\/\/stj-sy.org\/en\/#website\",\"url\":\"https:\/\/stj-sy.org\/en\/\",\"name\":\"Syrians for Truth and Justice\",\"description\":\"\u0633\u0648\u0631\u064a\u0648\u0646 \u0645\u0646 \u0623\u062c\u0644 \u0627\u0644\u062d\u0642\u064a\u0642\u0629 \u0648\u0627\u0644\u0639\u062f\u0627\u0644\u0629 - Syrians for Truth and Justice\",\"publisher\":{\"@id\":\"https:\/\/stj-sy.org\/en\/#organization\"},\"potentialAction\":[{\"@type\":\"SearchAction\",\"target\":{\"@type\":\"EntryPoint\",\"urlTemplate\":\"https:\/\/stj-sy.org\/en\/?s={search_term_string}\"},\"query-input\":{\"@type\":\"PropertyValueSpecification\",\"valueRequired\":true,\"valueName\":\"search_term_string\"}}],\"inLanguage\":\"en-US\"},{\"@type\":\"Organization\",\"@id\":\"https:\/\/stj-sy.org\/en\/#organization\",\"name\":\"Syrians for Truth and Justice\",\"url\":\"https:\/\/stj-sy.org\/en\/\",\"logo\":{\"@type\":\"ImageObject\",\"inLanguage\":\"en-US\",\"@id\":\"https:\/\/stj-sy.org\/en\/#\/schema\/logo\/image\/\",\"url\":\"https:\/\/stj-sy.org\/wp-content\/uploads\/2019\/05\/logo.png\",\"contentUrl\":\"https:\/\/stj-sy.org\/wp-content\/uploads\/2019\/05\/logo.png\",\"width\":231,\"height\":70,\"caption\":\"Syrians for Truth and Justice\"},\"image\":{\"@id\":\"https:\/\/stj-sy.org\/en\/#\/schema\/logo\/image\/\"},\"sameAs\":[\"https:\/\/www.facebook.com\/SyriaSTJ\/\",\"https:\/\/x.com\/STJ_SYRIA_ENG\",\"https:\/\/www.instagram.com\/syrians_for_truth_and_justice\/\",\"https:\/\/www.linkedin.com\/in\/syrians-for-truth-and-justice-8a0119172\/\"]},{\"@type\":\"Person\",\"@id\":\"https:\/\/stj-sy.org\/en\/#\/schema\/person\/a2fd33978dc6e37e9c970d3003be6114\",\"name\":\"communication\",\"image\":{\"@type\":\"ImageObject\",\"inLanguage\":\"en-US\",\"@id\":\"https:\/\/stj-sy.org\/en\/#\/schema\/person\/image\/\",\"url\":\"https:\/\/secure.gravatar.com\/avatar\/3286489a5c58069211660a59084c2d74cb161ba3ae3d7373192e1fb81dad274f?s=96&d=mm&r=g\",\"contentUrl\":\"https:\/\/secure.gravatar.com\/avatar\/3286489a5c58069211660a59084c2d74cb161ba3ae3d7373192e1fb81dad274f?s=96&d=mm&r=g\",\"caption\":\"communication\"}}]}<\/script>\n<!-- \/ Yoast SEO plugin. -->","yoast_head_json":{"title":"Afrin: Ahrar al-Sharqiya Tortures a Civilian to Death - Syrians for Truth and Justice","robots":{"index":"index","follow":"follow","max-snippet":"max-snippet:-1","max-image-preview":"max-image-preview:large","max-video-preview":"max-video-preview:-1"},"canonical":"https:\/\/stj-sy.org\/en\/afrin-ahrar-al-sharqiya-tortures-a-civilian-to-death\/","og_locale":"en_US","og_type":"article","og_title":"Afrin: Ahrar al-Sharqiya Tortures a Civilian to Death - Syrians for Truth and Justice","og_description":"On 3 February 2022, Tajammu Ahrar al-Sharqiya\/Gathering of Free Men of the East, which operates under the Syrian National Army (SNA), issued a statement denying responsibility for the death of&hellip;","og_url":"https:\/\/stj-sy.org\/en\/afrin-ahrar-al-sharqiya-tortures-a-civilian-to-death\/","og_site_name":"Syrians for Truth and Justice","article_publisher":"https:\/\/www.facebook.com\/SyriaSTJ\/","article_published_time":"2022-03-01T04:00:19+00:00","og_image":[{"width":850,"height":450,"url":"https:\/\/stj-sy.org\/wp-content\/uploads\/2022\/02\/Cover-for-Rezan-report.jpg","type":"image\/jpeg"}],"twitter_card":"summary_large_image","twitter_creator":"@STJ_SYRIA_ENG","twitter_site":"@STJ_SYRIA_ENG","twitter_misc":{"Written by":"communication","Est. reading time":"7 minutes"},"schema":{"@context":"https:\/\/schema.org","@graph":[{"@type":"Article","@id":"https:\/\/stj-sy.org\/en\/afrin-ahrar-al-sharqiya-tortures-a-civilian-to-death\/#article","isPartOf":{"@id":"https:\/\/stj-sy.org\/en\/afrin-ahrar-al-sharqiya-tortures-a-civilian-to-death\/"},"author":{"name":"communication","@id":"https:\/\/stj-sy.org\/en\/#\/schema\/person\/a2fd33978dc6e37e9c970d3003be6114"},"headline":"Afrin: Ahrar al-Sharqiya Tortures a Civilian to Death","datePublished":"2022-03-01T04:00:19+00:00","mainEntityOfPage":{"@id":"https:\/\/stj-sy.org\/en\/afrin-ahrar-al-sharqiya-tortures-a-civilian-to-death\/"},"wordCount":1341,"commentCount":0,"publisher":{"@id":"https:\/\/stj-sy.org\/en\/#organization"},"image":{"@id":"https:\/\/stj-sy.org\/en\/afrin-ahrar-al-sharqiya-tortures-a-civilian-to-death\/#primaryimage"},"thumbnailUrl":"https:\/\/stj-sy.org\/wp-content\/uploads\/2022\/02\/Cover-for-Rezan-report.jpg","keywords":["Ahrar al-Sharqiya","Arbitrary Detention","Arrests","Extrajudicial Executions","Rezan Khalil","Syria","Syrian Democratic Forces SDF","The National Army\/National Coalition for Syrian Revolutionary and Opposition Forces","Torture and Ill treatment","War Crimes"],"articleSection":["Editor\u2019s Picks","Human Rights Journalism"],"inLanguage":"en-US","potentialAction":[{"@type":"CommentAction","name":"Comment","target":["https:\/\/stj-sy.org\/en\/afrin-ahrar-al-sharqiya-tortures-a-civilian-to-death\/#respond"]}]},{"@type":"WebPage","@id":"https:\/\/stj-sy.org\/en\/afrin-ahrar-al-sharqiya-tortures-a-civilian-to-death\/","url":"https:\/\/stj-sy.org\/en\/afrin-ahrar-al-sharqiya-tortures-a-civilian-to-death\/","name":"Afrin: Ahrar al-Sharqiya Tortures a Civilian to Death - Syrians for Truth and Justice","isPartOf":{"@id":"https:\/\/stj-sy.org\/en\/#website"},"primaryImageOfPage":{"@id":"https:\/\/stj-sy.org\/en\/afrin-ahrar-al-sharqiya-tortures-a-civilian-to-death\/#primaryimage"},"image":{"@id":"https:\/\/stj-sy.org\/en\/afrin-ahrar-al-sharqiya-tortures-a-civilian-to-death\/#primaryimage"},"thumbnailUrl":"https:\/\/stj-sy.org\/wp-content\/uploads\/2022\/02\/Cover-for-Rezan-report.jpg","datePublished":"2022-03-01T04:00:19+00:00","breadcrumb":{"@id":"https:\/\/stj-sy.org\/en\/afrin-ahrar-al-sharqiya-tortures-a-civilian-to-death\/#breadcrumb"},"inLanguage":"en-US","potentialAction":[{"@type":"ReadAction","target":["https:\/\/stj-sy.org\/en\/afrin-ahrar-al-sharqiya-tortures-a-civilian-to-death\/"]}]},{"@type":"ImageObject","inLanguage":"en-US","@id":"https:\/\/stj-sy.org\/en\/afrin-ahrar-al-sharqiya-tortures-a-civilian-to-death\/#primaryimage","url":"https:\/\/stj-sy.org\/wp-content\/uploads\/2022\/02\/Cover-for-Rezan-report.jpg","contentUrl":"https:\/\/stj-sy.org\/wp-content\/uploads\/2022\/02\/Cover-for-Rezan-report.jpg","width":850,"height":450,"caption":"Tribal Sheikhs and dignitaries organize a protest in Tal Abyad in support of the faction Ahrar al-Sharqiya after it was placed on the U.S. sanctions list. (Photo Credit: Khabour Network)."},{"@type":"BreadcrumbList","@id":"https:\/\/stj-sy.org\/en\/afrin-ahrar-al-sharqiya-tortures-a-civilian-to-death\/#breadcrumb","itemListElement":[{"@type":"ListItem","position":1,"name":"\u0627\u0644\u0631\u0626\u064a\u0633\u064a\u0629","item":"https:\/\/stj-sy.org\/en\/"},{"@type":"ListItem","position":2,"name":"Afrin: Ahrar al-Sharqiya Tortures a Civilian to Death"}]},{"@type":"WebSite","@id":"https:\/\/stj-sy.org\/en\/#website","url":"https:\/\/stj-sy.org\/en\/","name":"Syrians for Truth and Justice","description":"\u0633\u0648\u0631\u064a\u0648\u0646 \u0645\u0646 \u0623\u062c\u0644 \u0627\u0644\u062d\u0642\u064a\u0642\u0629 \u0648\u0627\u0644\u0639\u062f\u0627\u0644\u0629 - Syrians for Truth and Justice","publisher":{"@id":"https:\/\/stj-sy.org\/en\/#organization"},"potentialAction":[{"@type":"SearchAction","target":{"@type":"EntryPoint","urlTemplate":"https:\/\/stj-sy.org\/en\/?s={search_term_string}"},"query-input":{"@type":"PropertyValueSpecification","valueRequired":true,"valueName":"search_term_string"}}],"inLanguage":"en-US"},{"@type":"Organization","@id":"https:\/\/stj-sy.org\/en\/#organization","name":"Syrians for Truth and Justice","url":"https:\/\/stj-sy.org\/en\/","logo":{"@type":"ImageObject","inLanguage":"en-US","@id":"https:\/\/stj-sy.org\/en\/#\/schema\/logo\/image\/","url":"https:\/\/stj-sy.org\/wp-content\/uploads\/2019\/05\/logo.png","contentUrl":"https:\/\/stj-sy.org\/wp-content\/uploads\/2019\/05\/logo.png","width":231,"height":70,"caption":"Syrians for Truth and Justice"},"image":{"@id":"https:\/\/stj-sy.org\/en\/#\/schema\/logo\/image\/"},"sameAs":["https:\/\/www.facebook.com\/SyriaSTJ\/","https:\/\/x.com\/STJ_SYRIA_ENG","https:\/\/www.instagram.com\/syrians_for_truth_and_justice\/","https:\/\/www.linkedin.com\/in\/syrians-for-truth-and-justice-8a0119172\/"]},{"@type":"Person","@id":"https:\/\/stj-sy.org\/en\/#\/schema\/person\/a2fd33978dc6e37e9c970d3003be6114","name":"communication","image":{"@type":"ImageObject","inLanguage":"en-US","@id":"https:\/\/stj-sy.org\/en\/#\/schema\/person\/image\/","url":"https:\/\/secure.gravatar.com\/avatar\/3286489a5c58069211660a59084c2d74cb161ba3ae3d7373192e1fb81dad274f?s=96&d=mm&r=g","contentUrl":"https:\/\/secure.gravatar.com\/avatar\/3286489a5c58069211660a59084c2d74cb161ba3ae3d7373192e1fb81dad274f?s=96&d=mm&r=g","caption":"communication"}}]}},"_links":{"self":[{"href":"https:\/\/stj-sy.org\/en\/wp-json\/wp\/v2\/posts\/15912","targetHints":{"allow":["GET"]}}],"collection":[{"href":"https:\/\/stj-sy.org\/en\/wp-json\/wp\/v2\/posts"}],"about":[{"href":"https:\/\/stj-sy.org\/en\/wp-json\/wp\/v2\/types\/post"}],"author":[{"embeddable":true,"href":"https:\/\/stj-sy.org\/en\/wp-json\/wp\/v2\/users\/12"}],"replies":[{"embeddable":true,"href":"https:\/\/stj-sy.org\/en\/wp-json\/wp\/v2\/comments?post=15912"}],"version-history":[{"count":3,"href":"https:\/\/stj-sy.org\/en\/wp-json\/wp\/v2\/posts\/15912\/revisions"}],"predecessor-version":[{"id":15920,"href":"https:\/\/stj-sy.org\/en\/wp-json\/wp\/v2\/posts\/15912\/revisions\/15920"}],"wp:featuredmedia":[{"embeddable":true,"href":"https:\/\/stj-sy.org\/en\/wp-json\/wp\/v2\/media\/15902"}],"wp:attachment":[{"href":"https:\/\/stj-sy.org\/en\/wp-json\/wp\/v2\/media?parent=15912"}],"wp:term":[{"taxonomy":"category","embeddable":true,"href":"https:\/\/stj-sy.org\/en\/wp-json\/wp\/v2\/categories?post=15912"},{"taxonomy":"post_tag","embeddable":true,"href":"https:\/\/stj-sy.org\/en\/wp-json\/wp\/v2\/tags?post=15912"}],"curies":[{"name":"wp","href":"https:\/\/api.w.org\/{rel}","templated":true}]}}